{"id":228354,"date":"2025-07-05T14:54:22","date_gmt":"2025-07-05T14:54:22","guid":{"rendered":"https:\/\/www.europesays.com\/fr\/228354\/"},"modified":"2025-07-05T14:54:22","modified_gmt":"2025-07-05T14:54:22","slug":"nancy-lycee-henri-poincare-bac-2025-mention-tres-bien-elina-kerobyan-18-ans-bac-general","status":"publish","type":"post","link":"https:\/\/www.europesays.com\/fr\/228354\/","title":{"rendered":"Nancy, lyc\u00e9e Henri-Poincar\u00e9 | Bac 2025 Mention Tr\u00e8s Bien. Elina Kerobyan, 18 ans, bac g\u00e9n\u00e9ral"},"content":{"rendered":"<p>Elina Kerobyan, 18 ans, habitant Nancy, a d\u00e9croch\u00e9 son bac g\u00e9n\u00e9ral avec mention tr\u00e8s bien. Passionn\u00e9e par les langues \u00e9trang\u00e8res, elle a obtenu la note de 20 en anglais monde contemporain (AMC), sa mati\u00e8re pr\u00e9f\u00e9r\u00e9e, et une moyenne g\u00e9n\u00e9rale de 16,15. Elle n&rsquo;en revenait pas et a cri\u00e9 de joie en d\u00e9couvrant sa mention, alors qu&rsquo;elle s&rsquo;attendait tout au plus \u00e0 une mention bien. Elina se pr\u00e9pare \u00e0 int\u00e9grer la facult\u00e9 de droit, parcours Common Law, \u00e0 Nancy. Elle pr\u00e9voit de passer le code et le permis cet \u00e9t\u00e9, tout en profitant des vacances.<\/p>\n<p>\u270e R\u00e9dig\u00e9 avec l&rsquo;aide d&rsquo;outils IA et v\u00e9rifi\u00e9 par un journaliste \ud83d\udec8 En savoir plus avec la charte IA d&rsquo;Ebra.<\/p>\n","protected":false},"excerpt":{"rendered":"Elina Kerobyan, 18 ans, habitant Nancy, a d\u00e9croch\u00e9 son bac g\u00e9n\u00e9ral avec mention tr\u00e8s bien. Passionn\u00e9e par les&hellip;\n","protected":false},"author":2,"featured_media":228355,"comment_status":"","ping_status":"","sticky":false,"template":"","format":"standard","meta":{"footnotes":""},"categories":[9635],"tags":[1111,11,36609,1704,1057,1777,674,10961,1011,27,775,1702,1703,12,25],"class_list":{"0":"post-228354","1":"post","2":"type-post","3":"status-publish","4":"format-standard","5":"has-post-thumbnail","7":"category-nancy","8":"tag-actu","9":"tag-actualites","10":"tag-baccalaureat-mention-tres-bien","11":"tag-edition-nancy-et-agglomeration","12":"tag-education","13":"tag-eu","14":"tag-europe","15":"tag-examen-diplome","16":"tag-fr","17":"tag-france","18":"tag-grand-est","19":"tag-nancy","20":"tag-nancy-ville-54b","21":"tag-news","22":"tag-republique-francaise"},"share_on_mastodon":{"url":"https:\/\/pubeurope.com\/@fr\/114801204498627469","error":""},"_links":{"self":[{"href":"https:\/\/www.europesays.com\/fr\/wp-json\/wp\/v2\/posts\/228354","targetHints":{"allow":["GET"]}}],"collection":[{"href":"https:\/\/www.europesays.com\/fr\/wp-json\/wp\/v2\/posts"}],"about":[{"href":"https:\/\/www.europesays.com\/fr\/wp-json\/wp\/v2\/types\/post"}],"author":[{"embeddable":true,"href":"https:\/\/www.europesays.com\/fr\/wp-json\/wp\/v2\/users\/2"}],"replies":[{"embeddable":true,"href":"https:\/\/www.europesays.com\/fr\/wp-json\/wp\/v2\/comments?post=228354"}],"version-history":[{"count":0,"href":"https:\/\/www.europesays.com\/fr\/wp-json\/wp\/v2\/posts\/228354\/revisions"}],"wp:featuredmedia":[{"embeddable":true,"href":"https:\/\/www.europesays.com\/fr\/wp-json\/wp\/v2\/media\/228355"}],"wp:attachment":[{"href":"https:\/\/www.europesays.com\/fr\/wp-json\/wp\/v2\/media?parent=228354"}],"wp:term":[{"taxonomy":"category","embeddable":true,"href":"https:\/\/www.europesays.com\/fr\/wp-json\/wp\/v2\/categories?post=228354"},{"taxonomy":"post_tag","embeddable":true,"href":"https:\/\/www.europesays.com\/fr\/wp-json\/wp\/v2\/tags?post=228354"}],"curies":[{"name":"wp","href":"https:\/\/api.w.org\/{rel}","templated":true}]}}