{"id":228364,"date":"2025-07-05T14:59:10","date_gmt":"2025-07-05T14:59:10","guid":{"rendered":"https:\/\/www.europesays.com\/fr\/228364\/"},"modified":"2025-07-05T14:59:10","modified_gmt":"2025-07-05T14:59:10","slug":"circulation-totalement-interrompue-entre-montpellier-et-sete","status":"publish","type":"post","link":"https:\/\/www.europesays.com\/fr\/228364\/","title":{"rendered":"circulation totalement interrompue entre Montpellier et S\u00e8te"},"content":{"rendered":"<p itemprop=\"description\">L&rsquo;autoroute A9 est totalement coup\u00e9e \u00e0 hauteur du kilom\u00e8tre 115 en raison d\u2019un incendie de v\u00e9g\u00e9tation. Le feu a saut\u00e9 les voies, provoquant une fermeture compl\u00e8te dans les deux sens entre Montpellier et S\u00e8te. D&rsquo;importants moyens de secours, dont a\u00e9riens, sont mobilis\u00e9s. La gendarmerie a interrompu la circulation, provoquant de longs bouchons.<\/p>\n<p>        Un feu de v\u00e9g\u00e9tation s\u2019est d\u00e9clar\u00e9 ce samedi vers 13h30 aux abords de l\u2019autoroute A9, \u00e0 hauteur de la commune de Fabr\u00e8gues, sous le massif de la Gardiole. Attis\u00e9es par le vent, les flammes ont fini par franchir les voies, contraignant les autorit\u00e9s \u00e0 fermer totalement l\u2019axe dans les deux sens \u00e0 partir de 15h25.<\/p>\n<p>Le feu, d\u2019abord pouss\u00e9 vers le nord, s\u2019est ensuite brutalement r\u00e9orient\u00e9 vers l\u2019autoroute en raison d\u2019un changement de vent. \u00ab\u202fIl y a eu une bascule, une brise marine qui est arriv\u00e9e\u202f\u00bb, a expliqu\u00e9 le g\u00e9n\u00e9ral \u00c9ric Flores, chef de corps des sapeurs-pompiers de l\u2019H\u00e9rault, sur Radio VINCI Autoroutes. \u00ab\u202fC\u2019est \u00e0 ce moment-l\u00e0 que le feu a travers\u00e9 l\u2019autoroute, ce qui a justifi\u00e9 sa fermeture.\u202f\u00bb<\/p>\n<p>Environ 200 pompiers sont mobilis\u00e9s sur le terrain, \u00e9paul\u00e9s par des moyens a\u00e9riens, dont des Canadairs. \u00ab\u202fLe vent tourne dans tous les sens, c\u2019est compliqu\u00e9\u202f\u00bb, a ajout\u00e9 le g\u00e9n\u00e9ral, soulignant la difficult\u00e9 d\u2019acc\u00e8s au massif. Plus de 30 hectares de v\u00e9g\u00e9tation sont d\u00e9j\u00e0 partis en fum\u00e9e.<\/p>\n<p>Cette fermeture a provoqu\u00e9 de fortes perturbations\u202f: de longs bouchons se sont rapidement form\u00e9s en direction de Lyon comme de Barcelone. Les automobilistes sont invit\u00e9s \u00e0 emprunter le r\u00e9seau secondaire pour \u00e9viter de rester bloqu\u00e9s. \u00c0 ce stade, aucune estimation de r\u00e9ouverture n\u2019a \u00e9t\u00e9 communiqu\u00e9e par les services de secours.    <\/p>\n","protected":false},"excerpt":{"rendered":"L&rsquo;autoroute A9 est totalement coup\u00e9e \u00e0 hauteur du kilom\u00e8tre 115 en raison d\u2019un incendie de v\u00e9g\u00e9tation. Le feu&hellip;\n","protected":false},"author":2,"featured_media":228365,"comment_status":"","ping_status":"","sticky":false,"template":"","format":"standard","meta":{"footnotes":""},"categories":[9599],"tags":[1111,11,6955,3542,36078,2834,1777,674,1011,27,16714,1310,27778,2208,12,2680,25,14042,9425],"class_list":{"0":"post-228364","1":"post","2":"type-post","3":"status-publish","4":"format-standard","5":"has-post-thumbnail","7":"category-montpellier","8":"tag-actu","9":"tag-actualites","10":"tag-autoroute","11":"tag-circulation","12":"tag-coupee","13":"tag-entre","14":"tag-eu","15":"tag-europe","16":"tag-fr","17":"tag-france","18":"tag-hauteur","19":"tag-incendie","20":"tag-interrompue","21":"tag-montpellier","22":"tag-news","23":"tag-occitanie","24":"tag-republique-francaise","25":"tag-sete","26":"tag-totalement"},"share_on_mastodon":{"url":"https:\/\/pubeurope.com\/@fr\/114801224164847225","error":""},"_links":{"self":[{"href":"https:\/\/www.europesays.com\/fr\/wp-json\/wp\/v2\/posts\/228364","targetHints":{"allow":["GET"]}}],"collection":[{"href":"https:\/\/www.europesays.com\/fr\/wp-json\/wp\/v2\/posts"}],"about":[{"href":"https:\/\/www.europesays.com\/fr\/wp-json\/wp\/v2\/types\/post"}],"author":[{"embeddable":true,"href":"https:\/\/www.europesays.com\/fr\/wp-json\/wp\/v2\/users\/2"}],"replies":[{"embeddable":true,"href":"https:\/\/www.europesays.com\/fr\/wp-json\/wp\/v2\/comments?post=228364"}],"version-history":[{"count":0,"href":"https:\/\/www.europesays.com\/fr\/wp-json\/wp\/v2\/posts\/228364\/revisions"}],"wp:featuredmedia":[{"embeddable":true,"href":"https:\/\/www.europesays.com\/fr\/wp-json\/wp\/v2\/media\/228365"}],"wp:attachment":[{"href":"https:\/\/www.europesays.com\/fr\/wp-json\/wp\/v2\/media?parent=228364"}],"wp:term":[{"taxonomy":"category","embeddable":true,"href":"https:\/\/www.europesays.com\/fr\/wp-json\/wp\/v2\/categories?post=228364"},{"taxonomy":"post_tag","embeddable":true,"href":"https:\/\/www.europesays.com\/fr\/wp-json\/wp\/v2\/tags?post=228364"}],"curies":[{"name":"wp","href":"https:\/\/api.w.org\/{rel}","templated":true}]}}