{"id":228387,"date":"2025-07-05T15:14:10","date_gmt":"2025-07-05T15:14:10","guid":{"rendered":"https:\/\/www.europesays.com\/fr\/228387\/"},"modified":"2025-07-05T15:14:10","modified_gmt":"2025-07-05T15:14:10","slug":"toulouse-un-nouveau-bar-et-restaurant-a-ciel-ouvert-ouvre-dans-ce-cadre-dexception","status":"publish","type":"post","link":"https:\/\/www.europesays.com\/fr\/228387\/","title":{"rendered":"Toulouse. Un nouveau bar et restaurant \u00e0 ciel ouvert ouvre dans ce cadre d&rsquo;exception"},"content":{"rendered":"<p>            Par<br \/>\n        <strong><br \/>\n            <a href=\"https:\/\/actu.fr\/auteur\/guillaume-laurens\" title=\"Consulter tous les articles de Guillaume Laurens\" target=\"_blank\" rel=\"noopener\">Guillaume Laurens<\/a><br \/>\n        <\/strong><\/p>\n<p>        Publi\u00e9 le<\/p>\n<p>            5 juil. 2025 \u00e0 16h20<br \/>\n        ; mis \u00e0 jour le 5 juil. 2025 \u00e0 16h35    <\/p>\n<p>Alors que <a href=\"https:\/\/actu.fr\/tag\/guinguettes-a-toulouse\" target=\"_blank\" rel=\"noopener\">les guinguettes<\/a> pullulent et sont presque tomb\u00e9es dans la norme \u00e0 <a href=\"https:\/\/actu.fr\/toulouse\/\" target=\"_blank\" rel=\"noopener\">Toulouse<\/a>, <strong>Maison Pergo,<\/strong> le groupe de restauration g\u00e9r\u00e9 par <a href=\"https:\/\/actu.fr\/occitanie\/toulouse_31555\/toulouse-bonnes-adresses-les-lieux-preferes-de-thomas-fantini-fondateur-d-un-grand-groupe-de-restauration_61597527.html\" target=\"_blank\" rel=\"noopener\"><strong>Thomas Fantini<\/strong><\/a>, innove en cet \u00e9t\u00e9 2025 et d\u00e9voile un tout nouveau projet : <strong>La Cadence<\/strong>, un <strong>bar<\/strong> et <strong>restaurant \u00e0 ciel ouvert,<\/strong> nich\u00e9 dans un cadre verdoyant, avec vue imprenable\u2026 sur les pistes de <strong>l\u2019Hippodrome de Toulouse<\/strong>. Ouverture annonc\u00e9e ce mardi 8 juillet 2025.<\/p>\n<p>100 places assises en plein air \u00e0 La Cadence<\/p>\n<p class=\" wall-content\">Tout nouvel \u00e9tablissement estival, La Cadence sera donc ouvert mardi\u00a0par Maison Pergo, <a href=\"https:\/\/actu.fr\/occitanie\/toulouse_31555\/toulouse-avec-l-une-des-plus-belles-vues-de-la-ville-ce-restaurant-prend-un-nouvel-elan_60112304.html\" target=\"_blank\" rel=\"noopener\">qui exploite d\u00e9j\u00e0 Le Panoramique, le restaurant (int\u00e9rieur) de l\u2019Hippodrome<\/a>. Cet espace en plein air, situ\u00e9 au bien-nomm\u00e9 chemin des Courses \u00e0 <strong>Toulouse<\/strong>, propose <strong>plus de 100 places assises<\/strong>. Le tout \u00ab\u00a0dans une ambiance conviviale et une carte gourmande pens\u00e9e pour \u00eatre partag\u00e9e\u2026 ou pas\u00a0\u00bb, sourit <strong>Marie Benages<\/strong>, responsable de l\u2019\u00e9tablissement. \u00c0 La Cadence, elle promet une \u00ab\u00a0exp\u00e9rience culinaire\u00a0\u00bb, avec \u00ab\u00a0une cuisson au brasero, des plats frais, g\u00e9n\u00e9reux et festifs, dans un esprit de partage et de simplicit\u00e9\u00a0\u00bb.<\/p>\n<p>Ambiance \u00ab\u00a0ann\u00e9es 80\u00a0\u00bb<\/p>\n<p class=\" wall-content\">L\u2019\u00e9tablissement se veut <strong>plus cosy<\/strong> (et plus discret ?) que celui exploit\u00e9 au m\u00eame endroit par son pr\u00e9d\u00e9cesseur, le tr\u00e8s en vogue <strong>Poney Club<\/strong>, dont <a href=\"https:\/\/actu.fr\/occitanie\/toulouse_31555\/toulouse-cette-celebre-guinguette-discotheque-va-definitivement-fermer-ses-portes-en-septembre_53205533.html\" target=\"_blank\" rel=\"noopener\">l\u2019installation ici avait fait grand bruit<\/a>, jusqu\u2019\u00e0 sa fermeture pr\u00e9cipit\u00e9e <a href=\"https:\/\/actu.fr\/occitanie\/blagnac_31069\/toulouse-le-poney-club-a-trouve-un-nouveau-et-etonnant-point-de-chute-cet-ete_59473732.html\" target=\"_blank\" rel=\"noopener\">avant son d\u00e9m\u00e9nagement l\u2019\u00e9t\u00e9 d\u2019apr\u00e8s sur un parking de l\u2019a\u00e9roport<\/a>. La Cadence est partie sur une autre piste, et Marie Benages d\u00e9crit <strong>une ambiance \u00ab\u00a0r\u00e9tro joyeuse\u00a0\u00bb, <\/strong>digne des<strong> \u00ab\u00a0ann\u00e9es 80\u00a0\u00bb.<\/strong><\/p>\n<blockquote class=\"ac-article-quote wall-content\">\n<p>La Cadence s\u2019inspire des\u00a0ann\u00e9es 80, avec une touche r\u00e9tro joyeuse qui rythme toute l\u2019atmosph\u00e8re du lieu, aussi bien dans la d\u00e9co que dans l\u2019ambiance musicale.<\/p>\n<p>    <strong>Marie Benages<\/strong><br \/>\n        Responsable de La Cadence    <\/p><\/blockquote>\n<p>Avec une aire de jeux pour enfants<\/p>\n<p class=\" wall-content\">L\u2019\u00e9tablissement sera ouvert tous les soirs jusqu\u2019\u00e0 minuit du mercredi au vendredi, midi et soir le samedi, et seulement \u00e0 midi le dimanche. Les <strong>familles <\/strong>seront aussi les bienvenues dans ce bar-restaurant estival, d\u2019autant qu\u2019une <strong>aire de jeux<\/strong> a \u00e9t\u00e9 pr\u00e9vue pour les enfants, \u00ab\u00a0afin que chacun puisse profiter pleinement du moment\u00a0\u00bb, souligne Marie Benages. Tout pr\u00e8s du p\u00e9riph\u00e9rique et du tramway, le site est facile d\u2019acc\u00e8s et dispose d\u2019un parking gratuit.<\/p>\n<p><strong>Infos pratiques :<\/strong><br \/>La Cadence<br \/> 1 chemin des Courses \u00e0 Toulouse<br \/>\nOuverture mardi 8 juillet 2025<br \/>\nOuvert du mercredi au vendredi de 17 heures \u00e0 minuit, le samedi de 12 heures \u00e0 minuit, le dimanche de 12 heures \u00e0 18 heures. Ferm\u00e9 les lundis et mardis.<br \/>\nPlus d\u2019infos et programmation estivale sur <a href=\"https:\/\/www.instagram.com\/lacadencepergo\/\" target=\"_blank\" rel=\"noopener\">le compte Instagram de l\u2019\u00e9tablissement<\/a>Vid\u00e9os : en ce moment sur Actu<br \/>\n    <a href=\"https:\/\/www.google.com\/maps\/embed?pb=!1m18!1m12!1m3!1d5779.513273904878!2d1.398665311670587!3d43.590785167628404!2m3!1f0!2f0!3f0!3m2!1i1024!2i768!4f13.1!3m3!1m2!1s0x12aebafff148216b%3A0x2c494c37e80b6f80!2s1%20Chem.%20des%20Courses%2C%2031100%20Toulouse!5e0!3m2!1sfr!2sfr!4v1751635248245!5m2!1sfr!2sfr\" title=\"Ouvrie le lien\" target=\"_blank\" rel=\"noopener\">Cliquez ici pour visualiser le contenu<\/a><\/p>\n<p class=\" wall-content\">Suivez toute l\u2019actualit\u00e9 de vos villes et m\u00e9dias favoris en vous inscrivant \u00e0 <a href=\"https:\/\/moncompte.actu.fr\" title=\"D\u00e9couvez Mon Actu\" rel=\"nofollow noopener\" data-trk=\"{&quot;cta&quot;:{&quot;action&quot;:&quot;https:\\\/\\\/moncompte.actu.fr&quot;,&quot;category&quot;:&quot;mon compte&quot;,&quot;from&quot;:&quot;article footer&quot;,&quot;name&quot;:&quot;Mon actu&quot;,&quot;type&quot;:&quot;cta&quot;}}\" target=\"_blank\">Mon Actu<\/a>.<\/p>\n<p>                    <script async src=\"\/\/www.instagram.com\/embed.js\"><\/script><\/p>\n","protected":false},"excerpt":{"rendered":"Par Guillaume Laurens Publi\u00e9 le 5 juil. 2025 \u00e0 16h20 ; mis \u00e0 jour le 5 juil. 2025&hellip;\n","protected":false},"author":2,"featured_media":228388,"comment_status":"","ping_status":"","sticky":false,"template":"","format":"standard","meta":{"footnotes":""},"categories":[2816],"tags":[1111,11,1777,674,1011,27,1652,12,2680,25,2850,2312],"class_list":{"0":"post-228387","1":"post","2":"type-post","3":"status-publish","4":"format-standard","5":"has-post-thumbnail","7":"category-toulouse","8":"tag-actu","9":"tag-actualites","10":"tag-eu","11":"tag-europe","12":"tag-fr","13":"tag-france","14":"tag-loisirs-culture","15":"tag-news","16":"tag-occitanie","17":"tag-republique-francaise","18":"tag-restaurants-de-toulouse","19":"tag-toulouse"},"share_on_mastodon":{"url":"https:\/\/pubeurope.com\/@fr\/114801283196160386","error":""},"_links":{"self":[{"href":"https:\/\/www.europesays.com\/fr\/wp-json\/wp\/v2\/posts\/228387","targetHints":{"allow":["GET"]}}],"collection":[{"href":"https:\/\/www.europesays.com\/fr\/wp-json\/wp\/v2\/posts"}],"about":[{"href":"https:\/\/www.europesays.com\/fr\/wp-json\/wp\/v2\/types\/post"}],"author":[{"embeddable":true,"href":"https:\/\/www.europesays.com\/fr\/wp-json\/wp\/v2\/users\/2"}],"replies":[{"embeddable":true,"href":"https:\/\/www.europesays.com\/fr\/wp-json\/wp\/v2\/comments?post=228387"}],"version-history":[{"count":0,"href":"https:\/\/www.europesays.com\/fr\/wp-json\/wp\/v2\/posts\/228387\/revisions"}],"wp:featuredmedia":[{"embeddable":true,"href":"https:\/\/www.europesays.com\/fr\/wp-json\/wp\/v2\/media\/228388"}],"wp:attachment":[{"href":"https:\/\/www.europesays.com\/fr\/wp-json\/wp\/v2\/media?parent=228387"}],"wp:term":[{"taxonomy":"category","embeddable":true,"href":"https:\/\/www.europesays.com\/fr\/wp-json\/wp\/v2\/categories?post=228387"},{"taxonomy":"post_tag","embeddable":true,"href":"https:\/\/www.europesays.com\/fr\/wp-json\/wp\/v2\/tags?post=228387"}],"curies":[{"name":"wp","href":"https:\/\/api.w.org\/{rel}","templated":true}]}}