{"id":228391,"date":"2025-07-05T15:16:08","date_gmt":"2025-07-05T15:16:08","guid":{"rendered":"https:\/\/www.europesays.com\/fr\/228391\/"},"modified":"2025-07-05T15:16:08","modified_gmt":"2025-07-05T15:16:08","slug":"bon-plan-des-ventes-de-vinyles-tout-au-long-de-lete-a-lille","status":"publish","type":"post","link":"https:\/\/www.europesays.com\/fr\/228391\/","title":{"rendered":"Bon plan. Des ventes de vinyles tout au long de l\u2019\u00e9t\u00e9 \u00e0 Lille"},"content":{"rendered":"<p>            Par<br \/>\n        <strong><br \/>\n            <a href=\"https:\/\/actu.fr\/auteur\/amandine-vachez\" title=\"Consulter tous les articles de Amandine Vachez\" rel=\"nofollow noopener\" target=\"_blank\">Amandine Vachez<\/a><br \/>\n        <\/strong><\/p>\n<p>        Publi\u00e9 le<\/p>\n<p>            5 juil. 2025 \u00e0 16h22        <\/p>\n<p>\u00ab\u2009On ne laissera pas <a href=\"https:\/\/actu.fr\/lille\/\" rel=\"nofollow noopener\" target=\"_blank\">Lille<\/a> sans vinyles cet \u00e9t\u00e9\u2009\u00bb, annonce Eddy, qui envoie r\u00e9guli\u00e8rement des rappels \u00ab\u2009bons plans\u2009\u00bb \u00e0 la r\u00e9dac\u2019 de Lille actu. Cette fois-ci, il \u00e9voque un \u00e9t\u00e9 riche en<b> ventes de vinyles<\/b>. Le programme de<b> juillet et ao\u00fbt\u00a02025.<\/b><\/p>\n<p>Des milliers de disques de tous les styles<\/p>\n<p class=\" wall-content\">Au programme\u2009: \u00ab\u2009Des milliers de disques et toujours la m\u00eame devise\u2009: tous les styles \u00e0 prix styl\u00e9s.\u2009\u00bb Pop, rock, techno, house, punk, reggae, new wave, jazz, bossa\u2026 Il y en aura pour tous les go\u00fbts. Et surtout, de belles pochettes soign\u00e9es comme savent les appr\u00e9cier les connaisseurs.<\/p>\n<p class=\" wall-content\">Voici l\u2019agenda\u2009:<\/p>\n<ul class=\" wall-content\">\n<li>Mercredi 16 juillet \u2013 Bistrot de Saint-So \u2013 16\u2009h\/22\u2009h \u2013 Dj Pass aux platines. Pour plus d\u2019infos, <a href=\"https:\/\/www.facebook.com\/events\/1030558189249524\" rel=\"nofollow noopener\" target=\"_blank\">consultez l\u2019\u00e9v\u00e9nement Facebook<\/a>.<\/li>\n<li>Samedi 26\u00a0juillet \u2013 Bar du Singe Savant \u2013 11\u2009h\/18\u2009h. Les infos pratiques sont disponibles <a href=\"https:\/\/www.facebook.com\/events\/604681569340672\" rel=\"nofollow noopener\" target=\"_blank\">sur l\u2019\u00e9v\u00e9nement Facebook<\/a>.<\/li>\n<li>Dimanche 10\u00a0ao\u00fbt \u2013 Jost H\u00f4tel \u2013 13\u2009h\/18\u2009h.<\/li>\n<li>Mercredi 27 ao\u00fbt \u2013 Bistrot de Saint-So \u2013 16\u2009h\/22\u2009h.<\/li>\n<\/ul>\n<p class=\" wall-content\">De quoi remplir votre collection ou faire plaisir\u2009!<\/p>\n<p>Vid\u00e9os : en ce moment sur Actu<\/p>\n<p class=\" wall-content\">Suivez toute l\u2019actualit\u00e9 de vos villes et m\u00e9dias favoris en vous inscrivant \u00e0 <a href=\"https:\/\/moncompte.actu.fr\" title=\"D\u00e9couvez Mon Actu\" rel=\"nofollow noopener\" data-trk=\"{&quot;cta&quot;:{&quot;action&quot;:&quot;https:\\\/\\\/moncompte.actu.fr&quot;,&quot;category&quot;:&quot;mon compte&quot;,&quot;from&quot;:&quot;article footer&quot;,&quot;name&quot;:&quot;Mon actu&quot;,&quot;type&quot;:&quot;cta&quot;}}\" target=\"_blank\">Mon Actu<\/a>.<\/p>\n","protected":false},"excerpt":{"rendered":"Par Amandine Vachez Publi\u00e9 le 5 juil. 2025 \u00e0 16h22 \u00ab\u2009On ne laissera pas Lille sans vinyles cet&hellip;\n","protected":false},"author":2,"featured_media":228392,"comment_status":"","ping_status":"","sticky":false,"template":"","format":"standard","meta":{"footnotes":""},"categories":[2815],"tags":[1111,11,677,1777,674,1011,27,811,1307,1652,12,25],"class_list":{"0":"post-228391","1":"post","2":"type-post","3":"status-publish","4":"format-standard","5":"has-post-thumbnail","7":"category-lille","8":"tag-actu","9":"tag-actualites","10":"tag-bons-plans","11":"tag-eu","12":"tag-europe","13":"tag-fr","14":"tag-france","15":"tag-hauts-de-france","16":"tag-lille","17":"tag-loisirs-culture","18":"tag-news","19":"tag-republique-francaise"},"share_on_mastodon":{"url":"https:\/\/pubeurope.com\/@fr\/114801291160202694","error":""},"_links":{"self":[{"href":"https:\/\/www.europesays.com\/fr\/wp-json\/wp\/v2\/posts\/228391","targetHints":{"allow":["GET"]}}],"collection":[{"href":"https:\/\/www.europesays.com\/fr\/wp-json\/wp\/v2\/posts"}],"about":[{"href":"https:\/\/www.europesays.com\/fr\/wp-json\/wp\/v2\/types\/post"}],"author":[{"embeddable":true,"href":"https:\/\/www.europesays.com\/fr\/wp-json\/wp\/v2\/users\/2"}],"replies":[{"embeddable":true,"href":"https:\/\/www.europesays.com\/fr\/wp-json\/wp\/v2\/comments?post=228391"}],"version-history":[{"count":0,"href":"https:\/\/www.europesays.com\/fr\/wp-json\/wp\/v2\/posts\/228391\/revisions"}],"wp:featuredmedia":[{"embeddable":true,"href":"https:\/\/www.europesays.com\/fr\/wp-json\/wp\/v2\/media\/228392"}],"wp:attachment":[{"href":"https:\/\/www.europesays.com\/fr\/wp-json\/wp\/v2\/media?parent=228391"}],"wp:term":[{"taxonomy":"category","embeddable":true,"href":"https:\/\/www.europesays.com\/fr\/wp-json\/wp\/v2\/categories?post=228391"},{"taxonomy":"post_tag","embeddable":true,"href":"https:\/\/www.europesays.com\/fr\/wp-json\/wp\/v2\/tags?post=228391"}],"curies":[{"name":"wp","href":"https:\/\/api.w.org\/{rel}","templated":true}]}}