{"id":228395,"date":"2025-07-05T15:18:10","date_gmt":"2025-07-05T15:18:10","guid":{"rendered":"https:\/\/www.europesays.com\/fr\/228395\/"},"modified":"2025-07-05T15:18:10","modified_gmt":"2025-07-05T15:18:10","slug":"marseille-confidentiels-le-successeur-de-nora-preziosi-designe-le-9-juillet","status":"publish","type":"post","link":"https:\/\/www.europesays.com\/fr\/228395\/","title":{"rendered":"Marseille confidentiels. Le successeur de Nora Preziosi d\u00e9sign\u00e9 le 9\u00a0juillet"},"content":{"rendered":"<p>Le successeur de Nora Preziosi d\u00e9sign\u00e9 le 9\u00a0juillet<\/p>\n<p>La page <a href=\"https:\/\/www.laprovence.com\/article\/politique\/1101516765702914\/on-ne-me-jette-pas-comme-ca-nora-preziosi-denonce-son-depart-contraint-de-13-habitat-en-pleniere-au-departement\" target=\"_blank\" rel=\"noopener\">Nora Preziosi<\/a> va d\u00e9finitivement se tourner le 9\u00a0juillet \u00e0 13 Habitat. Selon les informations de\u00a0La Provence, c\u2019est la date \u00e0 laquelle a \u00e9t\u00e9 convoqu\u00e9 le conseil d\u2019administration du bailleur social qui doit \u00e9lire son nouveau pr\u00e9sident. Toujours selon nos informations, le conseiller d\u00e9partemental d\u2019Aix-2, <strong><a href=\"https:\/\/www.laprovence.com\/article\/politique\/2442797452722115\/13-habitat-nora-preziosi-evincee-jean-marc-perrin-en-piste-pour-la-remplacer-a-la-presidence\" target=\"_blank\" rel=\"noopener\">Jean-Marc Perrin<\/a> (DVD), est en bonne position pour devenir le nouveau patron<\/strong> du principal office HLM des Bouches-du-Rh\u00f4ne avec ses 35\u00a0000 logements sociaux.<\/p>\n<p>Il succ\u00e9derait \u00e0 <a href=\"https:\/\/www.laprovence.com\/article\/politique\/27241375665433\/nora-preziosi-evincee-de-13-habitat-je-ne-suis-pas-une-femme-que-l-on-fait-taire\" target=\"_blank\" rel=\"noopener\">Nora Preziosi, \u00e9cart\u00e9e le 27\u00a0juin<\/a> par la pr\u00e9sidente du D\u00e9partement, Martine Vassal (DVD), \u00e0 la suite d\u2019une s\u00e9rie de r\u00e9v\u00e9lations, de l\u2019ouverture d\u2019une enqu\u00eate pr\u00e9liminaire du parquet pour des<strong> soup\u00e7ons de prise ill\u00e9gale d\u2019int\u00e9r\u00eats<\/strong> et\u00a0des conclusions de l\u2019Ancols, le gendarme du logement social, sur <a href=\"https:\/\/www.laprovence.com\/article\/region\/43518060542452\/info-la-provence-conflits-dinterets-marches-publics-confies-a-des-proches-le-rapport-qui-accable-13-habitat-premier-bailleur-social-des-bouches-du-rhone\" target=\"_blank\" rel=\"noopener\">la gestion de 13 Habitat<\/a>. La conseill\u00e8re d\u00e9partementale (DVD) avait alors vivement contest\u00e9 sa mise \u00e0 l\u2019\u00e9cart. \u00ab\u00a0Je ne l\u00e2cherai pas. <strong>Moi, on ne me jette pas comme \u00e7a<\/strong>\u00ab\u00a0, avait-elle lanc\u00e9 \u00e0 Martine Vassal, alors absente de l\u2019h\u00e9micycle du Bateau bleu pendant la s\u00e9ance pl\u00e9ni\u00e8re du Conseil d\u00e9partemental.<\/p>\n<p>Data centers\u00a0: la revanche de S\u00e9bastien Barles<\/p>\n<p>En\u00a02021, <a href=\"https:\/\/www.laprovence.com\/article\/elections\/17411892287612\/municipales-a-marseille-pour-lavoir-joue-trop-solo-sebastien-barles-suspendu-deelv\" target=\"_blank\" rel=\"noopener\">S\u00e9bastien Barles (EELV)<\/a> s\u2019\u00e9tait trouv\u00e9 bien seul face \u00e0 la droite lorsqu\u2019il r\u00e9clamait <strong>une \u00ab\u00a0taxe Tobin\u00a0\u00bb sur les data centers<\/strong> install\u00e9s sur le territoire du Grand Port maritime de Marseille (GPMM). Quatre ans plus tard, les positions ont boug\u00e9. Lundi 30\u00a0juin, la M\u00e9tropole a pos\u00e9 un premier acte pour encadrer ces \u00ab\u00a0usines \u00e0 donn\u00e9es\u00a0\u00bb qui r\u00e9ceptionnent des milliards d\u2019octets transmis par les <strong>18 c\u00e2bles sous-marins qui arrivent \u00e0 Marseille<\/strong>. Ces \u00ab\u00a0orientations strat\u00e9giques territoriales pour un accueil vertueux des data centers\u00a0\u00bb prennent le contre-pied des positions longtemps tenues par la droite marseillaise.<\/p>\n<p>\u00ab\u00a0Fiscalement et sur le nombre d\u2019emplois, ces data centers apportent peu \u00e0 la M\u00e9tropole. Soit ils vont h\u00e9berger des donn\u00e9es \u00e9trang\u00e8res et c\u2019est grave, parce qu\u2019ils sont des consommateurs d\u2019\u00e9nergie \u00e9normes dans une r\u00e9gion d\u00e9j\u00e0 d\u00e9ficitaire. Soit c\u2019est une entreprise \u00e9trang\u00e8re et je m\u2019interroge sur la fiabilit\u00e9, parce qu\u2019on parle de donn\u00e9es\u00a0\u00bb, a soulign\u00e9\u00a0Richard Malli\u00e9 (LR), maire d\u00e9missionnaire de Bouc-Bel-Air. Pour une fois en accord avec la gauche marseillaise qui, par la voix d\u2019Eric Semerdjian (PM), soulignait\u00a0: \u00ab\u00a0Il \u00e9tait grand temps de nous saisir d\u2019un sujet aussi important que l\u2019implantation de data centers.\u00a0\u00bb<\/p>\n<p>Quand Reconqu\u00eate va se faire cuire un \u0153uf<\/p>\n<p>Pour critiquer la min\u00e9ralit\u00e9 de <a href=\"https:\/\/www.laprovence.com\/article\/region\/46130609459605\/le-nouvelle-place-castellane-inauguree-en-fanfare-ce-samedi-a-marseille\" target=\"_blank\" rel=\"noopener\">la nouvelle place Castellane<\/a>, r\u00e9cemment inaugur\u00e9e par Martine Vassal et la M\u00e9tropole, et la chaleur qu\u2019elle entra\u00eene, <strong>Jean-Marc Graffeo est litt\u00e9ralement all\u00e9 se faire cuire un \u0153uf<\/strong> sur les pav\u00e9s de pierre calcaire tout juste pos\u00e9s.<\/p>\n<p>Sur la vid\u00e9o post\u00e9e mercredi 2\u00a0juillet sur X, on peut voir le d\u00e9l\u00e9gu\u00e9 d\u00e9partemental de Reconqu\u00eate, le parti d\u2019\u00c9ric Zemmour, devant la fontaine Cantini, une po\u00eale pos\u00e9e \u00e0 ses pieds. \u00ab\u00a0Il n\u2019y a malheureusement pas d\u2019ombre\u00a0\u00bb, d\u00e9plore-t-il. \u00ab\u00a0C\u2019est une place o\u00f9 vous ne faites que passer et pour cause, si vous vous y arr\u00eatez, vous vous retrouverez comme cet \u0153uf\u00a0\u00bb, poursuit-il, sans rire. Notons toutefois qu\u2019\u00e0 la fin de sa vid\u00e9o d\u20191 minute 40, son \u0153uf au plat ne semble pas tout \u00e0 fait cuit\u2026<\/p>\n<p>Sy.P.<br \/>\nUne G\u00e9n\u00e9ration pour Marseille insiste sur le \u00ab\u00a0g\u00e2chis\u00a0\u00bb du Plan \u00e9coles<\/p>\n<p>Selon Une G\u00e9n\u00e9ration pour Marseille, \u00ab\u00a0\u00e0 la lumi\u00e8re de la canicule, le g\u00e2chis du volet \u00e9coles du Marseille en grand est incontestable\u00a0\u00bb. Dans un communiqu\u00e9, le collectif de droite et du centre juge qu'\u00a0\u00bbun grand nombre d\u2019\u00e9coliers marseillais, frapp\u00e9s aujourd\u2019hui par la chaleur extr\u00eame, seraient aujourd\u2019hui \u00e9pargn\u00e9s\u00a0\u00bb si \u00ab\u00a0la mairie (avait) pu tenir sa promesse de 80 \u00e9coles neuves ou r\u00e9nov\u00e9es, au lieu des 15 p\u00e9niblement atteintes avant la fin du mandat\u00a0\u00bb.<\/p>\n<p>Comme une r\u00e9ponse, le texte reprend m\u00eame le terme \u00ab\u00a0ind\u00e9fendable\u00a0\u00bb employ\u00e9 par <a href=\"https:\/\/www.laprovence.com\/article\/politique\/2735163233836414\/prolongation-de-la-fermeture-du-metro-a-marseille-nouvelle-passe-d-armes-entre-martine-vassal-et-benoit-payan\" target=\"_blank\" rel=\"noopener\">Beno\u00eet Payan<\/a> au sujet du report de la r\u00e9ouverture nocturne du m\u00e9tro\u2026<\/p>\n<p>Le Comit\u00e9 des usagers des transports d\u00e9nonce \u00ab\u00a0l\u2019incomp\u00e9tence\u00a0\u00bb de la M\u00e9tropole<\/p>\n<p>Apr\u00e8s l\u2019annonce du report de plusieurs mois de la fin de la fermeture du m\u00e9tro \u00e0 21h30, le Comit\u00e9 des usagers des transports marseillais r\u00e9clame \u00ab\u00a0des explications et une rencontre en urgence \u00e0 la M\u00e9tropole\u00a0\u00bb, estime son pr\u00e9sident, Nicolas Hue.<\/p>\n<p>Dans un communiqu\u00e9 intitul\u00e9 \u00ab\u00a0M\u00e9tro c\u2019est trop\u00a0\u00bb, le CUTM s\u2019insurge \u00e0 l\u2019intention de Martine Vassal\u00a0: \u00ab\u00a0Si nous rajoutons \u00e0 cela l\u2019insalubrit\u00e9 des stations et des rames, les gr\u00e8ves qui s\u2019annoncent en raison de votre d\u00e9faut de communication avec les personnels, c\u2019est trop\u00a0!\u00a0\u00bb<\/p>\n","protected":false},"excerpt":{"rendered":"Le successeur de Nora Preziosi d\u00e9sign\u00e9 le 9\u00a0juillet La page Nora Preziosi va d\u00e9finitivement se tourner le 9\u00a0juillet&hellip;\n","protected":false},"author":2,"featured_media":228396,"comment_status":"","ping_status":"","sticky":false,"template":"","format":"standard","meta":{"footnotes":""},"categories":[2814],"tags":[17,1111,11,2826,9808,1777,674,1011,27,2868,884,12,16264,16265,882,16,25,36694],"class_list":{"0":"post-228395","1":"post","2":"type-post","3":"status-publish","4":"format-standard","5":"has-post-thumbnail","7":"category-marseille","8":"tag-17","9":"tag-actu","10":"tag-actualites","11":"tag-confidentiels","12":"tag-designe","13":"tag-eu","14":"tag-europe","15":"tag-fr","16":"tag-france","17":"tag-juillet","18":"tag-marseille","19":"tag-news","20":"tag-nora","21":"tag-preziosi","22":"tag-provence-alpes-cote-dazur","23":"tag-region","24":"tag-republique-francaise","25":"tag-successeur"},"share_on_mastodon":{"url":"https:\/\/pubeurope.com\/@fr\/114801298936182174","error":""},"_links":{"self":[{"href":"https:\/\/www.europesays.com\/fr\/wp-json\/wp\/v2\/posts\/228395","targetHints":{"allow":["GET"]}}],"collection":[{"href":"https:\/\/www.europesays.com\/fr\/wp-json\/wp\/v2\/posts"}],"about":[{"href":"https:\/\/www.europesays.com\/fr\/wp-json\/wp\/v2\/types\/post"}],"author":[{"embeddable":true,"href":"https:\/\/www.europesays.com\/fr\/wp-json\/wp\/v2\/users\/2"}],"replies":[{"embeddable":true,"href":"https:\/\/www.europesays.com\/fr\/wp-json\/wp\/v2\/comments?post=228395"}],"version-history":[{"count":0,"href":"https:\/\/www.europesays.com\/fr\/wp-json\/wp\/v2\/posts\/228395\/revisions"}],"wp:featuredmedia":[{"embeddable":true,"href":"https:\/\/www.europesays.com\/fr\/wp-json\/wp\/v2\/media\/228396"}],"wp:attachment":[{"href":"https:\/\/www.europesays.com\/fr\/wp-json\/wp\/v2\/media?parent=228395"}],"wp:term":[{"taxonomy":"category","embeddable":true,"href":"https:\/\/www.europesays.com\/fr\/wp-json\/wp\/v2\/categories?post=228395"},{"taxonomy":"post_tag","embeddable":true,"href":"https:\/\/www.europesays.com\/fr\/wp-json\/wp\/v2\/tags?post=228395"}],"curies":[{"name":"wp","href":"https:\/\/api.w.org\/{rel}","templated":true}]}}