{"id":228399,"date":"2025-07-05T15:20:09","date_gmt":"2025-07-05T15:20:09","guid":{"rendered":"https:\/\/www.europesays.com\/fr\/228399\/"},"modified":"2025-07-05T15:20:09","modified_gmt":"2025-07-05T15:20:09","slug":"gregory-doucet-repond-aux-mensonges-de-jean-michel-aulas","status":"publish","type":"post","link":"https:\/\/www.europesays.com\/fr\/228399\/","title":{"rendered":"Gr\u00e9gory Doucet r\u00e9pond aux \u00ab\u00a0mensonges\u00a0\u00bb de Jean-Michel Aulas"},"content":{"rendered":"<p>Au-del\u00e0 de louer son bilan professionnel et \u00e0 la t\u00eate de l&rsquo;OL, le maire \u00e9cologiste de Lyon n&rsquo;avait gu\u00e8re de cartouches \u00e0 distribuer.<\/p>\n<p>Mais la donne a chang\u00e9, avec la prolif\u00e9ration d&rsquo;attaques le visant. Et <a href=\"https:\/\/www.lyonmag.com\/article\/145129\/pollution-et-chaleur-a-lyon-que-fait-la-majorite-ecologiste-s-interroge-jean-michel-aulas\" target=\"_blank\" rel=\"noopener\">la derni\u00e8re en date<\/a> a fait sortir l&rsquo;\u00e9dile de ses gonds.<\/p>\n<p>Car Jean-Michel Aulas surfait cette semaine sur la vague caniculaire pour accuser les \u00e9cologistes d&rsquo;inaction. \u00ab\u00a0Que fait la majorit\u00e9 \u00e9cologiste ? Plut\u00f4t que de v\u00e9g\u00e9taliser, elle b\u00e9tonne. Plut\u00f4t que d\u2019isoler les b\u00e2timents anciens, elle investit dans des structures m\u00e9talliques qui aggravent les \u00eelots de chaleur. R\u00e9sultat : plus de chaleur, plus de pollution, moins de solutions\u00a0\u00bb, d\u00e9clarait-il.<\/p>\n<p>Absent de X (ex-Twitter) depuis son d\u00e9part apr\u00e8s l&rsquo;\u00e9lection de Donald Trump, Gr\u00e9gory Doucet a choisi Instagram pour r\u00e9pondre \u00e0 son adversaire, sans le citer.<\/p>\n<p>Le premier magistrat de Lyon a d&rsquo;abord choisi d&rsquo;utiliser une communication injuste, celle d&rsquo;accuser quelqu&rsquo;un qui n&rsquo;est pas \u00e9lu de ne pas avoir d&rsquo;impact sur la vie des Lyonnais : \u00ab\u00a0L&rsquo;\u00e9cologie, il y a ceux qui en parlent et il y a ceux qui la font\u00a0\u00bb, \u00ab\u00a0Pendant que certains pol\u00e9miquent, nous agissons\u00a0\u00bb\u2026 Dans une joute verbale avec la R\u00e9gion Auvergne-Rh\u00f4ne-Alpes ou une autre collectivit\u00e9, l&rsquo;argument aurait \u00e9t\u00e9 davantage recevable.<\/p>\n<p>Gr\u00e9gory Doucet embraye ensuite sur ce qui l&rsquo;a pouss\u00e9 \u00e0 prendre la parole : \u00ab\u00a0Depuis plusieurs jours, j&rsquo;entends mensonge sur mensonge. A en croire certains, les \u00e9cologistes seraient devenus responsables du r\u00e9chauffement climatique. Ce renversement du r\u00e9el traduit un cynisme politique pr\u00e9occupant. Il est temps de r\u00e9tablir les faits\u00a0\u00bb.<\/p>\n<p>Et l&rsquo;\u00e9dile lyonnais de citer les actions men\u00e9es \u00ab\u00a0pour permettre \u00e0 tous de continuer \u00e0 vivre dignement en ville\u00a0\u00bb, en combinant celles de la Ville mais aussi de la M\u00e9tropole.<\/p>\n<p>Ainsi, Gr\u00e9gory Doucet se f\u00e9licite d&rsquo;avoir depuis 5 ans plant\u00e9 11 800 arbres, identifi\u00e9 750 lieux frais \u00e0 Lyon, install\u00e9 l&rsquo;oeuvre d&rsquo;art Tissage Urbain place Bellecour, investi 400 millions d&rsquo;euros dans la r\u00e9novation thermique et \u00e9nerg\u00e9tique des b\u00e2timents et r\u00e9nov\u00e9 de nombreuses \u00e9coles.<\/p>\n<p>\u00ab\u00a0Nous assumons, chaque jour, notre responsabilit\u00e9 face \u00e0 l&rsquo;urgence climatique. Pour aujourd&rsquo;hui. Pour demain. Pour Lyon\u00a0\u00bb, conclut le maire remont\u00e9.<\/p>\n","protected":false},"excerpt":{"rendered":"Au-del\u00e0 de louer son bilan professionnel et \u00e0 la t\u00eate de l&rsquo;OL, le maire \u00e9cologiste de Lyon n&rsquo;avait&hellip;\n","protected":false},"author":2,"featured_media":228400,"comment_status":"","ping_status":"","sticky":false,"template":"","format":"standard","meta":{"footnotes":""},"categories":[1889],"tags":[1111,11,2813,2190,2430,1109,251,1112,2811,1777,674,118,1011,27,1922,1110,1114,2428,2810,12,241,316,25,2812,517,800],"class_list":{"0":"post-228399","1":"post","2":"type-post","3":"status-publish","4":"format-standard","5":"has-post-thumbnail","7":"category-lyon","8":"tag-actu","9":"tag-actualites","10":"tag-article","11":"tag-asvel","12":"tag-auvergne-rhone-alpes","13":"tag-breves","14":"tag-culture","15":"tag-depeches","16":"tag-economique","17":"tag-eu","18":"tag-europe","19":"tag-faits-divers","20":"tag-fr","21":"tag-france","22":"tag-info","23":"tag-informations","24":"tag-infos","25":"tag-lyon","26":"tag-lyonmag","27":"tag-news","28":"tag-ol","29":"tag-politique","30":"tag-republique-francaise","31":"tag-sociale","32":"tag-sport","33":"tag-transports"},"share_on_mastodon":{"url":"https:\/\/pubeurope.com\/@fr\/114801306732573458","error":""},"_links":{"self":[{"href":"https:\/\/www.europesays.com\/fr\/wp-json\/wp\/v2\/posts\/228399","targetHints":{"allow":["GET"]}}],"collection":[{"href":"https:\/\/www.europesays.com\/fr\/wp-json\/wp\/v2\/posts"}],"about":[{"href":"https:\/\/www.europesays.com\/fr\/wp-json\/wp\/v2\/types\/post"}],"author":[{"embeddable":true,"href":"https:\/\/www.europesays.com\/fr\/wp-json\/wp\/v2\/users\/2"}],"replies":[{"embeddable":true,"href":"https:\/\/www.europesays.com\/fr\/wp-json\/wp\/v2\/comments?post=228399"}],"version-history":[{"count":0,"href":"https:\/\/www.europesays.com\/fr\/wp-json\/wp\/v2\/posts\/228399\/revisions"}],"wp:featuredmedia":[{"embeddable":true,"href":"https:\/\/www.europesays.com\/fr\/wp-json\/wp\/v2\/media\/228400"}],"wp:attachment":[{"href":"https:\/\/www.europesays.com\/fr\/wp-json\/wp\/v2\/media?parent=228399"}],"wp:term":[{"taxonomy":"category","embeddable":true,"href":"https:\/\/www.europesays.com\/fr\/wp-json\/wp\/v2\/categories?post=228399"},{"taxonomy":"post_tag","embeddable":true,"href":"https:\/\/www.europesays.com\/fr\/wp-json\/wp\/v2\/tags?post=228399"}],"curies":[{"name":"wp","href":"https:\/\/api.w.org\/{rel}","templated":true}]}}