{"id":228413,"date":"2025-07-05T15:27:17","date_gmt":"2025-07-05T15:27:17","guid":{"rendered":"https:\/\/www.europesays.com\/fr\/228413\/"},"modified":"2025-07-05T15:27:17","modified_gmt":"2025-07-05T15:27:17","slug":"paris-un-magistrat-mis-en-examen-pour-viol-par-conjoint-sur-une-apprentie-magistrate","status":"publish","type":"post","link":"https:\/\/www.europesays.com\/fr\/228413\/","title":{"rendered":"Paris. Un magistrat mis en examen pour viol par conjoint sur une apprentie magistrate"},"content":{"rendered":"<p>Un magistrat a \u00e9t\u00e9 mis en examen cette semaine \u00e0 Paris pour viol et violences par conjoint et plac\u00e9 sous contr\u00f4le judiciaire, a indiqu\u00e9 ce samedi une source judiciaire.<\/p>\n<p>L&rsquo;information judiciaire a \u00e9t\u00e9 ouverte \u00ab des chefs de viol commis par une personne \u00e9tant ou ayant \u00e9t\u00e9 conjoint, concubin, et violence suivie d&rsquo;incapacit\u00e9 n&rsquo;exc\u00e9dant pas huit jours par une personne \u00e9tant ou ayant \u00e9t\u00e9 conjoint, concubin \u00bb, a pr\u00e9cis\u00e9 cette source.<\/p>\n<p>Jeune \u00e9l\u00e8ve magistrate<\/p>\n<p><a href=\"https:\/\/www.leparisien.fr\/faits-divers\/un-haut-magistrat-mis-en-examen-pour-viol-et-violences-et-place-sous-controle-judiciaire-04-07-2025-BHLNNEIENZBK3B3NYJQZZJJNMI.php?ts=1751727094705\" target=\"_blank\" rel=\"noopener\">Selon Le Parisien<\/a>, qui a r\u00e9v\u00e9l\u00e9 cette information, le magistrat, Patrick D., actuellement inspecteur g\u00e9n\u00e9ral au minist\u00e8re de la Justice, est accus\u00e9 d&rsquo;avoir commis ces faits sur une jeune femme, \u00e9l\u00e8ve de l&rsquo;ENM (\u00c9cole nationale de la magistrature) avec laquelle il entretenait une relation extra-conjugale.<\/p>\n<p>Il aurait connu la victime en Guadeloupe alors qu&rsquo;il \u00e9tait procureur de la R\u00e9publique \u00e0 Pointe-\u00e0-Pitre, selon le quotidien. D&rsquo;apr\u00e8s les nominations au Journal officiel, ce magistrat a aussi exerc\u00e9 \u00e0 Grasse, Millau, Montpellier et Tarascon.<\/p>\n","protected":false},"excerpt":{"rendered":"Un magistrat a \u00e9t\u00e9 mis en examen cette semaine \u00e0 Paris pour viol et violences par conjoint et&hellip;\n","protected":false},"author":2,"featured_media":228414,"comment_status":"","ping_status":"","sticky":false,"template":"","format":"standard","meta":{"footnotes":""},"categories":[1888],"tags":[11,3206,1777,674,274,107,1011,27,329,12,626,25],"class_list":{"0":"post-228413","1":"post","2":"type-post","3":"status-publish","4":"format-standard","5":"has-post-thumbnail","7":"category-paris","8":"tag-actualites","9":"tag-defense-guerre-conflit","10":"tag-eu","11":"tag-europe","12":"tag-faits-divers-justice","13":"tag-fil-info","14":"tag-fr","15":"tag-france","16":"tag-france-monde","17":"tag-news","18":"tag-paris","19":"tag-republique-francaise"},"share_on_mastodon":{"url":"https:\/\/pubeurope.com\/@fr\/114801334288710672","error":""},"_links":{"self":[{"href":"https:\/\/www.europesays.com\/fr\/wp-json\/wp\/v2\/posts\/228413","targetHints":{"allow":["GET"]}}],"collection":[{"href":"https:\/\/www.europesays.com\/fr\/wp-json\/wp\/v2\/posts"}],"about":[{"href":"https:\/\/www.europesays.com\/fr\/wp-json\/wp\/v2\/types\/post"}],"author":[{"embeddable":true,"href":"https:\/\/www.europesays.com\/fr\/wp-json\/wp\/v2\/users\/2"}],"replies":[{"embeddable":true,"href":"https:\/\/www.europesays.com\/fr\/wp-json\/wp\/v2\/comments?post=228413"}],"version-history":[{"count":0,"href":"https:\/\/www.europesays.com\/fr\/wp-json\/wp\/v2\/posts\/228413\/revisions"}],"wp:featuredmedia":[{"embeddable":true,"href":"https:\/\/www.europesays.com\/fr\/wp-json\/wp\/v2\/media\/228414"}],"wp:attachment":[{"href":"https:\/\/www.europesays.com\/fr\/wp-json\/wp\/v2\/media?parent=228413"}],"wp:term":[{"taxonomy":"category","embeddable":true,"href":"https:\/\/www.europesays.com\/fr\/wp-json\/wp\/v2\/categories?post=228413"},{"taxonomy":"post_tag","embeddable":true,"href":"https:\/\/www.europesays.com\/fr\/wp-json\/wp\/v2\/tags?post=228413"}],"curies":[{"name":"wp","href":"https:\/\/api.w.org\/{rel}","templated":true}]}}