{"id":228415,"date":"2025-07-05T15:28:11","date_gmt":"2025-07-05T15:28:11","guid":{"rendered":"https:\/\/www.europesays.com\/fr\/228415\/"},"modified":"2025-07-05T15:28:11","modified_gmt":"2025-07-05T15:28:11","slug":"lonu-condamne-lattaque-de-drones-russes-la-plus-importante-depuis-le-debut-du-conflit","status":"publish","type":"post","link":"https:\/\/www.europesays.com\/fr\/228415\/","title":{"rendered":"l&rsquo;ONU \u00ab\u00a0condamne\u00a0\u00bb l&rsquo;attaque de drones russes la plus importante depuis le d\u00e9but du conflit"},"content":{"rendered":"<p class=\"article-p mdl\">En trois ans de guerre, l\u2019Ukraine n\u2019avait jamais essuy\u00e9 une telle attaque. Dans la nuit du jeudi 3 au vendredi 4 juillet, le pays a \u00e9t\u00e9 la cible de <strong>la plus importante attaque de drones et de missiles depuis le d\u00e9but de la guerre<\/strong>. Celle-ci a dur\u00e9 plusieurs heures et a touch\u00e9 plusieurs villes, dont Kiev.<\/p>\n<p class=\"article-p mdl\">Une attaque que condamne fermement Ant\u00f3nio Guterres, le secr\u00e9taire g\u00e9n\u00e9ral de\u00a0<a class=\"link\" href=\"https:\/\/www.rtl.fr\/actu\/international\/onu-environ-3-500-postes-supprimes-a-l-agence-pour-les-refugies-en-raison-de-realites-financieres-difficiles-7900516327\" title=\"ONU : environ 3.500 postes supprim\u00e9s \u00e0 l&#039;agence pour les r\u00e9fugi\u00e9s en raison de &quot;r\u00e9alit\u00e9s financi\u00e8res difficiles&quot;\" target=\"_blank\" rel=\"noopener\">l\u2019ONU<\/a>, comme le rapporte l\u2019AFP, samedi. Il \u00ab\u00a0<strong>condamne fermement <\/strong>la derni\u00e8re s\u00e9rie d\u2019attaques \u00e0 grande \u00e9chelle de drones et de missiles men\u00e9s par la Russie\u00a0\u00bb et appelle \u00e0 un cessez-le-feu total, imm\u00e9diat et inconditionnel. Il se dit \u00e9galement \u00ab\u00a0alarm\u00e9 par cette escalade dangereuse et le nombre croissant de victimes civiles\u00a0\u00bb, que l\u2019ONU chiffrait \u00e0 12.605 tu\u00e9s et 29.178 bless\u00e9s en janvier 2025.<\/p>\n<p class=\"article-p mdl\"><strong>L\u2019Ukraine et la Russie ont tent\u00e9 des pourparlers <\/strong>ces derniers mois \u00e0 Istanbul, mais aucune des deux sessions qui ont eu lieu n\u2019a men\u00e9 \u00e0 un cessez-le-feu, m\u00eame partiel et temporaire. Les deux parties ont tout de m\u00eame convenu de deux \u00e9changes de prisonniers.<\/p>\n<p>            Une attaque qui va \u00e0 l\u2019encontre du droit international<\/p>\n<p class=\"article-p mdl\">Pour Antonio Guterres, \u00ab\u00a0les attaques contre les civils et l\u2019infrastructure civile sont interdites par les lois internationales et doivent cesser imm\u00e9diatement\u00a0\u00bb. Il faut dire que les drones et les missiles ont cibl\u00e9 des zones fortement habit\u00e9es comme les villes.<strong> Les habitants ont d\u00fb chercher des refuges dans l\u2019ensemble du pays.<\/strong><\/p>\n<p class=\"article-p mdl\">Selon les autorit\u00e9s ukrainiennes,\u00a0<a class=\"link\" href=\"https:\/\/www.rtl.fr\/actu\/international\/conflit-israel-iran-la-russie-reagirait-tres-negativement-si-l-ayatollah-ali-khamenei-etait-tue-7900517662\" title=\"Conflit Isra\u00ebl-Iran : la Russie r\u00e9agirait &quot;tr\u00e8s n\u00e9gativement&quot; si l&#039;ayatollah Ali Khamenei \u00e9tait tu\u00e9\" target=\"_blank\" rel=\"noopener\">la Russie<\/a>\u00a0a lanc\u00e9 550 drones et missiles sur son territoire dans la nuit. Un chiffre pr\u00e9cis\u00e9 par le Kremlin, qui a ensuite assur\u00e9 avoir lanc\u00e9 539 drones et 11 missiles lors de l\u2019attaque. Kiev dit avoir abattu 268 drones et deux missiles. Selon le dernier d\u00e9compte du porte-parole de l\u2019arm\u00e9e de l\u2019air ukrainienne, <strong>au moins 26 personnes ont \u00e9t\u00e9 bless\u00e9es et une personne a \u00e9t\u00e9 tu\u00e9e \u00e0 Kiev dans cette attaque.<\/strong><\/p>\n<p class=\"article-p mdl\">Samedi matin, Volodymyr Zelensky et\u00a0<a class=\"link\" href=\"https:\/\/www.rtl.fr\/actu\/international\/gaza-erdogan-a-demande-a-trump-d-intervenir-apres-des-tirs-dans-des-centres-d-aide-7900521638\" title=\"Gaza : Erdogan a demand\u00e9 \u00e0 Trump d&#039;intervenir apr\u00e8s des tirs dans des centres d&#039;aide\" target=\"_blank\" rel=\"noopener\">Donald Trump<\/a>\u00a0auraient eu un \u00e9change t\u00e9l\u00e9phonique \u00e0 propos des livraisons d\u2019armes am\u00e9ricaines en Ukraine. Ils auraient convenu de travailler \u00e0 \u00ab\u00a0renforcer\u00a0\u00bb les d\u00e9fenses a\u00e9riennes de l\u2019Ukraine. Des discussions sont en cours avec Berlin concernant l\u2019envoi du<strong> syst\u00e8me de d\u00e9fense a\u00e9rienne Patriot.<\/strong><\/p>\n<p>    La r\u00e9daction vous recommande<\/p>\n<p class=\"s-newsletter__title\">\n                L\u2019actualit\u00e9 par la r\u00e9daction de RTL dans votre bo\u00eete mail.\n            <\/p>\n<p class=\"s-newsletter__subtitle\">\n                Gr\u00e2ce \u00e0 votre compte RTL abonnez-vous \u00e0 la newsletter RTL info pour suivre toute l&rsquo;actualit\u00e9 au quotidien\n            <\/p>\n<p>\n                                    Lire la suite\n                                <\/p>\n","protected":false},"excerpt":{"rendered":"En trois ans de guerre, l\u2019Ukraine n\u2019avait jamais essuy\u00e9 une telle attaque. Dans la nuit du jeudi 3&hellip;\n","protected":false},"author":2,"featured_media":228416,"comment_status":"","ping_status":"","sticky":false,"template":"","format":"standard","meta":{"footnotes":""},"categories":[1591],"tags":[11,672,73,1887,107,1146,131,12,3521,1885,1886,132,220],"class_list":{"0":"post-228415","1":"post","2":"type-post","3":"status-publish","4":"format-standard","5":"has-post-thumbnail","7":"category-russie","8":"tag-actualites","9":"tag-allemagne","10":"tag-etats-unis","11":"tag-federation-de-russie","12":"tag-fil-info","13":"tag-guerre","14":"tag-guerre-en-ukraine","15":"tag-news","16":"tag-onu","17":"tag-russia","18":"tag-russian-federation","19":"tag-russie","20":"tag-ukraine"},"share_on_mastodon":{"url":"https:\/\/pubeurope.com\/@fr\/114801338195512000","error":""},"_links":{"self":[{"href":"https:\/\/www.europesays.com\/fr\/wp-json\/wp\/v2\/posts\/228415","targetHints":{"allow":["GET"]}}],"collection":[{"href":"https:\/\/www.europesays.com\/fr\/wp-json\/wp\/v2\/posts"}],"about":[{"href":"https:\/\/www.europesays.com\/fr\/wp-json\/wp\/v2\/types\/post"}],"author":[{"embeddable":true,"href":"https:\/\/www.europesays.com\/fr\/wp-json\/wp\/v2\/users\/2"}],"replies":[{"embeddable":true,"href":"https:\/\/www.europesays.com\/fr\/wp-json\/wp\/v2\/comments?post=228415"}],"version-history":[{"count":0,"href":"https:\/\/www.europesays.com\/fr\/wp-json\/wp\/v2\/posts\/228415\/revisions"}],"wp:featuredmedia":[{"embeddable":true,"href":"https:\/\/www.europesays.com\/fr\/wp-json\/wp\/v2\/media\/228416"}],"wp:attachment":[{"href":"https:\/\/www.europesays.com\/fr\/wp-json\/wp\/v2\/media?parent=228415"}],"wp:term":[{"taxonomy":"category","embeddable":true,"href":"https:\/\/www.europesays.com\/fr\/wp-json\/wp\/v2\/categories?post=228415"},{"taxonomy":"post_tag","embeddable":true,"href":"https:\/\/www.europesays.com\/fr\/wp-json\/wp\/v2\/tags?post=228415"}],"curies":[{"name":"wp","href":"https:\/\/api.w.org\/{rel}","templated":true}]}}