{"id":228422,"date":"2025-07-05T15:32:20","date_gmt":"2025-07-05T15:32:20","guid":{"rendered":"https:\/\/www.europesays.com\/fr\/228422\/"},"modified":"2025-07-05T15:32:20","modified_gmt":"2025-07-05T15:32:20","slug":"quand-le-pain-unit-la-france-et-lallemagne-a-paris","status":"publish","type":"post","link":"https:\/\/www.europesays.com\/fr\/228422\/","title":{"rendered":"Quand le pain unit la France et l\u2019Allemagne \u00e0 Paris"},"content":{"rendered":"<p>L\u2019association R\u00e9apprendre le pain, de Plouguenast-Langast, a \u00e9t\u00e9 mise \u00e0 l\u2019honneur le 2 juillet \u00e0 Paris, lors d\u2019une soir\u00e9e organis\u00e9e par l\u2019ambassadeur d\u2019Allemagne, \u00e0 l\u2019occasion des cinq ans du Fonds citoyen franco-allemand. \u00ab\u00a0Depuis plusieurs ann\u00e9es, l\u2019association tisse des liens forts avec ses homologues allemands d\u2019Eckartshausen, autour de la fabrication du pain dans les fours communaux. Ce projet interg\u00e9n\u00e9rationnel, soutenu par le fonds citoyen, symbolise l\u2019amiti\u00e9 franco-allemande \u00e0 travers la ruralit\u00e9, le partage et les savoir-faire traditionnels\u00a0\u00bb, explique Jean-Paul Martinet, pr\u00e9sident de l\u2019association.<\/p>\n<p>L\u2019amiti\u00e9 franco-allemande<\/p>\n<p>Devant plus de 200 invit\u00e9s r\u00e9unis \u00e0 l\u2019H\u00f4tel de Beauharnais, il a pris la parole et rappel\u00e9 que la ruralit\u00e9 et les valeurs qu\u2019elle v\u00e9hiculait pouvaient constituer un lien solide pour l\u2019amiti\u00e9 franco-allemande. \u00ab\u00a0Le 14 juillet, une f\u00eate au Vieux-Bourg en Plouguenast-Langast, autour du pain, est organis\u00e9e et une d\u00e9l\u00e9gation allemande devrait y \u00eatre pr\u00e9sente\u00a0\u00bb, ajoute Jean-Paul Martinet.<\/p>\n","protected":false},"excerpt":{"rendered":"L\u2019association R\u00e9apprendre le pain, de Plouguenast-Langast, a \u00e9t\u00e9 mise \u00e0 l\u2019honneur le 2 juillet \u00e0 Paris, lors d\u2019une&hellip;\n","protected":false},"author":2,"featured_media":228423,"comment_status":"","ping_status":"","sticky":false,"template":"","format":"standard","meta":{"footnotes":""},"categories":[1587],"tags":[11,672,1804,1805,1803,1777,674,1801,2885,12,36695,1802],"class_list":{"0":"post-228422","1":"post","2":"type-post","3":"status-publish","4":"format-standard","5":"has-post-thumbnail","7":"category-allemagne","8":"tag-actualites","9":"tag-allemagne","10":"tag-bundesrepublik-deutschland","11":"tag-de","12":"tag-deutschland","13":"tag-eu","14":"tag-europe","15":"tag-germany","16":"tag-loudeac","17":"tag-news","18":"tag-plouguenast-langast","19":"tag-republique-federale-dallemagne"},"share_on_mastodon":{"url":"https:\/\/pubeurope.com\/@fr\/114801354011531122","error":""},"_links":{"self":[{"href":"https:\/\/www.europesays.com\/fr\/wp-json\/wp\/v2\/posts\/228422","targetHints":{"allow":["GET"]}}],"collection":[{"href":"https:\/\/www.europesays.com\/fr\/wp-json\/wp\/v2\/posts"}],"about":[{"href":"https:\/\/www.europesays.com\/fr\/wp-json\/wp\/v2\/types\/post"}],"author":[{"embeddable":true,"href":"https:\/\/www.europesays.com\/fr\/wp-json\/wp\/v2\/users\/2"}],"replies":[{"embeddable":true,"href":"https:\/\/www.europesays.com\/fr\/wp-json\/wp\/v2\/comments?post=228422"}],"version-history":[{"count":0,"href":"https:\/\/www.europesays.com\/fr\/wp-json\/wp\/v2\/posts\/228422\/revisions"}],"wp:featuredmedia":[{"embeddable":true,"href":"https:\/\/www.europesays.com\/fr\/wp-json\/wp\/v2\/media\/228423"}],"wp:attachment":[{"href":"https:\/\/www.europesays.com\/fr\/wp-json\/wp\/v2\/media?parent=228422"}],"wp:term":[{"taxonomy":"category","embeddable":true,"href":"https:\/\/www.europesays.com\/fr\/wp-json\/wp\/v2\/categories?post=228422"},{"taxonomy":"post_tag","embeddable":true,"href":"https:\/\/www.europesays.com\/fr\/wp-json\/wp\/v2\/tags?post=228422"}],"curies":[{"name":"wp","href":"https:\/\/api.w.org\/{rel}","templated":true}]}}