{"id":228434,"date":"2025-07-05T15:38:15","date_gmt":"2025-07-05T15:38:15","guid":{"rendered":"https:\/\/www.europesays.com\/fr\/228434\/"},"modified":"2025-07-05T15:38:15","modified_gmt":"2025-07-05T15:38:15","slug":"un-tournoi-de-golf-memorable-pour-la-fondation-sante-jonquiere","status":"publish","type":"post","link":"https:\/\/www.europesays.com\/fr\/228434\/","title":{"rendered":"Un tournoi de golf \u00abm\u00e9morable\u00bb pour la Fondation sant\u00e9 Jonqui\u00e8re"},"content":{"rendered":"<p class=\"article-bodystyled__StyledText-sc-19uhgql-0 bGeyRM body-paragraph\">C\u2019est sous le soleil que les participants se sont rassembl\u00e9s au Club de golf Saguenay Arvida le 3 juillet dernier. Dans un communiqu\u00e9, la Fondation sant\u00e9 Jonqui\u00e8re a affirm\u00e9 que \u00able comit\u00e9 organisateur avait mis\u00e9 sur un parcours bonifi\u00e9, des nouveaut\u00e9s attrayantes et une ambiance conviviale du d\u00e9but \u00e0 la fin\u00bb. Pour terminer la journ\u00e9e, les golfeurs ont pu profiter d\u2019une prestation musicale intime de Livia et Alexis St-Pierre.<\/p>\n<p class=\"article-bodystyled__StyledText-sc-19uhgql-0 bGeyRM body-paragraph\">De retour pour une deuxi\u00e8me ann\u00e9e, le tirage de moiti\u00e9-moiti\u00e9 en ligne a atteint une somme gagnante de 3333 $. Toute la population pouvait se procurer un billet de tirage.<\/p>\n<p><img decoding=\"async\" data-chromatic=\"ignore\" alt=\"L'&#xE9;v&#xE9;nement avait lieu au Club de golf Saguenay Arvida le 3 juillet dernier.\" class=\"c-image\" loading=\"lazy\" src=\"https:\/\/www.europesays.com\/fr\/wp-content\/uploads\/2025\/07\/LUBQHWAWPNFTBFR7ZKQ5VJFB2Y.jpg\"  width=\"1200\" height=\"801\"\/><\/p>\n<p class=\"image-metadata__MetadataParagraph-sc-1gfk7p2-0 cAaLKg image-metadata\">L&rsquo;\u00e9v\u00e9nement avait lieu au Club de golf Saguenay Arvida le 3 juillet dernier. (Fondation sant\u00e9 Jonqui\u00e8re)<\/p>\n<p class=\"article-bodystyled__StyledText-sc-19uhgql-0 bGeyRM body-paragraph\">Les fonds de plus de 64 000$ amass\u00e9s lors du tournoi de golf permettront au CIUSSS du Saguenay-Lac-Saint-Jean de faire l\u2019acquisition d\u2019\u00e9quipements m\u00e9dicaux de pointe, ainsi que d\u2019assurer le d\u00e9veloppement de services de sant\u00e9 \u00e0 Jonqui\u00e8re.<\/p>\n<p class=\"article-bodystyled__StyledText-sc-19uhgql-0 bGeyRM body-paragraph\">La Fondation sant\u00e9 Jonqui\u00e8re a tenu \u00e0 remercier les pr\u00e9sidentes d\u2019honneur, Audrey St-Pierre et Megan Tremblay de l\u2019entreprise NORD-FLO, les b\u00e9n\u00e9voles, les partenaires et les participants pour le succ\u00e8s du tournoi.<\/p>\n","protected":false},"excerpt":{"rendered":"C\u2019est sous le soleil que les participants se sont rassembl\u00e9s au Club de golf Saguenay Arvida le 3&hellip;\n","protected":false},"author":2,"featured_media":228435,"comment_status":"","ping_status":"","sticky":false,"template":"","format":"standard","meta":{"footnotes":""},"categories":[1418],"tags":[36700,36698,36696,1011,27,1472,36699,60,36697],"class_list":{"0":"post-228434","1":"post","2":"type-post","3":"status-publish","4":"format-standard","5":"has-post-thumbnail","7":"category-golf","8":"tag-alexis-st-pierre","9":"tag-club-de-golf-saguenay-arvida","10":"tag-fondation-sante-jonquiere","11":"tag-fr","12":"tag-france","13":"tag-golf","14":"tag-livia-st-pierre","15":"tag-sports","16":"tag-tournoi-de-golf"},"share_on_mastodon":{"url":"https:\/\/pubeurope.com\/@fr\/114801377482727183","error":""},"_links":{"self":[{"href":"https:\/\/www.europesays.com\/fr\/wp-json\/wp\/v2\/posts\/228434","targetHints":{"allow":["GET"]}}],"collection":[{"href":"https:\/\/www.europesays.com\/fr\/wp-json\/wp\/v2\/posts"}],"about":[{"href":"https:\/\/www.europesays.com\/fr\/wp-json\/wp\/v2\/types\/post"}],"author":[{"embeddable":true,"href":"https:\/\/www.europesays.com\/fr\/wp-json\/wp\/v2\/users\/2"}],"replies":[{"embeddable":true,"href":"https:\/\/www.europesays.com\/fr\/wp-json\/wp\/v2\/comments?post=228434"}],"version-history":[{"count":0,"href":"https:\/\/www.europesays.com\/fr\/wp-json\/wp\/v2\/posts\/228434\/revisions"}],"wp:featuredmedia":[{"embeddable":true,"href":"https:\/\/www.europesays.com\/fr\/wp-json\/wp\/v2\/media\/228435"}],"wp:attachment":[{"href":"https:\/\/www.europesays.com\/fr\/wp-json\/wp\/v2\/media?parent=228434"}],"wp:term":[{"taxonomy":"category","embeddable":true,"href":"https:\/\/www.europesays.com\/fr\/wp-json\/wp\/v2\/categories?post=228434"},{"taxonomy":"post_tag","embeddable":true,"href":"https:\/\/www.europesays.com\/fr\/wp-json\/wp\/v2\/tags?post=228434"}],"curies":[{"name":"wp","href":"https:\/\/api.w.org\/{rel}","templated":true}]}}