{"id":228436,"date":"2025-07-05T15:40:10","date_gmt":"2025-07-05T15:40:10","guid":{"rendered":"https:\/\/www.europesays.com\/fr\/228436\/"},"modified":"2025-07-05T15:40:10","modified_gmt":"2025-07-05T15:40:10","slug":"la-federation-francaise-negocie-a-la-hausse-ses-revenus-du-tournoi-des-six-nations-lequipe","status":"publish","type":"post","link":"https:\/\/www.europesays.com\/fr\/228436\/","title":{"rendered":"La F\u00e9d\u00e9ration Fran\u00e7aise n\u00e9gocie \u00e0 la hausse ses revenus du Tournoi des Six Nations &#8211; L&#039;\u00c9quipe"},"content":{"rendered":"<ol>\n<li><a href=\"https:\/\/news.google.com\/rss\/articles\/CBMiygFBVV95cUxPSkVQa1lwX3FEUkY4NDVaYk1RcTdfT3FjMVJBWVpRQU0ycGdQbXhMVUJzT3psX3Y4b3JDekpoVEpsY0lOazRrbGZlZ1Y0dzJkX2d6OVN6NXVVZlh4OC10NlAzalVBRGItSjFXS0l2QmRpSW85VzY4bXMzclBzYU1kSDlvcFE1ckFSdlhwUF80RkVlSnJ3OGtSZFBRbHhQb1E0aEl5Vy14a0p4RjZfVkw2d1FqN0xsSFczUHhXbm1sTHB2RlB2c3oyVWRn?oc=5\" target=\"_blank\" rel=\"nofollow noopener\">La F\u00e9d\u00e9ration Fran\u00e7aise n\u00e9gocie \u00e0 la hausse ses revenus du Tournoi des Six Nations<\/a>&nbsp;&nbsp;L&rsquo;\u00c9quipe<\/li>\n<li><a href=\"https:\/\/news.google.com\/rss\/articles\/CBMi2wFBVV95cUxQQ3hPd3gzZ0NyX1F0Vk9qYlFiZ3gzTnlyOEg1R2gyZE1tVTlBVTY3UDVvdGJtS0htSGJ0YnhDVjNHc2tjR0k2ZjJ5aW9MaFd3OTh3NjUxeXo0MXREWUh0Tmd5TzRNUkQyWE50bVhkM09Md29jbjJzRF9KYzdHcUstbmV6bGdDSTZQVUdvYXlkLVRTNGxqNVhROHgtR3BmYkJuVEZCWkZwU3EtQzViLUlJLWZZTlhtMnQ1ZEtadEdueDctajBINFVGMUNCZVBoNERaVUJsTVFCV3ZnVTTSAdoBQVVfeXFMTzdVYmh4OUVKS2FMMko1R0IzaUh5V1BqdnNMN21NZl94WTItemRuZW5waEl2ZDh4S29Qdk9VOUtyb1RZb0JsRWNIT0FUMXdiYTQ3RXRNUm9mcFlwYWk4U0Z6S1NLQml4bnZPRTJpRVhYcnI5RE1kcGFad2o3YmxnZDZZZW93cWdPQ0FGRzZRa1JIN1VRMy0ya2hicGREQ1kxVXZkWUtCc0RDZlFYaGNOc2xsSE5lWHItS1pnbEtjTlpOdGpZOVdOS1NoSEtSVkFYcE5VOVAyc2lpelE?oc=5\" target=\"_blank\" rel=\"nofollow noopener\">Tournoi des 6 Nations : Une r\u00e9partition des revenus plus favorable \u00e0 la FFR<\/a>&nbsp;&nbsp;Orange Actualit\u00e9s | Sports<\/li>\n<li><a href=\"https:\/\/news.google.com\/rss\/articles\/CBMiuwFBVV95cUxQdU14SnhpT0RsVHhYT2pEMUFqNHR4ZUthb0RuUzZVS0FNZ01QTEZpcjlHYTljU3c2dVdpU3A2RGlOSHdpZkZkWlJYWHpmZVBvMXIyNjJoSW5DZDQzV1I2Rk1MTnVqOGZNbmt5UnFXdEQwRWxVRGNIU2luMUc4LUhvbG5lSGNsSHF6SlJicG1ud0hkQllvZ3l0SkRWMnd0akFmUlNHcVExWVc4WnlnbERodTdOZkttYnRpUk5n?oc=5\" target=\"_blank\" rel=\"nofollow noopener\">Florian Grill (FFR) : \u00ab Nous pensions sortir du tunnel en trois ans. Nous le ferons en deux \u00bb<\/a>&nbsp;&nbsp;Rugbypass.com<\/li>\n<li><a href=\"https:\/\/news.google.com\/rss\/articles\/CBMivwFBVV95cUxQQW9sZWRERHBnMEdBekpFR3BrTTZCN3VQQXpwcXk4alRLdEZXbm9xNWxacXEzNVV0WU0yYy1xTi13Y250RzhnU1pBSGV6b2x6NzUxcEJ3d3hsNlF5M2hxcVgwcGRTV0NGZEpPSy1rVVE2SGtEUUV1T0lZOFZ4WHJhTi1KYldnZ3AtOWR0bXNjUnNKcFFPRm1hTmQzZkxWX3dXMEZTa2I0ZDh4TVA1T3pnc3g4RGNmdDNpR2RtaUlkYw?oc=5\" target=\"_blank\" rel=\"nofollow noopener\">Rugby : le Tournoi des Six Nations va rapporter plus \u00e0 la France<\/a>&nbsp;&nbsp;MSN<\/li>\n<li><a href=\"https:\/\/news.google.com\/rss\/articles\/CBMiggFBVV95cUxQUmdtUF8yU0pPTHdNVnh2bF9kc1p1VEVsV25SZ3BlOEJjQmVzUDhwR0JxQTl5WEpKOXhoZkRneFFFSmN4d3R6WWtOOGEyTjk0Wm1GODgzYTFrMWNFUl9DUEhuSExYX3haQnprX05kdjlTMUdtcDdmTElkZHJQV0Y5RFl3?oc=5\" target=\"_blank\" rel=\"nofollow noopener\">Droits TV, nouveau coup dur pour TF1<\/a>&nbsp;&nbsp;Sports.fr<\/li>\n<\/ol>\n","protected":false},"excerpt":{"rendered":"La F\u00e9d\u00e9ration Fran\u00e7aise n\u00e9gocie \u00e0 la hausse ses revenus du Tournoi des Six Nations&nbsp;&nbsp;L&rsquo;\u00c9quipe Tournoi des 6 Nations&hellip;\n","protected":false},"author":2,"featured_media":228437,"comment_status":"","ping_status":"","sticky":false,"template":"","format":"standard","meta":{"footnotes":""},"categories":[1416],"tags":[1011,27,479,1468,60],"class_list":{"0":"post-228436","1":"post","2":"type-post","3":"status-publish","4":"format-standard","5":"has-post-thumbnail","7":"category-rugby","8":"tag-fr","9":"tag-france","10":"tag-rugby","11":"tag-rugby-football","12":"tag-sports"},"share_on_mastodon":{"url":"https:\/\/pubeurope.com\/@fr\/114801385395970731","error":""},"_links":{"self":[{"href":"https:\/\/www.europesays.com\/fr\/wp-json\/wp\/v2\/posts\/228436","targetHints":{"allow":["GET"]}}],"collection":[{"href":"https:\/\/www.europesays.com\/fr\/wp-json\/wp\/v2\/posts"}],"about":[{"href":"https:\/\/www.europesays.com\/fr\/wp-json\/wp\/v2\/types\/post"}],"author":[{"embeddable":true,"href":"https:\/\/www.europesays.com\/fr\/wp-json\/wp\/v2\/users\/2"}],"replies":[{"embeddable":true,"href":"https:\/\/www.europesays.com\/fr\/wp-json\/wp\/v2\/comments?post=228436"}],"version-history":[{"count":0,"href":"https:\/\/www.europesays.com\/fr\/wp-json\/wp\/v2\/posts\/228436\/revisions"}],"wp:featuredmedia":[{"embeddable":true,"href":"https:\/\/www.europesays.com\/fr\/wp-json\/wp\/v2\/media\/228437"}],"wp:attachment":[{"href":"https:\/\/www.europesays.com\/fr\/wp-json\/wp\/v2\/media?parent=228436"}],"wp:term":[{"taxonomy":"category","embeddable":true,"href":"https:\/\/www.europesays.com\/fr\/wp-json\/wp\/v2\/categories?post=228436"},{"taxonomy":"post_tag","embeddable":true,"href":"https:\/\/www.europesays.com\/fr\/wp-json\/wp\/v2\/tags?post=228436"}],"curies":[{"name":"wp","href":"https:\/\/api.w.org\/{rel}","templated":true}]}}