{"id":228443,"date":"2025-07-05T15:45:15","date_gmt":"2025-07-05T15:45:15","guid":{"rendered":"https:\/\/www.europesays.com\/fr\/228443\/"},"modified":"2025-07-05T15:45:15","modified_gmt":"2025-07-05T15:45:15","slug":"cyclisme-sibiu-tour-anton-schiffer-remporte-la-3e-etape-et-surprend-matthew-riccitello","status":"publish","type":"post","link":"https:\/\/www.europesays.com\/fr\/228443\/","title":{"rendered":"Cyclisme. Sibiu Tour &#8211; Anton Schiffer remporte la 3e \u00e9tape et surprend Matthew Riccitello"},"content":{"rendered":"<p>Apr\u00e8s une premi\u00e8re arriv\u00e9e au sommet\u00a0\u00e0\u00a0B\u00e2lea Lac la veille et la prise de pouvoir de\u00a0<strong>Matthew Riccitello<\/strong>\u00a0(Israel &#8211; Premier Tech), les coureurs de cette 15e \u00e9dition du\u00a0<strong><a href=\"https:\/\/www.cyclismactu.net\/..\/news-sibiu-tour-route-riley-pickrell-et-matthew-riccitello-deux-premieres-etapes-88699.html\" target=\"_blank\" rel=\"nofollow noopener\">Sibiu Cycling Tour<\/a><\/strong> remettaient \u00e7a ce samedi \u00e0\u00a0Paltinis, o\u00f9 l&rsquo;arriv\u00e9e de la 3e \u00e9tape \u00e9tait jug\u00e9e au sommet d&rsquo;une mont\u00e9e finale de 9,7 km \u00e0 6,1%. Logiquement, on a assist\u00e9 \u00e0 une course de c\u00f4te et \u00e0 une nouvelle bataille entre grimpeurs dans ce juge de paix&#8230; et si le jeune am\u00e9ricain et porteur du\u00a0maillot jaune\u00a0a fait le m\u00e9nage et encore une fois confirm\u00e9 qu&rsquo;il \u00e9tait le plus fort en montagne, il n&rsquo;a cette fois-ci pas r\u00e9ussi \u00e0 s&rsquo;isoler totalement. La surprise allemande\u00a0<strong>Anton Schiffer<\/strong> (BIKE AID), pourtant seulement 13e vendredi, est en effet parvenu \u00e0 le suivre avant de le crucifier dans le sprint final pour d\u00e9crocher son tout premier succ\u00e8s chez les professionnels \u00e0 25 ans. Priv\u00e9 de doubl\u00e9,\u00a0<strong>Riccitello <\/strong>r\u00e9alise malgr\u00e9 tout une bonne op\u00e9ration en vue du classement g\u00e9n\u00e9ral et conforte sa tunique de leader.<\/p>\n<p>Vid\u00e9o &#8211; Riccitello va succ\u00e9der \u00e0 Florian Lipowitz, laur\u00e9at en 2024 Lire la suite de l&rsquo;article&#13;<\/p>\n<p>\u00a0<\/p>\n<p>&#13;<br \/>\nMatthew Riccitello a course gagn\u00e9e avant la 4e et derni\u00e8re \u00e9tape&#13;<\/p>\n<p>Franchissant la ligne \u00e0 3 secondes de l&rsquo;Allemand, le coureur am\u00e9ricain de 23 ans a repris 40 secondes \u00e0 son dauphin au g\u00e9n\u00e9ral\u00a0<strong>David de la Cruz<\/strong>\u00a0(Q36.5), qui a laiss\u00e9 fil\u00e9 le duo \u00e0 un peu moins de 5 bornes du sommet. Juste derri\u00e8re l&rsquo;Espagnol, un groupe de favoris de 10 unit\u00e9s est arriv\u00e9 \u00e0 47 secondes, au sein duquel on retrouve notamment le 3e du g\u00e9n\u00e9ral,\u00a0<strong>Odd Christian Eiking<\/strong> (Unibet Tietema Rockets).<\/p>\n<p>&#13;<\/p>\n<p>A la veille du tr\u00e8s court contre-la-montre final de 3,3 km \u00e0 Sibiu,\u00a0<strong>Riccitello <\/strong>porte ainsi son avance \u00e0 1&rsquo;06\u00a0\u00bb sur\u00a0<strong>David de la Cruz <\/strong>et 1&rsquo;25\u00a0\u00bb sur<strong>\u00a0<strong>Eiking<\/strong><\/strong>. Une marge qui devrait lui assurer sauf incident la victoire finale sur l&rsquo;\u00e9preuve roumaine, remport\u00e9e l&rsquo;an pass\u00e9 par\u00a0<strong>Florian Lipowitz<\/strong> (Red Bull-BORA-hansgrohe). Profitant de sa belle journ\u00e9e,\u00a0<strong>Anton Schiffer <\/strong>grimpe lui de 9 rangs au g\u00e9n\u00e9ral et s&#8217;empare de la 4e place \u00e0 3&rsquo;09\u00a0\u00bb, le podium restant inatteignable.<\/p>\n<p>Sibiu Cycling Tour &#8211; Classement de la 3\u00e8 \u00e9tape Sibiu Cycling Tour &#8211; Classement g\u00e9n\u00e9ral provisoire apr\u00e8s la 3\u00e8 \u00e9tape<\/p>\n","protected":false},"excerpt":{"rendered":"Apr\u00e8s une premi\u00e8re arriv\u00e9e au sommet\u00a0\u00e0\u00a0B\u00e2lea Lac la veille et la prise de pouvoir de\u00a0Matthew Riccitello\u00a0(Israel &#8211; Premier&hellip;\n","protected":false},"author":2,"featured_media":228444,"comment_status":"","ping_status":"","sticky":false,"template":"","format":"standard","meta":{"footnotes":""},"categories":[1411],"tags":[1154,207,211,1011,27,209,36701,60,210,212,208,213],"class_list":{"0":"post-228443","1":"post","2":"type-post","3":"status-publish","4":"format-standard","5":"has-post-thumbnail","7":"category-cyclisme","8":"tag-cycling","9":"tag-cyclisme","10":"tag-ffc","11":"tag-fr","12":"tag-france","13":"tag-route","14":"tag-sibiu-tour","15":"tag-sports","16":"tag-tour-de-france","17":"tag-uci","18":"tag-velo","19":"tag-world-tour"},"share_on_mastodon":{"url":"https:\/\/pubeurope.com\/@fr\/114801405099291838","error":""},"_links":{"self":[{"href":"https:\/\/www.europesays.com\/fr\/wp-json\/wp\/v2\/posts\/228443","targetHints":{"allow":["GET"]}}],"collection":[{"href":"https:\/\/www.europesays.com\/fr\/wp-json\/wp\/v2\/posts"}],"about":[{"href":"https:\/\/www.europesays.com\/fr\/wp-json\/wp\/v2\/types\/post"}],"author":[{"embeddable":true,"href":"https:\/\/www.europesays.com\/fr\/wp-json\/wp\/v2\/users\/2"}],"replies":[{"embeddable":true,"href":"https:\/\/www.europesays.com\/fr\/wp-json\/wp\/v2\/comments?post=228443"}],"version-history":[{"count":0,"href":"https:\/\/www.europesays.com\/fr\/wp-json\/wp\/v2\/posts\/228443\/revisions"}],"wp:featuredmedia":[{"embeddable":true,"href":"https:\/\/www.europesays.com\/fr\/wp-json\/wp\/v2\/media\/228444"}],"wp:attachment":[{"href":"https:\/\/www.europesays.com\/fr\/wp-json\/wp\/v2\/media?parent=228443"}],"wp:term":[{"taxonomy":"category","embeddable":true,"href":"https:\/\/www.europesays.com\/fr\/wp-json\/wp\/v2\/categories?post=228443"},{"taxonomy":"post_tag","embeddable":true,"href":"https:\/\/www.europesays.com\/fr\/wp-json\/wp\/v2\/tags?post=228443"}],"curies":[{"name":"wp","href":"https:\/\/api.w.org\/{rel}","templated":true}]}}