{"id":228449,"date":"2025-07-05T15:48:11","date_gmt":"2025-07-05T15:48:11","guid":{"rendered":"https:\/\/www.europesays.com\/fr\/228449\/"},"modified":"2025-07-05T15:48:11","modified_gmt":"2025-07-05T15:48:11","slug":"injustement-oublies-les-peintres-de-la-vallee-de-chevreuse-mis-en-lumiere-tout-lete","status":"publish","type":"post","link":"https:\/\/www.europesays.com\/fr\/228449\/","title":{"rendered":"injustement oubli\u00e9s, les peintres de la vall\u00e9e de Chevreuse mis en lumi\u00e8re tout l&rsquo;\u00e9t\u00e9"},"content":{"rendered":"<p>            Par<br \/>\n        <strong><br \/>\n            <a href=\"https:\/\/actu.fr\/auteur\/marie-vermeerch\" title=\"Consulter tous les articles de Marie Vermeersch\" rel=\"nofollow noopener\" target=\"_blank\">Marie Vermeersch<\/a><br \/>\n        <\/strong><\/p>\n<p>        Publi\u00e9 le<\/p>\n<p>            4 juil. 2025 \u00e0 16h16        <\/p>\n<p>Ils ont fait la notori\u00e9t\u00e9 et la gloire de<a href=\"https:\/\/actu.fr\/tag\/parc-naturel-regional-de-la-haute-vallee-de-chevreuse\" rel=\"nofollow noopener\" target=\"_blank\"> la vall\u00e9e de Chevreuse<\/a> (Yvelines) au XIXe\u00a0si\u00e8cle et aujourd\u2019hui, c\u2019est une mise en valeur bien m\u00e9rit\u00e9e qui se profile pour <b>les peintres de la colonie des Vaux-de-Cernay.<\/b><\/p>\n<p class=\" wall-content\">\u00ab\u2009Des artistes disparus et injustement oubli\u00e9s\u2009\u00bb, confie Dimitri Dutat, pr\u00e9sident de <a href=\"https:\/\/association-peintres-en-vallee-de-chevreuse.fr\/\" rel=\"nofollow noopener\" target=\"_blank\">l\u2019association des peintres en vall\u00e9e de Chevreuse<\/a>.<\/p>\n<p class=\" wall-content\">Une structure cr\u00e9\u00e9e en 2007 qui compte <b>120\u00a0adh\u00e9rents<\/b>. Pas forc\u00e9ment tous des artistes, mais en revanche, tous amateurs d\u2019art en g\u00e9n\u00e9ral et de ce courant de peinture en particulier.<\/p>\n<p>Gardiens de la m\u00e9moire<\/p>\n<blockquote class=\"ac-article-quote wall-content\">\n<p>\u00ab\u2009Notre mission, c\u2019est d\u2019\u00eatre des gardiens de la m\u00e9moire des peintres de la vall\u00e9e. Notre objectif est de promouvoir, faire conna\u00eetre et pr\u00e9senter les artistes d\u2019hier et d\u2019aujourd\u2019hui ayant travaill\u00e9 dans notre vall\u00e9e.\u2009\u00bb<\/p>\n<p>Dimitri Dutat, pr\u00e9sident l\u2019association des peintres en vall\u00e9e de Chevreuse<\/p><\/blockquote>\n<p class=\" wall-content\">Alors, quand le projet d\u2019une<b> grande exposition<\/b> sur plusieurs sites a fait son chemin, l\u2019association, sollicit\u00e9e, a travaill\u00e9 \u00e9troitement en lien avec les communes de<a href=\"https:\/\/actu.fr\/ile-de-france\/rambouillet_78517\" rel=\"nofollow noopener\" target=\"_blank\"> Rambouillet<\/a>, <a href=\"https:\/\/actu.fr\/ile-de-france\/cernay-la-ville_78128\" rel=\"nofollow noopener\" target=\"_blank\">Cernay-le-Ville<\/a> et<a href=\"https:\/\/actu.fr\/ile-de-france\/clairefontaine-en-yvelines_78164\" rel=\"nofollow noopener\" target=\"_blank\"> Clairefontaine<\/a>\u00a0pour cette grande premi\u00e8re.<\/p>\n<p>Vid\u00e9os : en ce moment sur Actu<\/p>\n<p class=\" wall-content\"><a href=\"https:\/\/rambouillet.fr\/annuaire\/le-palais-du-roi-de-rome\/\" rel=\"nofollow noopener\" target=\"_blank\">Le Palais du Roi de Rome<\/a>, au c\u0153ur de la cit\u00e9 pr\u00e9sidentielle, pr\u00e9sentera, du 5\u00a0juillet au 21\u00a0septembre 2025,<b> l\u2019essor de la peinture de paysage<\/b>, devenue un genre majeur au XIX\u1d49 si\u00e8cle, en explorant l\u2019histoire de <a href=\"https:\/\/www.cernaylaville.fr\/une-colonie-de-peintres.html\" rel=\"nofollow noopener\" target=\"_blank\">la colonie de peintres des Vaux-de-Cernay.<\/a><\/p>\n<p class=\" wall-content\"><a href=\"https:\/\/www.rambouillet-tourisme.fr\/exposition-paysage-en-vallee-de-chevreuse-la-colonie-de-cernay-la-nature-comme-modele\/\" rel=\"nofollow noopener\" target=\"_blank\">\u0152uvres, dessins et documents rares<\/a> illustreront l\u2019\u00e9volution de la colonie et des techniques artistiques.<\/p>\n<p>L&rsquo;histoire de la colonie des peintres paysagistes de Cernay<\/p>\n<p>Peindre en plein air, au XIXe\u00a0si\u00e8cle, cette id\u00e9e a fait office de petite r\u00e9volution. M\u00eame si, au d\u00e9part, le paysage n\u2019\u00e9tait pas consid\u00e9r\u00e9 comme un sujet important, car la mode \u00e9tait principalement aux portraits et aux tableaux historiques.<br \/>&#13;<br \/>\nAu milieu du si\u00e8cle, avec l\u2019invention de la peinture \u00e0 l\u2019huile en tube, des chevalets pliants et le d\u00e9veloppement du chemin de fer, les artistes sont partis vers la campagne, dont la vall\u00e9e de Chevreuse, et plus pr\u00e9cis\u00e9ment Cernay. \u00ab\u2009Pourquoi ce village plut\u00f4t qu\u2019un autre\u2009? Car \u00e0 Cernay, il y avait de nombreuses auberges pour les accueillir\u2009\u00bb, explique Dimitri Dutat, le pr\u00e9sident de l\u2019association des Peintres en vall\u00e9e de Chevreuse. En 1882, ce village de 614 \u00e2mes ne comptait pas moins de sept auberges\u2009!<br \/>&#13;<br \/>\nBeaucoup de ces peintres venaient de Barbizon, \u00e0 l\u2019instar de Jean-Baptiste Corot, car dans les ann\u00e9es 50, ce haut lieu de la peinture de paysage \u00e9tait devenu trop fr\u00e9quent\u00e9. En vall\u00e9e de Chevreuse, les peintres \u00e9prouvaient une fascination pour les arbres, les rochers de gr\u00e8s et les sc\u00e8nes rurales.<br \/>&#13;<br \/>\n\u00c0 Cernay, un chef de file va se d\u00e9gager comme meneur de la colonie. L\u00e9on Germain Pelouse. De\u00a01871 \u00e0\u00a01884, il s\u2019installe \u00e0 Cernay et anime la colonie. Beaucoup de peintres le suivent, notamment au printemps. Car c\u2019est en mai et juin que se tient le salon officiel \u00e0 Paris. Seul \u00e9v\u00e9nement qui peut amener prestige et reconnaissance aux peintres qui patientent et peignent en vall\u00e9e de Chevreuse en attendant les r\u00e9sultats.<br \/>&#13;<br \/>\nEn 1887, la Revue illustr\u00e9e qualifie m\u00eame Cernay de \u00ab\u2009Quartier latin du paysage\u2009\u00bb. C\u2019est un site \u00e0 la mode o\u00f9 l\u2019on peut c\u00f4toyer de nombreuses personnalit\u00e9s illustres. Peintres, po\u00e8tes et romanciers se pressent ici en qu\u00eate d\u2019inspiration<br \/>&#13;<br \/>\nDe 1850 au d\u00e9but du si\u00e8cle suivant, Cernay-la-Ville a accueilli plus de 800 peintres fran\u00e7ais et \u00e9trangers.<\/p>\n<p>La plus grande expo jamais r\u00e9alis\u00e9e<\/p>\n<p class=\" wall-content\"><b>Un petit film<\/b> d\u2019une dizaine de minutes sera projet\u00e9 au d\u00e9but de l\u2019exposition pour retracer l\u2019histoire de ces peintres avant que les visiteurs n\u2019aillent d\u00e9couvrir la plus vaste collection d\u2019\u0153uvres jamais rassembl\u00e9e dans la r\u00e9gion.<\/p>\n<p class=\" wall-content\"><b>Une quarantaine de tableaux<\/b> seront pr\u00e9sent\u00e9s dont une dizaine provient de la belle collection de la mairie de <a href=\"https:\/\/actu.fr\/ile-de-france\/cernay-la-ville_78128\" rel=\"nofollow noopener\" target=\"_blank\">Cernay-la-Ville<\/a>.<\/p>\n<blockquote class=\"ac-article-quote wall-content\">\n<p>\u00ab\u2009En 1998, l\u2019Auberge L\u00e9opold a organis\u00e9 une vente de tableaux. La mairie s\u2019est tout de suite positionn\u00e9e pour en racheter car ils font partie du patrimoine communal. Depuis, les municipalit\u00e9s successives sont attentives aux ventes aux ench\u00e8res et en ach\u00e8tent encore, ce qui est formidable.\u2009\u00bb<\/p>\n<p>Dimitri Dutat, pr\u00e9sident l\u2019association des peintres en vall\u00e9e de Chevreuse<\/p><\/blockquote>\n<p>Des tableaux encore jamais pr\u00e9sent\u00e9s au public<\/p>\n<p class=\" wall-content\">Les autres \u0153uvres de cette exposition proviennent de <b>collectionneurs priv\u00e9s<\/b> ainsi que de trois mus\u00e9es nationaux.<\/p>\n<p class=\" wall-content\">\u00ab\u2009Les visiteurs vont pouvoir d\u00e9couvrir des merveilles que personne n\u2019a encore jamais vues comme des tableaux de <b>l\u2019Abbaye de Vaux de Cernay<\/b> avant sa destruction ou encore des <a href=\"https:\/\/fr.wikipedia.org\/wiki\/Jean-Baptiste_Camille_Corot\" rel=\"nofollow noopener\" target=\"_blank\">Corot<\/a>\u2009\u00bb, s\u2019enthousiasme Dimitri Dutat.<\/p>\n<p class=\" wall-content\"><a href=\"https:\/\/www.rambouillet-tourisme.fr\/exposition-paysage-en-vallee-de-chevreuse-la-colonie-de-cernay-la-nature-comme-modele\/\" rel=\"nofollow noopener\" target=\"_blank\">Cette exposition intitul\u00e9e Paysage en vall\u00e9e de Chevreuse<\/a> permettra donc de d\u00e9couvrir le travail de ces <b>peintres r\u00e9alistes<\/b> et naturalistes, qui m\u00e8neront par la suite \u00e0 <a href=\"https:\/\/fr.wikipedia.org\/wiki\/Impressionnisme\" rel=\"nofollow noopener\" target=\"_blank\">l\u2019Impressionnisme<\/a>.<\/p>\n<p>    <img   decoding=\"async\" loading=\"lazy\" class=\"size-large\" src=\"https:\/\/www.europesays.com\/fr\/wp-content\/uploads\/2025\/07\/eb8d3a4daa58620ad3a4daa58e5ad3v-960x640.jpg\" alt=\"peintre vall\u00e9e de chevreuse\" width=\"960\" height=\"640\"\/><br \/>\n    L\u2019association des peintres en vall\u00e9e de Chevreuse (Yvelines) organise plusieurs \u00e9v\u00e9nements afin de faire perdurer dans les m\u00e9moires l\u2019\u0153uvre des peintres de la colonie de Cernay. \u00a9D.R.\u00ab\u2009Une mine \u00e0 faire prosp\u00e9rer\u2009\u00bb<\/p>\n<blockquote class=\"ac-article-quote wall-content\">\n<p>\u00ab\u2009Nous esp\u00e9rons que cela va faire d\u00e9couvrir au plus grand nombre ces peintres. C\u2019est une vraie mine d\u2019or qu\u2019il faut faire prosp\u00e9rer, \u00e0 l\u2019instar de ce que Barbizon a su faire.\u2009\u00bb<\/p>\n<p>Dimitir Dutat<\/p><\/blockquote>\n<p class=\" wall-content\">Ces peintres du XIXe\u00a0si\u00e8cle ont tout de m\u00eame laiss\u00e9 un h\u00e9ritage chez certains <b>artistes contemporains<\/b>. Ce seront leurs \u0153uvres qui seront mises en valeur dans les deux autres sites d\u2019exposition.<\/p>\n<p class=\" wall-content\"><a href=\"https:\/\/www.lachapelledeclairefontaine.org\/\" rel=\"nofollow noopener\" target=\"_blank\">\u00c0 la Chapelle de Clairfontaine<\/a>, du samedi 5 juillet au dimanche 14 septembre 2025,\u00a0les visiteurs seront amen\u00e9s \u00e0 se laisser transporter par la po\u00e9sie <b>des paysages actuels<\/b> de la vall\u00e9e \u00e0 travers les \u0153uvres d\u2019artistes contemporains, dont six adh\u00e9rents de <a href=\"https:\/\/association-peintres-en-vallee-de-chevreuse.fr\/\" rel=\"nofollow noopener\" target=\"_blank\">l\u2019association des peintres de la vall\u00e9e de Chevreuse.<\/a><\/p>\n<p class=\" wall-content\">Quant au Petit Moulin des Vaux de Cernay, <b>site champ\u00eatre<\/b> largement fr\u00e9quent\u00e9 par les peintres au XIXe, il alliera <a href=\"https:\/\/www.rambouillet-tourisme.fr\/exposition-paysage-en-vallee-de-chevreuse-les-portes-du-paysage\/\" rel=\"nofollow noopener\" target=\"_blank\">art et nature<\/a> du samedi 5 juillet au dimanche 28 septembre 2025.<\/p>\n<p>Une exposition in\u00e9dite<\/p>\n<p class=\" wall-content\">\u00c0 d\u00e9couvrir, une exposition in\u00e9dite m\u00ealant art contemporain, nature et participation citoyenne. Artistes professionnels et amateurs investiront<a href=\"https:\/\/www.cernaylaville.fr\/decouvrir\/tourisme\/le-petit-moulin.html\" rel=\"nofollow noopener\" target=\"_blank\"> le Petit Moulin <\/a>et ses abords naturels avec des<b> installations monumentales<\/b>, des \u0153uvres participatives, des photographies, des gravures, des dessins, des cabanes d\u2019artistes et de l\u2019art num\u00e9rique. Un parcours \u00e0 ciel ouvert et dans les murs \u00e0 ne pas rater.<\/p>\n<p class=\" wall-content\">Suivez toute l\u2019actualit\u00e9 de vos villes et m\u00e9dias favoris en vous inscrivant \u00e0 <a href=\"https:\/\/moncompte.actu.fr\" title=\"D\u00e9couvez Mon Actu\" rel=\"nofollow noopener\" data-trk=\"{&quot;cta&quot;:{&quot;action&quot;:&quot;https:\\\/\\\/moncompte.actu.fr&quot;,&quot;category&quot;:&quot;mon compte&quot;,&quot;from&quot;:&quot;article footer&quot;,&quot;name&quot;:&quot;Mon actu&quot;,&quot;type&quot;:&quot;cta&quot;}}\" target=\"_blank\">Mon Actu<\/a>.<\/p>\n<ul class=\"ac-article-tag wall-content\">\n<li><a href=\"https:\/\/actu.fr\/tag\/parc-naturel-regional-de-la-haute-vallee-de-chevreuse\" data-trk=\"{&quot;cta&quot;:{&quot;action&quot;:&quot;Parc naturel r\\u00e9gional de la Haute Vall\\u00e9e de Chevreuse&quot;,&quot;category&quot;:&quot;tag&quot;,&quot;from&quot;:&quot;article footer&quot;,&quot;name&quot;:&quot;Parc naturel r\\u00e9gional de la Haute Vall\\u00e9e de Chevreuse&quot;,&quot;type&quot;:&quot;cta&quot;}}\" rel=\"nofollow noopener\" target=\"_blank\">#Parc naturel r\u00e9gional de la Haute Vall\u00e9e de Chevreuse<\/a><\/li>\n<\/ul>\n","protected":false},"excerpt":{"rendered":"Par Marie Vermeersch Publi\u00e9 le 4 juil. 2025 \u00e0 16h16 Ils ont fait la notori\u00e9t\u00e9 et la gloire&hellip;\n","protected":false},"author":2,"featured_media":228450,"comment_status":"","ping_status":"","sticky":false,"template":"","format":"standard","meta":{"footnotes":""},"categories":[1358],"tags":[1348,1384,1385,1386,58,59,1011,27,1652,36702],"class_list":{"0":"post-228449","1":"post","2":"type-post","3":"status-publish","4":"format-standard","5":"has-post-thumbnail","7":"category-arts-et-design","8":"tag-arts","9":"tag-arts-and-design","10":"tag-arts-et-design","11":"tag-design","12":"tag-divertissement","13":"tag-entertainment","14":"tag-fr","15":"tag-france","16":"tag-loisirs-culture","17":"tag-parc-naturel-regional-de-la-haute-vallee-de-chevreuse"},"share_on_mastodon":{"url":"https:\/\/pubeurope.com\/@fr\/114801416924355557","error":""},"_links":{"self":[{"href":"https:\/\/www.europesays.com\/fr\/wp-json\/wp\/v2\/posts\/228449","targetHints":{"allow":["GET"]}}],"collection":[{"href":"https:\/\/www.europesays.com\/fr\/wp-json\/wp\/v2\/posts"}],"about":[{"href":"https:\/\/www.europesays.com\/fr\/wp-json\/wp\/v2\/types\/post"}],"author":[{"embeddable":true,"href":"https:\/\/www.europesays.com\/fr\/wp-json\/wp\/v2\/users\/2"}],"replies":[{"embeddable":true,"href":"https:\/\/www.europesays.com\/fr\/wp-json\/wp\/v2\/comments?post=228449"}],"version-history":[{"count":0,"href":"https:\/\/www.europesays.com\/fr\/wp-json\/wp\/v2\/posts\/228449\/revisions"}],"wp:featuredmedia":[{"embeddable":true,"href":"https:\/\/www.europesays.com\/fr\/wp-json\/wp\/v2\/media\/228450"}],"wp:attachment":[{"href":"https:\/\/www.europesays.com\/fr\/wp-json\/wp\/v2\/media?parent=228449"}],"wp:term":[{"taxonomy":"category","embeddable":true,"href":"https:\/\/www.europesays.com\/fr\/wp-json\/wp\/v2\/categories?post=228449"},{"taxonomy":"post_tag","embeddable":true,"href":"https:\/\/www.europesays.com\/fr\/wp-json\/wp\/v2\/tags?post=228449"}],"curies":[{"name":"wp","href":"https:\/\/api.w.org\/{rel}","templated":true}]}}