{"id":228455,"date":"2025-07-05T15:51:10","date_gmt":"2025-07-05T15:51:10","guid":{"rendered":"https:\/\/www.europesays.com\/fr\/228455\/"},"modified":"2025-07-05T15:51:10","modified_gmt":"2025-07-05T15:51:10","slug":"marc-lavoine-peut-etre-fier-son-fils-roman-18-ans-a-passe-cette-etape-importante-avec-brio","status":"publish","type":"post","link":"https:\/\/www.europesays.com\/fr\/228455\/","title":{"rendered":"Marc Lavoine peut \u00eatre fier : son fils Roman, 18 ans, a pass\u00e9 cette \u00e9tape importante avec brio"},"content":{"rendered":"<p class=\"p1\"><a href=\"https:\/\/www.closermag.fr\/people\/marc-lavoine-et-adriana-karembeu-sortie-en-amoureux-et-tendres-baisers-pour-le-couple-inseparable-3557221\" rel=\"nofollow noopener\" target=\"_blank\"><br \/>\nMarc Lavoine<\/a> est un papa on ne peut plus heureux. Ce sourire,<br \/>\nil le doit notamment \u00e0 <strong>son fils Roman, 18 ans,<\/strong> sa<br \/>\ngrande fiert\u00e9. Le jeune homme n\u00e9 en 2007 a ainsi tout r\u00e9cemment<br \/>\n<strong>d\u00e9croch\u00e9 le permis de conduire<\/strong>. <strong>Sa m\u00e8re,<br \/>\nSarah Poniatowski<\/strong>, a m\u00eame immortalis\u00e9 ses premiers<br \/>\nkilom\u00e8tres dans une vid\u00e9o relay\u00e9e sur Instagram. \u00ab\u00a0Grand<br \/>\njour\u00a0! #Proudmom\u00a0\u00bb, \u00e9crit l\u00a0\u00bbex-femme de Marc Lavoine en<br \/>\nl\u00e9gende de la publication.<\/p>\n<p class=\"p1\">Le fr\u00e8re de Yasmine et Milo a \u00e9galement re\u00e7u<br \/>\n<strong>les chaleureuses f\u00e9licitations<\/strong> d&rsquo;une c\u00e9l\u00e9brit\u00e9<br \/>\ndans les commentaires du post. L&rsquo;acteur et r\u00e9alisateur<br \/>\n<strong>Guillaume Canet<\/strong> a manifest\u00e9 son enthousiasme en<br \/>\nadressant au jeune conducteur un \u00e9moji une salve d&#8217;emojis, dont des<br \/>\nmains qui applaudissent et un visage orn\u00e9 de coeurs \u00e0 la place des<br \/>\nyeux.<\/p>\n<p>Marc Lavoine : quelle nouvelle \u00e9tape a franchi son fils Roman<br \/>\n?<\/p>\n<p class=\"p1\">Marc Lavoine n&rsquo;oubliera jamais <strong>le vendredi 4<br \/>\njuillet 2025<\/strong>. Il s&rsquo;agit du jour o\u00f9 son fils <a href=\"https:\/\/www.closermag.fr\/people\/photos.-roman-le-fils-de-marc-lavoine-s-eclate-a-saint-barth-avec-joy-hallyday-857916\" rel=\"nofollow noopener\" target=\"_blank\"><br \/>\nRoman<\/a> <strong>a officiellement obtenu son<br \/>\nbaccalaur\u00e9at<\/strong>. C&rsquo;est la m\u00e8re du jeune bachelier qui a<br \/>\nannonc\u00e9 la bonne nouvelle \u00e0 ses followers sur Instagram.<br \/>\n\u00ab\u00a0<strong>Bravo \u00e0 toi mon fils ch\u00e9ri<\/strong>, \u00e9crit-elle<br \/>\nen l\u00e9gende d&rsquo;une photo d&rsquo;enfance de son gar\u00e7on. Un nouveau<br \/>\nchapitre s\u2019ouvre. Tu te jettes dans le grand bain de la<br \/>\nvie.\u00a0\u00bb<\/p>\n<p class=\"p1\">La fi\u00e8re maman pr\u00e9cise que Roman a d\u00e9croch\u00e9<br \/>\n<strong>une honorable \u00ab\u00a0mention bien\u00a0\u00bb<\/strong>. Les internautes ont<br \/>\n\u00e9t\u00e9 tr\u00e8s nombreux \u00e0 f\u00e9liciter \u00e0 nouveau le fils de Marc Lavoine.<br \/>\n\u00ab\u00a0Bravo !\u00a0\u00bb, \u00ab\u00a0Canon !\u00a0\u00bb, \u00ab\u00a0F\u00e9licitations, jeune<br \/>\nhomme ! Une porte vient de s&rsquo;ouvrir\u00a0\u00bb,\u00a0 \u00ab\u00a0\u00c7a, c&rsquo;est fait ! Et<br \/>\nmention\u2026\u00a0\u00bb, \u00ab\u00a0Ces moments font partie des grands moments de<br \/>\njoie dans une vie\u00a0\u00bb, \u00ab\u00a0Mazel Tov. Good like pour<br \/>\nl&rsquo;universit\u00e9\u00a0\u00bb, peut-on lire en commentaire.<\/p>\n<p>Marc Lavoine : avec qui vit la m\u00e8re de<br \/>\nson fils Roman ?<\/p>\n<p>Voil\u00e0 d\u00e9j\u00e0 sept ans que Marc Lavoine et <a href=\"https:\/\/www.telestar.fr\/people\/les-confidences-de-marc-lavoine-sur-son-divorce-357341\" rel=\"nofollow noopener\" target=\"_blank\"><br \/>\nSarah Poniatowski<\/a> ont d\u00e9cid\u00e9 de suivre chacun leur bout de<br \/>\nchemin. La m\u00e8re de de Yasmine, Roman et Milo <strong>a retrouv\u00e9<br \/>\nl&rsquo;amour<\/strong> dans les bras d&rsquo;un c\u00e9l\u00e8bre acteur fran\u00e7ais,<br \/>\n<strong>Roschdy Zem<\/strong>. Rares sont les apparitions publiques<br \/>\ndu couple. C&rsquo;est que les amoureux cultivent leur jardin secret. La<br \/>\ndiscr\u00e9tion demeure un imp\u00e9ratif dans leur vie priv\u00e9e.<\/p>\n<p class=\"p1\">\u00ab\u00a0<strong>Nous voulons rester tr\u00e8s<br \/>\ndiscrets<\/strong>, donc <strong>on ne s&rsquo;expose pas<br \/>\nm\u00e9diatiquement<\/strong>, confirme l&rsquo;ex-femme de Marc Lavoine<br \/>\ndans une interview accord\u00e9e \u00e0 La Tribune du Dimanche.<br \/>\nEt si des photos sont publi\u00e9es dans la presse, croyez-moi, ce<br \/>\nn&rsquo;est pas de notre fait.\u00a0\u00bb Sarah Poniatowski n&rsquo;a coup\u00e9 pour<br \/>\nautant les ponts avec Marc Lavoine. Les anciens amoureux se<br \/>\nretrouvent occasionnellement pour f\u00eater les anniversaires de leurs<br \/>\nenfants.<\/p>\n","protected":false},"excerpt":{"rendered":"Marc Lavoine est un papa on ne peut plus heureux. Ce sourire, il le doit notamment \u00e0 son&hellip;\n","protected":false},"author":2,"featured_media":228456,"comment_status":"","ping_status":"","sticky":false,"template":"","format":"standard","meta":{"footnotes":""},"categories":[1355],"tags":[548,58,59,1011,27,7593,1361,873],"class_list":{"0":"post-228455","1":"post","2":"type-post","3":"status-publish","4":"format-standard","5":"has-post-thumbnail","7":"category-musique","8":"tag-article-simple","9":"tag-divertissement","10":"tag-entertainment","11":"tag-fr","12":"tag-france","13":"tag-marc-lavoine","14":"tag-music","15":"tag-musique"},"share_on_mastodon":{"url":"","error":""},"_links":{"self":[{"href":"https:\/\/www.europesays.com\/fr\/wp-json\/wp\/v2\/posts\/228455","targetHints":{"allow":["GET"]}}],"collection":[{"href":"https:\/\/www.europesays.com\/fr\/wp-json\/wp\/v2\/posts"}],"about":[{"href":"https:\/\/www.europesays.com\/fr\/wp-json\/wp\/v2\/types\/post"}],"author":[{"embeddable":true,"href":"https:\/\/www.europesays.com\/fr\/wp-json\/wp\/v2\/users\/2"}],"replies":[{"embeddable":true,"href":"https:\/\/www.europesays.com\/fr\/wp-json\/wp\/v2\/comments?post=228455"}],"version-history":[{"count":0,"href":"https:\/\/www.europesays.com\/fr\/wp-json\/wp\/v2\/posts\/228455\/revisions"}],"wp:featuredmedia":[{"embeddable":true,"href":"https:\/\/www.europesays.com\/fr\/wp-json\/wp\/v2\/media\/228456"}],"wp:attachment":[{"href":"https:\/\/www.europesays.com\/fr\/wp-json\/wp\/v2\/media?parent=228455"}],"wp:term":[{"taxonomy":"category","embeddable":true,"href":"https:\/\/www.europesays.com\/fr\/wp-json\/wp\/v2\/categories?post=228455"},{"taxonomy":"post_tag","embeddable":true,"href":"https:\/\/www.europesays.com\/fr\/wp-json\/wp\/v2\/tags?post=228455"}],"curies":[{"name":"wp","href":"https:\/\/api.w.org\/{rel}","templated":true}]}}