{"id":228459,"date":"2025-07-05T15:53:09","date_gmt":"2025-07-05T15:53:09","guid":{"rendered":"https:\/\/www.europesays.com\/fr\/228459\/"},"modified":"2025-07-05T15:53:09","modified_gmt":"2025-07-05T15:53:09","slug":"voici-pourquoi-les-cauchemars-frequents-devraient-vraiment-vous-inquieter","status":"publish","type":"post","link":"https:\/\/www.europesays.com\/fr\/228459\/","title":{"rendered":"Voici pourquoi les cauchemars fr\u00e9quents devraient (vraiment) vous inqui\u00e9ter"},"content":{"rendered":"<p data-start=\"321\" data-end=\"662\">Si vous pensiez que les<br \/>\ncauchemars n\u2019\u00e9taient que de simples manifestations nocturnes de<br \/>\nvotre subconscient un peu trop stress\u00e9\u2026 d\u00e9trompez-vous. Une \u00e9tude<br \/>\nscientifique d\u2019envergure vient de d\u00e9montrer que ces r\u00eaves<br \/>\nangoissants pourraient en r\u00e9alit\u00e9 laisser une trace bien r\u00e9elle<br \/>\ndans votre corps \u2014 jusqu\u2019\u00e0 influencer votre esp\u00e9rance de vie.<\/p>\n<p data-start=\"664\" data-end=\"1032\">Et le plus troublant ? Ce lien<br \/>\nentre cauchemars et vieillissement acc\u00e9l\u00e9r\u00e9 a \u00e9t\u00e9 observ\u00e9 chez les<br \/>\nenfants comme chez les adultes, dans une \u00e9tude portant sur pr\u00e8s de<br \/>\n185 000 personnes. Accrochez-vous, car ce que la science a <a href=\"https:\/\/www.eanvirtualcongress.org\/home\/ean\/ean2025\/en-GB\" target=\"_blank\" rel=\"noopener nofollow\">r\u00e9v\u00e9l\u00e9 lors du dernier Congr\u00e8s europ\u00e9en de<br \/>\nneurologie<\/a> pourrait bien transformer notre mani\u00e8re de voir le<br \/>\nsommeil \u2014 et les nuits agit\u00e9es.<\/p>\n<p>Cauchemars fr\u00e9quents =<br \/>\nvieillissement acc\u00e9l\u00e9r\u00e9 ?<\/p>\n<p data-start=\"1095\" data-end=\"1418\">Les chercheurs britanniques de<br \/>\nl\u2019Institut de recherche sur la d\u00e9mence et de l\u2019Imperial College de<br \/>\nLondres ont analys\u00e9 des donn\u00e9es issues de six grandes cohortes<br \/>\nlongitudinales. Ils ont observ\u00e9 la fr\u00e9quence des cauchemars chez<br \/>\n183 000 adultes \u00e2g\u00e9s de 26 \u00e0 86 ans, ainsi que chez plus de 2 400<br \/>\nenfants \u00e2g\u00e9s de 8 \u00e0 10 ans.<\/p>\n<p data-start=\"1420\" data-end=\"1806\">Pour mesurer leur<br \/>\nvieillissement biologique, ils ne se sont pas content\u00e9s de l\u2019\u00e2ge<br \/>\ncivil : ils ont examin\u00e9 la longueur des t\u00e9lom\u00e8res (ces capuchons<br \/>\nd\u2019ADN au bout des chromosomes, indicateurs de la sant\u00e9 cellulaire),<br \/>\net utilis\u00e9 des horloges \u00e9pig\u00e9n\u00e9tiques avanc\u00e9es. R\u00e9sultat : plus les<br \/>\ncauchemars \u00e9taient fr\u00e9quents, plus les signes de vieillissement<br \/>\nbiologique s\u2019accumulaient.<\/p>\n<p>Un signal plus fort que le<br \/>\ntabac ou l\u2019ob\u00e9sit\u00e9<\/p>\n<p data-start=\"1866\" data-end=\"2231\">Le lien observ\u00e9 d\u00e9passe de<br \/>\nloin ce que l\u2019on pouvait imaginer :<\/p>\n<ul>\n<li data-start=\"1866\" data-end=\"2231\">Les personnes ayant des<br \/>\ncauchemars chaque semaine pr\u00e9sentaient plus de 3 fois plus de<br \/>\nrisques de mourir pr\u00e9matur\u00e9ment (avant 70 ans) que celles qui n\u2019en<br \/>\nfaisaient jamais.<\/li>\n<li data-start=\"1866\" data-end=\"2231\">M\u00eame les cauchemars mensuels<br \/>\n\u00e9taient associ\u00e9s \u00e0 un vieillissement biologique mesurable et une<br \/>\nmortalit\u00e9 accrue.<\/li>\n<\/ul>\n<p data-start=\"2233\" data-end=\"2404\">\u00c0 tel point que les cauchemars<br \/>\nr\u00e9currents se sont r\u00e9v\u00e9l\u00e9s \u00eatre un indicateur de risque de d\u00e9c\u00e8s<br \/>\npr\u00e9matur\u00e9 plus fiable que le tabac, l\u2019ob\u00e9sit\u00e9 ou l\u2019inactivit\u00e9<br \/>\nphysique.<\/p>\n<p><img loading=\"lazy\" data-lazyloaded=\"1\" decoding=\"async\" class=\"size-full wp-image-312167\" src=\"https:\/\/www.europesays.com\/fr\/wp-content\/uploads\/2025\/07\/silhouette-3777403_1280.jpg\" alt=\"cauchemars\" width=\"1280\" height=\"853\"  data-\/><br \/>\nCr\u00e9dits : magwood_photographyPourquoi un mauvais r\u00eave peut<br \/>\nvous faire vieillir plus vite ?<\/p>\n<p data-start=\"2480\" data-end=\"2822\">La raison ? Le <a href=\"https:\/\/sciencepost.fr\/votre-cerveau-pourrait-se-reparer-tout-seul-une-decouverte-relance-lespoir\/\" target=\"_blank\" rel=\"noopener nofollow\">cerveau<\/a> ne fait pas la<br \/>\ndiff\u00e9rence entre r\u00eave et r\u00e9alit\u00e9. Un cauchemar active une v\u00e9ritable<br \/>\nr\u00e9ponse physiologique de stress : mont\u00e9e de cortisol (l\u2019hormone du<br \/>\nstress), acc\u00e9l\u00e9ration du rythme cardiaque, r\u00e9veils en sursaut\u2026<br \/>\nCette r\u00e9action, r\u00e9p\u00e9t\u00e9e chaque nuit, devient un stress chronique,<br \/>\ntoxique pour vos cellules.<\/p>\n<blockquote data-start=\"2824\" data-end=\"3109\">\n<p data-start=\"2826\" data-end=\"3109\">\u00ab Les cauchemars d\u00e9clenchent<br \/>\nune pouss\u00e9e de cortisol si forte qu\u2019elle peut d\u00e9passer celle v\u00e9cue<br \/>\n\u00e0 l\u2019\u00e9tat de veille. Et le stress chronique est un acc\u00e9l\u00e9rateur de<br \/>\nvieillissement bien connu \u00bb, explique le Dr Abidemi Otaiku, m\u00e9decin<br \/>\net neuroscientifique \u00e0 l\u2019Imperial College de Londres.<\/p>\n<\/blockquote>\n<p data-start=\"3111\" data-end=\"3316\">De plus, les cauchemars<br \/>\nperturbent la qualit\u00e9 et la dur\u00e9e du sommeil profond, phase<br \/>\npourtant essentielle \u00e0 la r\u00e9g\u00e9n\u00e9ration cellulaire. R\u00e9sultat : un<br \/>\ndouble impact n\u00e9gatif sur la sant\u00e9 \u00e0 long terme.<\/p>\n<p>M\u00eame les enfants ne sont pas<br \/>\n\u00e9pargn\u00e9s<\/p>\n<p data-start=\"3368\" data-end=\"3712\">Fait marquant de cette \u00e9tude :<br \/>\nles enfants ayant des cauchemars fr\u00e9quents pr\u00e9sentent des t\u00e9lom\u00e8res<br \/>\nplus courts, signe que leur corps commence d\u00e9j\u00e0 \u00e0 vieillir plus<br \/>\nvite. Cela laisse penser que les effets n\u00e9fastes des cauchemars<br \/>\npeuvent s\u2019accumuler d\u00e8s le plus jeune \u00e2ge, avec des cons\u00e9quences<br \/>\npotentiellement durables \u00e0 l\u2019\u00e2ge adulte.<\/p>\n<p>Peut-on \u00e9viter ce<br \/>\nvieillissement invisible ?<\/p>\n<p data-start=\"3771\" data-end=\"3932\">La bonne nouvelle, c\u2019est que<br \/>\nles cauchemars ne sont pas une fatalit\u00e9. Contrairement \u00e0 certains<br \/>\nfacteurs de risque, ils peuvent \u00eatre pr\u00e9venus et trait\u00e9s :<\/p>\n<ul data-start=\"3934\" data-end=\"4387\">\n<li data-start=\"3934\" data-end=\"4035\">\n<p data-start=\"3936\" data-end=\"4035\">\u00c9viter les \u00e9crans et les<br \/>\ncontenus anxiog\u00e8nes avant le coucher (films d\u2019horreur, infos<br \/>\nanxiog\u00e8nes\u2026).<\/p>\n<\/li>\n<li data-start=\"4036\" data-end=\"4146\">\n<p data-start=\"4038\" data-end=\"4146\">Adopter une bonne hygi\u00e8ne du<br \/>\nsommeil : horaires r\u00e9guliers, chambre calme et sombre, temp\u00e9rature<br \/>\nfra\u00eeche.<\/p>\n<\/li>\n<li data-start=\"4147\" data-end=\"4228\">\n<p data-start=\"4149\" data-end=\"4228\">Pratiquer la gestion du stress<br \/>\n: m\u00e9ditation, relaxation, activit\u00e9 physique.<\/p>\n<\/li>\n<li data-start=\"4229\" data-end=\"4387\">\n<p data-start=\"4231\" data-end=\"4387\">En cas de cauchemars<br \/>\nr\u00e9currents, consulter un m\u00e9decin ou un psychologue pour explorer<br \/>\nune origine possible (anxi\u00e9t\u00e9, traumatisme, troubles du<br \/>\nsommeil\u2026).<\/p>\n<\/li>\n<\/ul>\n<p>Vers une nouvelle arme<br \/>\nanti-\u00e2ge ?<\/p>\n<p data-start=\"4435\" data-end=\"4778\">Ce que cette \u00e9tude sugg\u00e8re,<br \/>\nc\u2019est qu\u2019en plus des r\u00e9gimes \u00e9quilibr\u00e9s et du sport, la pr\u00e9vention<br \/>\ndes cauchemars pourrait devenir un levier insoup\u00e7onn\u00e9 du<br \/>\nvieillissement en bonne sant\u00e9. Si ces r\u00e9sultats sont confirm\u00e9s par<br \/>\nd\u2019autres recherches, la lutte contre les cauchemars pourrait<br \/>\ndevenir une strat\u00e9gie de sant\u00e9 publique \u00e0 part enti\u00e8re.<\/p>\n<blockquote data-start=\"4780\" data-end=\"4948\">\n<p data-start=\"4782\" data-end=\"4948\">\u00ab Si on peut r\u00e9duire les<br \/>\ncauchemars, on peut peut-\u00eatre aussi ralentir le vieillissement \u00bb,<br \/>\nr\u00e9sume le Dr Otaiku. Une perspective \u00e9tonnante \u2014 mais tr\u00e8s<br \/>\nprometteuse.<\/p>\n<\/blockquote>\n<p>Conclusion : vos nuits<br \/>\ncomptent plus que vous ne le pensez<\/p>\n<p data-start=\"5021\" data-end=\"5334\">Chaque mauvais r\u00eave ne vous<br \/>\ntuera pas. Mais des cauchemars fr\u00e9quents et n\u00e9glig\u00e9s pourraient, \u00e0<br \/>\nla longue, ronger votre sant\u00e9 de l\u2019int\u00e9rieur. Dans un monde o\u00f9 l\u2019on<br \/>\nparle souvent de bien vieillir, cette \u00e9tude nous rappelle que le<br \/>\nsommeil n\u2019est pas un luxe, mais un pilier fondamental de notre<br \/>\nlong\u00e9vit\u00e9.<\/p>\n<p data-start=\"5336\" data-end=\"5467\">Alors ce soir, si vous<br \/>\ncherchez un \u00e9lixir de jouvence, oubliez les cr\u00e8mes anti-rides :<br \/>\ncommencez par prendre soin de vos r\u00eaves.<\/p>\n","protected":false},"excerpt":{"rendered":"Si vous pensiez que les cauchemars n\u2019\u00e9taient que de simples manifestations nocturnes de votre subconscient un peu trop&hellip;\n","protected":false},"author":2,"featured_media":228460,"comment_status":"","ping_status":"","sticky":false,"template":"","format":"standard","meta":{"footnotes":""},"categories":[10],"tags":[1011,27,72,71],"class_list":{"0":"post-228459","1":"post","2":"type-post","3":"status-publish","4":"format-standard","5":"has-post-thumbnail","7":"category-sante","8":"tag-fr","9":"tag-france","10":"tag-health","11":"tag-sante"},"share_on_mastodon":{"url":"https:\/\/pubeurope.com\/@fr\/114801436576887923","error":""},"_links":{"self":[{"href":"https:\/\/www.europesays.com\/fr\/wp-json\/wp\/v2\/posts\/228459","targetHints":{"allow":["GET"]}}],"collection":[{"href":"https:\/\/www.europesays.com\/fr\/wp-json\/wp\/v2\/posts"}],"about":[{"href":"https:\/\/www.europesays.com\/fr\/wp-json\/wp\/v2\/types\/post"}],"author":[{"embeddable":true,"href":"https:\/\/www.europesays.com\/fr\/wp-json\/wp\/v2\/users\/2"}],"replies":[{"embeddable":true,"href":"https:\/\/www.europesays.com\/fr\/wp-json\/wp\/v2\/comments?post=228459"}],"version-history":[{"count":0,"href":"https:\/\/www.europesays.com\/fr\/wp-json\/wp\/v2\/posts\/228459\/revisions"}],"wp:featuredmedia":[{"embeddable":true,"href":"https:\/\/www.europesays.com\/fr\/wp-json\/wp\/v2\/media\/228460"}],"wp:attachment":[{"href":"https:\/\/www.europesays.com\/fr\/wp-json\/wp\/v2\/media?parent=228459"}],"wp:term":[{"taxonomy":"category","embeddable":true,"href":"https:\/\/www.europesays.com\/fr\/wp-json\/wp\/v2\/categories?post=228459"},{"taxonomy":"post_tag","embeddable":true,"href":"https:\/\/www.europesays.com\/fr\/wp-json\/wp\/v2\/tags?post=228459"}],"curies":[{"name":"wp","href":"https:\/\/api.w.org\/{rel}","templated":true}]}}