{"id":228471,"date":"2025-07-05T15:59:14","date_gmt":"2025-07-05T15:59:14","guid":{"rendered":"https:\/\/www.europesays.com\/fr\/228471\/"},"modified":"2025-07-05T15:59:14","modified_gmt":"2025-07-05T15:59:14","slug":"lautoroute-a9-fermee-dans-les-deux-sens-entre-orange-et-narbonne","status":"publish","type":"post","link":"https:\/\/www.europesays.com\/fr\/228471\/","title":{"rendered":"l&rsquo;autoroute A9 ferm\u00e9e dans les deux sens entre Orange et Narbonne"},"content":{"rendered":"<p class=\"article-p mdl\">En raison d&rsquo;un incendie, <strong>l&rsquo;autoroute A9 est ferm\u00e9e dans les deux sens entre les villes d&rsquo;Orange et de Narbonne<\/strong>, ce samedi 5 juillet.\u00a0VINCI Autoroutes a indiqu\u00e9 sur son compte X que la fermeture se situait entre \u00ab\u00a0apr\u00e8s S\u00e8te n\u00b033 et apr\u00e8s Lunel n\u00b027\u00a0\u00bb. La sortie obligatoire \u00e0 S\u00e8te dans le sens Narbonne Montpellier et \u00e0 Saint-Jean-de-V\u00e9das dans le sens Montpellier Narbonne.<\/p>\n<p class=\"article-p mdl\">Selon la pr\u00e9fecture de l&rsquo;H\u00e9rault, l&rsquo;incendie est situ\u00e9\u00a0\u00ab\u00a0sur la commune de Fabr\u00e8gues \u00e0 proximit\u00e9 du col de la tortue\u00a0\u00bb. Il s&rsquo;agirait de \u00ab\u00a0feux de v\u00e9g\u00e9tation\u00a0\u00bb qui \u00ab\u00a0mobiliserait d\u2019importants moyens de secours\u00a0\u00bb. <strong>Deux cents pompiers et quatre Canadairs<\/strong> s&#8217;emploient \u00e0 ma\u00eetriser les flammes qui ont d\u00e9j\u00e0 br\u00fbl\u00e9 environ 60 hectares. Le panache de fum\u00e9e se dirige vers l&rsquo;autoroute A9.<\/p>\n<p class=\"article-p mdl\">Des bouchons se sont form\u00e9s dans les deux sens, en direction de Lyon et de Barcelone. \u00ab\u00a0De l&rsquo;eau est en cours de distribution en t\u00eate des bouchons\u00a0\u00bb et la circulation \u00ab\u00a0va \u00eatre rouverte sur une voie dans chaque sens pour \u00e9vacuer\u00a0\u00bb les automobilistes, a pr\u00e9cis\u00e9 \u00e0 l&rsquo;AFP le concessionnaire autoroutier.<\/p>\n<blockquote class=\"twitter-tweet\">\n<p lang=\"fr\" dir=\"ltr\">\ud83d\udd25\ud83d\udea8Les <a href=\"https:\/\/twitter.com\/PompiersHerault?ref_src=twsrc%5Etfw\" target=\"_blank\" rel=\"noopener\">@PompiersHerault<\/a> sont actuellement mobilis\u00e9s sur un incendie situ\u00e9 dans la commune de Fabregues \u00e0 proximit\u00e9 du col de la tortue feux de v\u00e9g\u00e9tation mobilisant d\u2019importants moyens de secours. (200 pompiers et moyen nationaux ; 4 Canadairs)<br \/>Environ 60 hectares de br\u00fbl\u00e9s<\/p>\n<p>\ud83d\udea7\u2026 <a href=\"https:\/\/t.co\/t5ahqlUx0U\">pic.twitter.com\/t5ahqlUx0U<\/a><\/p>\n<p>\u2014 Pr\u00e9fet de l&rsquo;H\u00e9rault \ud83c\uddeb\ud83c\uddf7 (@Prefet34) <a href=\"https:\/\/twitter.com\/Prefet34\/status\/1941500298670780466?ref_src=twsrc%5Etfw\" target=\"_blank\" rel=\"noopener\">July 5, 2025<\/a><\/p><\/blockquote>\n<p> Un autre incendie \u00e0 une quinzaine de km de Marseille<\/p>\n<p class=\"article-p mdl\">Dans les Bouches-du-Rh\u00f4ne, <strong>l&rsquo;incendie qui s&rsquo;\u00e9tait d\u00e9clar\u00e9 dans la nuit sur la tr\u00e8s touristique c\u00f4te bleu<\/strong>e, \u00e0 une quinzaine de kilom\u00e8tres de Marseille, a \u00e9t\u00e9 \u00ab\u00a0circonscrit\u00a0\u00bb apr\u00e8s avoir parcouru une centaine d&rsquo;hectares de for\u00eat, ont indiqu\u00e9 les pompiers \u00e0 l&rsquo;AFP.<\/p>\n<p class=\"article-p mdl\">\u00c0 16h30, environ 200 pompiers \u00e9taient encore mobilis\u00e9s sur place, mais \u00ab\u00a0les moyens a\u00e9riens ont quitt\u00e9 le site\u00a0\u00bb, a pr\u00e9cis\u00e9 une porte-parole.<br \/>Le feu s&rsquo;\u00e9tait d\u00e9clar\u00e9 vers 3h30 dans un massif vallonn\u00e9 particuli\u00e8rement difficile d&rsquo;acc\u00e8s sur la commune du Rove. Au plus fort de l&rsquo;incendie, <strong>pr\u00e8s de 350 pompiers et marins-pompiers avaient \u00e9t\u00e9 d\u00e9ploy\u00e9s sur place<\/strong>, avec l&rsquo;appui de deux h\u00e9licopt\u00e8res bombardiers d&rsquo;eau et deux Canadairs.<\/p>\n<p class=\"article-p mdl\">Les 150 personnes, qui avaient \u00e9t\u00e9 \u00e9vacu\u00e9es pr\u00e9ventivement, ont pu rentrer chez elles, selon les pompiers. Il s&rsquo;agit de l&rsquo;incendie le plus important en termes de superficie depuis 2023 dans les Bouches-du-Rh\u00f4ne. <strong>Une enqu\u00eate a \u00e9t\u00e9 confi\u00e9e \u00e0 la gendarmerie<\/strong> pour d\u00e9terminer les causes de l&rsquo;incendie.<br \/>Travers\u00e9e par le massif de la Nerthe, Le Rove, commune de 5.200 habitants, est situ\u00e9 sur la c\u00f4te bleue qui longe les calanques du nord-ouest de Marseille, et abrite la c\u00e9l\u00e8bre calanque de Niolon.\u00a0<\/p>\n<p class=\"article-p mdl\">Depuis le d\u00e9but du week-end, cette autoroute est tr\u00e8s emprunt\u00e9e par les automobilistes qui partent en vacances, notamment ceux qui se dirigent vers l&rsquo;Espagne.<\/p>\n<p>    La r\u00e9daction vous recommande<\/p>\n<p class=\"s-newsletter__title\">\n                L\u2019actualit\u00e9 par la r\u00e9daction de RTL dans votre bo\u00eete mail.\n            <\/p>\n<p class=\"s-newsletter__subtitle\">\n                Gr\u00e2ce \u00e0 votre compte RTL abonnez-vous \u00e0 la newsletter RTL info pour suivre toute l&rsquo;actualit\u00e9 au quotidien\n            <\/p>\n<p>\n                                    Lire la suite\n                                <\/p>\n<p>                            <script async src=\"https:\/\/platform.twitter.com\/widgets.js\" charset=\"utf-8\"><\/script><\/p>\n","protected":false},"excerpt":{"rendered":"En raison d&rsquo;un incendie, l&rsquo;autoroute A9 est ferm\u00e9e dans les deux sens entre les villes d&rsquo;Orange et de&hellip;\n","protected":false},"author":2,"featured_media":228472,"comment_status":"","ping_status":"","sticky":false,"template":"","format":"standard","meta":{"footnotes":""},"categories":[4],"tags":[11,898,646,6955,3542,107,1011,27,1310,35514,12,738,25],"class_list":{"0":"post-228471","1":"post","2":"type-post","3":"status-publish","4":"format-standard","5":"has-post-thumbnail","7":"category-france","8":"tag-actualites","9":"tag-alerte","10":"tag-automobile","11":"tag-autoroute","12":"tag-circulation","13":"tag-fil-info","14":"tag-fr","15":"tag-france","16":"tag-incendie","17":"tag-narbonne","18":"tag-news","19":"tag-orange","20":"tag-republique-francaise"},"share_on_mastodon":{"url":"https:\/\/pubeurope.com\/@fr\/114801460135882705","error":""},"_links":{"self":[{"href":"https:\/\/www.europesays.com\/fr\/wp-json\/wp\/v2\/posts\/228471","targetHints":{"allow":["GET"]}}],"collection":[{"href":"https:\/\/www.europesays.com\/fr\/wp-json\/wp\/v2\/posts"}],"about":[{"href":"https:\/\/www.europesays.com\/fr\/wp-json\/wp\/v2\/types\/post"}],"author":[{"embeddable":true,"href":"https:\/\/www.europesays.com\/fr\/wp-json\/wp\/v2\/users\/2"}],"replies":[{"embeddable":true,"href":"https:\/\/www.europesays.com\/fr\/wp-json\/wp\/v2\/comments?post=228471"}],"version-history":[{"count":0,"href":"https:\/\/www.europesays.com\/fr\/wp-json\/wp\/v2\/posts\/228471\/revisions"}],"wp:featuredmedia":[{"embeddable":true,"href":"https:\/\/www.europesays.com\/fr\/wp-json\/wp\/v2\/media\/228472"}],"wp:attachment":[{"href":"https:\/\/www.europesays.com\/fr\/wp-json\/wp\/v2\/media?parent=228471"}],"wp:term":[{"taxonomy":"category","embeddable":true,"href":"https:\/\/www.europesays.com\/fr\/wp-json\/wp\/v2\/categories?post=228471"},{"taxonomy":"post_tag","embeddable":true,"href":"https:\/\/www.europesays.com\/fr\/wp-json\/wp\/v2\/tags?post=228471"}],"curies":[{"name":"wp","href":"https:\/\/api.w.org\/{rel}","templated":true}]}}