{"id":228473,"date":"2025-07-05T16:00:14","date_gmt":"2025-07-05T16:00:14","guid":{"rendered":"https:\/\/www.europesays.com\/fr\/228473\/"},"modified":"2025-07-05T16:00:14","modified_gmt":"2025-07-05T16:00:14","slug":"julian-mcmahon-acteur-de-nip-tuck-et-charmed-est-mort-a-56-ans","status":"publish","type":"post","link":"https:\/\/www.europesays.com\/fr\/228473\/","title":{"rendered":"Julian McMahon, acteur de \u00ab\u00a0Nip\/Tuck\u00a0\u00bb et \u00ab\u00a0Charmed\u00a0\u00bb est mort \u00e0 56 ans"},"content":{"rendered":"<p class=\"article-p mdl\">Le coup de c\u0153ur de nombreux fans de Charmed, l&rsquo;acteur australien Julian McMahon,\u00a0est mort \u00e0 l&rsquo;\u00e2ge de 56 ans, <strong>des suites d&rsquo;un cancer<\/strong>, a annonc\u00e9 sa famille, vendredi 4 juillet. C&rsquo;est sa femme qui a transmis la nouvelle\u00a0au m\u00e9dia am\u00e9ricain\u00a0<a class=\"link\" href=\"https:\/\/deadline.com\/\" target=\"_blank\" rel=\"noopener\">Deadline.\u00a0<\/a>\u00ab\u00a0Mon \u00e9poux bien-aim\u00e9, Julian McMahon, est d\u00e9c\u00e9d\u00e9 paisiblement cette semaine apr\u00e8s un courageux combat contre le cancer\u00a0\u00bb, a-t-elle d\u00e9clar\u00e9.\u00a0<\/p>\n<p class=\"article-p mdl\">Julian McMahon s&rsquo;est fait conna\u00eetre gr\u00e2ce \u00e0 ses r\u00f4les dans deux s\u00e9ries mythiques Charmed et Nip\/Tuck.\u00a0L\u2019annonce de sa mort a provoqu\u00e9 une vive \u00e9motion dans le monde du cin\u00e9ma et des s\u00e9ries t\u00e9l\u00e9vis\u00e9es, o\u00f9 il laisse derri\u00e8re lui une carri\u00e8re marquante et <strong>des r\u00f4les devenus cultes.\u00a0<\/strong><\/p>\n<p class=\"article-p mdl\">N\u00e9 en 1969 \u00e0 Sydney, Julian McMahon \u00e9tait<strong> le fils de l\u2019ancien Premier ministre australien sir William \u00ab\u00a0Billy\u00a0\u00bb McMahon<\/strong>. Il d\u00e9bute sa carri\u00e8re comme mannequin avant de se tourner vers la com\u00e9die. En Australie, il se fait rapidement conna\u00eetre gr\u00e2ce \u00e0 la s\u00e9rie Summer Bay (Home and Away) entre 1990 et 1991, avant de s\u2019envoler pour Hollywood o\u00f9 il va v\u00e9ritablement lancer sa carri\u00e8re internationale.<\/p>\n<p>            Ann\u00e9es 2000 : le d\u00e9but du succ\u00e8s<\/p>\n<p class=\"article-p mdl\">Il acc\u00e8de \u00e0 la notori\u00e9t\u00e9 mondiale gr\u00e2ce \u00e0 deux s\u00e9ries diffus\u00e9es en France sur M6, qui marqueront toute une g\u00e9n\u00e9ration. Dans\u00a0<a class=\"link\" href=\"https:\/\/www.rtl.fr\/culture\/cine-series\/l-actrice-americaine-shannen-doherty-star-des-series-charmed-beverly-hills-et-90210-est-decedee-7900402914\" title=\"Shannen Doherty, star des s\u00e9ries &quot;Charmed&quot; et &quot;Beverly Hills, 90210&quot; est morte \u00e0 53 ans\" target=\"_blank\" rel=\"noopener\">Charmed<\/a>, diffus\u00e9e de 2000 \u00e0 2003, il interpr\u00e8te Cole Turner, un personnage complexe et embl\u00e9matique, <strong>\u00e0 la fois humain et d\u00e9mon nomm\u00e9 Balthazar<\/strong>, qui entretient une relation passionn\u00e9e et mouvement\u00e9e avec Phoebe Halliwell (Alyssa Milano). Ce r\u00f4le le propulse au rang d\u2019ic\u00f4ne du petit \u00e9cran.<\/p>\n<p>Mais c\u2019est avec Nip\/Tuck, s\u00e9rie m\u00e9dicale provocante et audacieuse cr\u00e9\u00e9e par Ryan Murphy, que Julian McMahon confirme son talent. Pendant six saisons, de 2003 \u00e0 2010, <strong>il incarne le docteur Christian Troy<\/strong>, un chirurgien esth\u00e9tique charismatique et cynique, pr\u00eat \u00e0 tout pour s\u00e9duire ses patientes et cacher ses propres failles. Ce r\u00f4le lui vaudra une nomination\u00a0<a class=\"link\" href=\"https:\/\/www.rtl.fr\/culture\/cine-series\/les-infos-de-5h-golden-globes-emilia-perez-de-jacques-audiard-grand-vainqueur-de-la-ceremonie-7900457501\" title=\"Les infos de 5h - Golden Globes : &quot;Emilia P\u00e9rez&quot; de Jacques Audiard, grand vainqueur de la c\u00e9r\u00e9monie\" target=\"_blank\" rel=\"noopener\">aux Golden Globes<\/a>\u00a0et une reconnaissance critique internationale.<\/p>\n<p>            Du petit \u00e9cran au cin\u00e9ma<\/p>\n<p class=\"article-p mdl\">Au cin\u00e9ma, il s\u2019est illustr\u00e9 notamment dans le r\u00f4le du super-vilain Victor Von Doom, alias Docteur Fatalis, dans les deux films Les Quatre Fantastiques (2005 et 2007), aux c\u00f4t\u00e9s de Jessica Alba,\u00a0<a class=\"link\" href=\"https:\/\/www.rtl.fr\/culture\/cine-series\/avengers-doomsday-chris-evans-rejoint-robert-downey-jr-au-casting-7900449367\" title=\"&quot;Avengers: Doomsday&quot; : Chris Evans rejoint Robert Downey Jr. au casting\" target=\"_blank\" rel=\"noopener\">Chris Evans<\/a>\u00a0et Ioan Gruffudd. Il appara\u00eetra aussi dans des films comme Red (2010), Parano\u00efa (2013), Pr\u00e9monitions (2017) ou encore derni\u00e8rement\u00a0Le Surfer (2024), o\u00f9 il partage l\u2019affiche avec Nicolas Cage.<\/p>\n<p>            Un hommage \u00e9mouvant<\/p>\n<p class=\"article-p mdl\">Les messages de soutien \u00e0 sa famille se multiplient depuis l\u2019annonce de sa disparition. L&rsquo;actrice Alyssa Milano, qui partageait l\u2019\u00e9cran avec lui dans Charmed, lui a rendu <strong>un vibrant hommage sur Instagram<\/strong>. Leurs deux personnages entretenaient dans la s\u00e9rie une relation amoureuse. \u00ab\u00a0J\u2019ai le c\u0153ur bris\u00e9. Julian \u00e9tait plus que mon mari t\u00e9l\u00e9. C\u2019\u00e9tait un ami tr\u00e8s cher. Ce sourire. Ce rire. Ce talent. Cette pr\u00e9sence\u2026 Il entrait dans une pi\u00e8ce et l\u2019illuminait, non seulement par son charisme, mais aussi par sa gentillesse\u00a0\u00bb, a-t-elle \u00e9crit en partageant une photo de l&rsquo;acteur.\u00a0<\/p>\n<p>    La r\u00e9daction vous recommande<\/p>\n<p class=\"s-newsletter__title\">\n                L\u2019actualit\u00e9 par la r\u00e9daction de RTL dans votre bo\u00eete mail.\n            <\/p>\n<p class=\"s-newsletter__subtitle\">\n                Gr\u00e2ce \u00e0 votre compte RTL abonnez-vous \u00e0 la newsletter RTL info pour suivre toute l&rsquo;actualit\u00e9 au quotidien\n            <\/p>\n<p>\n                                    Lire la suite\n                                <\/p>\n","protected":false},"excerpt":{"rendered":"Le coup de c\u0153ur de nombreux fans de Charmed, l&rsquo;acteur australien Julian McMahon,\u00a0est mort \u00e0 l&rsquo;\u00e2ge de 56&hellip;\n","protected":false},"author":2,"featured_media":228474,"comment_status":"","ping_status":"","sticky":false,"template":"","format":"standard","meta":{"footnotes":""},"categories":[2],"tags":[11,898,1000,650,3983,73,107,1011,27,12],"class_list":{"0":"post-228473","1":"post","2":"type-post","3":"status-publish","4":"format-standard","5":"has-post-thumbnail","7":"category-actualites","8":"tag-actualites","9":"tag-alerte","10":"tag-celebrites","11":"tag-cinema","12":"tag-deces","13":"tag-etats-unis","14":"tag-fil-info","15":"tag-fr","16":"tag-france","17":"tag-news"},"share_on_mastodon":{"url":"https:\/\/pubeurope.com\/@fr\/114801464181484786","error":""},"_links":{"self":[{"href":"https:\/\/www.europesays.com\/fr\/wp-json\/wp\/v2\/posts\/228473","targetHints":{"allow":["GET"]}}],"collection":[{"href":"https:\/\/www.europesays.com\/fr\/wp-json\/wp\/v2\/posts"}],"about":[{"href":"https:\/\/www.europesays.com\/fr\/wp-json\/wp\/v2\/types\/post"}],"author":[{"embeddable":true,"href":"https:\/\/www.europesays.com\/fr\/wp-json\/wp\/v2\/users\/2"}],"replies":[{"embeddable":true,"href":"https:\/\/www.europesays.com\/fr\/wp-json\/wp\/v2\/comments?post=228473"}],"version-history":[{"count":0,"href":"https:\/\/www.europesays.com\/fr\/wp-json\/wp\/v2\/posts\/228473\/revisions"}],"wp:featuredmedia":[{"embeddable":true,"href":"https:\/\/www.europesays.com\/fr\/wp-json\/wp\/v2\/media\/228474"}],"wp:attachment":[{"href":"https:\/\/www.europesays.com\/fr\/wp-json\/wp\/v2\/media?parent=228473"}],"wp:term":[{"taxonomy":"category","embeddable":true,"href":"https:\/\/www.europesays.com\/fr\/wp-json\/wp\/v2\/categories?post=228473"},{"taxonomy":"post_tag","embeddable":true,"href":"https:\/\/www.europesays.com\/fr\/wp-json\/wp\/v2\/tags?post=228473"}],"curies":[{"name":"wp","href":"https:\/\/api.w.org\/{rel}","templated":true}]}}