{"id":228475,"date":"2025-07-05T16:01:11","date_gmt":"2025-07-05T16:01:11","guid":{"rendered":"https:\/\/www.europesays.com\/fr\/228475\/"},"modified":"2025-07-05T16:01:11","modified_gmt":"2025-07-05T16:01:11","slug":"eric-le-jaouen-reclame-un-cap-clair-a-lunion-de-la-droite-et-du-centre","status":"publish","type":"post","link":"https:\/\/www.europesays.com\/fr\/228475\/","title":{"rendered":"Eric Le Jaouen r\u00e9clame \u00ab\u00a0un cap clair\u00a0\u00bb \u00e0 l\u2019union de la droite et du centre"},"content":{"rendered":"<p>\u00ab\u00a0Ce n\u2019est pas une union de fa\u00e7ade\u00a0\u00bb, promettait <a href=\"https:\/\/www.leprogres.fr\/p\/dino-cinieri\" target=\"_blank\" rel=\"noopener\">Dino Cinieri<\/a>, lors de la pr\u00e9sentation du collectif Saint-\u00c9tienne Ensemble 2026. Fin mai, six partis de la droite et du centre (LR, Renaissance, Horizons, UDI, MoDem, PRG) ont annonc\u00e9 leur alliance en vue des prochaines municipales \u00e0 Saint-\u00c9tienne. Mais sont-ils vraiment tous sur la m\u00eame longueur d\u2019onde\u00a0?<\/p>\n<p>  \u00ab\u00a0La colonne vert\u00e9brale ne peut pas \u00eatre la volont\u00e9 de remplacer <a href=\"https:\/\/www.leprogres.fr\/p\/gael-perdriau\" target=\"_blank\" rel=\"noopener\">Ga\u00ebl Perdriau<\/a>\u00a0\u00bb<\/p>\n<p>De son c\u00f4t\u00e9, le chef de file du parti Horizons \u00e0 Saint-\u00c9tienne, <a href=\"https:\/\/www.leprogres.fr\/p\/eric-le-jaouen\" target=\"_blank\" rel=\"noopener\">\u00c9ric Le Jaouen<\/a>, semble s\u2019impatienter. Dans un communiqu\u00e9, <a href=\"https:\/\/www.leprogres.fr\/elections\/2025\/02\/12\/qui-est-le-premier-candidat-declare-a-la-mairie-de-saint-etienne\" target=\"_blank\" rel=\"noopener\">celui qui s\u2019est d\u00e9clar\u00e9 le premier dans la course \u00e0 la mairie<\/a> r\u00e9clame \u00ab\u00a0un cap clair\u00a0\u00bb \u00e0 cette union. \u00ab\u00a0Je refuse les alliances sans colonne vert\u00e9brale, les ambigu\u00eft\u00e9s id\u00e9ologiques et les petits arrangements d\u2019hier\u00a0\u00bb, \u00e9crit-il, visiblement refroidi par les tentatives de Dino Cinieri de rallier au projet Maurice Vincent, l\u2019ancien maire socialiste de Saint-\u00c9tienne. Des \u00ab\u00a0initiatives individuelles qui ont sem\u00e9 le trouble\u00a0\u00bb, selon l\u2019ancien pr\u00e9sident du Medef Loire.<\/p>\n<p>En clair, pour \u00c9ric Le Jaouen, cet \u00ab\u00a0arc r\u00e9publicain\u00a0\u00bb s\u2019inscrit \u00e0 droite et au centre, et il doit le rester. Candidat depuis f\u00e9vrier, il a travaill\u00e9 son programme depuis plusieurs mois et attend de cette union qu\u2019elle en fasse autant. \u00ab\u00a0La colonne vert\u00e9brale ne peut pas \u00eatre la volont\u00e9 de remplacer Ga\u00ebl Perdriau, \u00e7a n\u2019a pas de sens\u00a0\u00bb, nous a-t-il pr\u00e9cis\u00e9, assurant que sa priorit\u00e9 \u00e9tait \u00ab\u00a0de proposer aux St\u00e9phanois une politique autour de la s\u00e9curit\u00e9, l\u2019activit\u00e9 \u00e9conomique et la r\u00e9habilitation des commerces\u00a0\u00bb.<\/p>\n<p>  La t\u00eate de liste d\u00e9sign\u00e9e \u00e0 l\u2019automne<\/p>\n<p>Pour ce chef d\u2019entreprise, qui se revendique fi\u00e8rement comme un nouveau venu dans le paysage politique, \u00ab\u00a0il ne suffit pas de parler de changement, il faut l\u2019incarner\u00a0\u00bb.<\/p>\n<p>\u00c9ric Le Jaouen essayerait-il de sortir de la m\u00eal\u00e9e\u00a0? Car le candidat de la future liste Saint-\u00c9tienne Ensemble 2026 sera d\u00e9sign\u00e9 par les St\u00e9phanois, via un sondage qui devrait \u00eatre lanc\u00e9 \u00e0 l\u2019automne.\u00a0Mais il l\u2019assure\u00a0: \u00ab\u00a0Je suis tr\u00e8s bien dans cette union, je souhaite continuer, mais je souhaite qu\u2019elle ait un cap.\u00a0\u00bb<\/p>\n","protected":false},"excerpt":{"rendered":"\u00ab\u00a0Ce n\u2019est pas une union de fa\u00e7ade\u00a0\u00bb, promettait Dino Cinieri, lors de la pr\u00e9sentation du collectif Saint-\u00c9tienne Ensemble&hellip;\n","protected":false},"author":2,"featured_media":228476,"comment_status":"","ping_status":"","sticky":false,"template":"","format":"standard","meta":{"footnotes":""},"categories":[9653],"tags":[1111,11,2430,7539,4188,1777,674,1011,27,3540,3367,12,316,25,4001,7538],"class_list":{"0":"post-228475","1":"post","2":"type-post","3":"status-publish","4":"format-standard","5":"has-post-thumbnail","7":"category-saint-etienne","8":"tag-actu","9":"tag-actualites","10":"tag-auvergne-rhone-alpes","11":"tag-edition-loire-sud","12":"tag-elections-municipales","13":"tag-eu","14":"tag-europe","15":"tag-fr","16":"tag-france","17":"tag-horizons","18":"tag-loire","19":"tag-news","20":"tag-politique","21":"tag-republique-francaise","22":"tag-saint-etienne","23":"tag-saint-etienne-ville"},"share_on_mastodon":{"url":"https:\/\/pubeurope.com\/@fr\/114801468013231426","error":""},"_links":{"self":[{"href":"https:\/\/www.europesays.com\/fr\/wp-json\/wp\/v2\/posts\/228475","targetHints":{"allow":["GET"]}}],"collection":[{"href":"https:\/\/www.europesays.com\/fr\/wp-json\/wp\/v2\/posts"}],"about":[{"href":"https:\/\/www.europesays.com\/fr\/wp-json\/wp\/v2\/types\/post"}],"author":[{"embeddable":true,"href":"https:\/\/www.europesays.com\/fr\/wp-json\/wp\/v2\/users\/2"}],"replies":[{"embeddable":true,"href":"https:\/\/www.europesays.com\/fr\/wp-json\/wp\/v2\/comments?post=228475"}],"version-history":[{"count":0,"href":"https:\/\/www.europesays.com\/fr\/wp-json\/wp\/v2\/posts\/228475\/revisions"}],"wp:featuredmedia":[{"embeddable":true,"href":"https:\/\/www.europesays.com\/fr\/wp-json\/wp\/v2\/media\/228476"}],"wp:attachment":[{"href":"https:\/\/www.europesays.com\/fr\/wp-json\/wp\/v2\/media?parent=228475"}],"wp:term":[{"taxonomy":"category","embeddable":true,"href":"https:\/\/www.europesays.com\/fr\/wp-json\/wp\/v2\/categories?post=228475"},{"taxonomy":"post_tag","embeddable":true,"href":"https:\/\/www.europesays.com\/fr\/wp-json\/wp\/v2\/tags?post=228475"}],"curies":[{"name":"wp","href":"https:\/\/api.w.org\/{rel}","templated":true}]}}