{"id":228478,"date":"2025-07-05T16:03:19","date_gmt":"2025-07-05T16:03:19","guid":{"rendered":"https:\/\/www.europesays.com\/fr\/228478\/"},"modified":"2025-07-05T16:03:19","modified_gmt":"2025-07-05T16:03:19","slug":"une-ceremonie-a-lamericaine-pour-marquer-la-fin-de-lannee-au-lycee-poincare","status":"publish","type":"post","link":"https:\/\/www.europesays.com\/fr\/228478\/","title":{"rendered":"une c\u00e9r\u00e9monie \u00e0 l&rsquo;am\u00e9ricaine pour marquer la fin de l&rsquo;ann\u00e9e au lyc\u00e9e Poincar\u00e9"},"content":{"rendered":"<p>Digne des c\u00e9r\u00e9monies organis\u00e9es outre-Atlantique dans les lyc\u00e9es am\u00e9ricains, le lyc\u00e9e Poincar\u00e9 a mis les petits plats dans les grands pour organiser une c\u00e9r\u00e9monie de fin d&rsquo;ann\u00e9e. Un moment unique pour les \u00e9l\u00e8ves de Terminales, rassembl\u00e9s dans la cour de la cit\u00e9 scolaire avec leurs parents et l&rsquo;\u00e9quipe enseignante. Pour une premi\u00e8re, le proviseur est ravi. Les \u00e9l\u00e8ves, eux, sont all\u00e9s au bout de la tradition, en proc\u00e9dant au traditionnel lanc\u00e9 de chapeaux.\u00a0<\/p>\n","protected":false},"excerpt":{"rendered":"Digne des c\u00e9r\u00e9monies organis\u00e9es outre-Atlantique dans les lyc\u00e9es am\u00e9ricains, le lyc\u00e9e Poincar\u00e9 a mis les petits plats dans&hellip;\n","protected":false},"author":2,"featured_media":228479,"comment_status":"","ping_status":"","sticky":false,"template":"","format":"standard","meta":{"footnotes":""},"categories":[9635],"tags":[1111,11,3600,3599,3602,1777,674,5016,1011,27,2798,775,1702,12,25],"class_list":{"0":"post-228478","1":"post","2":"type-post","3":"status-publish","4":"format-standard","5":"has-post-thumbnail","7":"category-nancy","8":"tag-actu","9":"tag-actualites","10":"tag-bar-le-duc","11":"tag-college-lycee","12":"tag-edition-bar-le-duc","13":"tag-eu","14":"tag-europe","15":"tag-formation-orientation","16":"tag-fr","17":"tag-france","18":"tag-galerie-photo","19":"tag-grand-est","20":"tag-nancy","21":"tag-news","22":"tag-republique-francaise"},"share_on_mastodon":{"url":"https:\/\/pubeurope.com\/@fr\/114801475906689260","error":""},"_links":{"self":[{"href":"https:\/\/www.europesays.com\/fr\/wp-json\/wp\/v2\/posts\/228478","targetHints":{"allow":["GET"]}}],"collection":[{"href":"https:\/\/www.europesays.com\/fr\/wp-json\/wp\/v2\/posts"}],"about":[{"href":"https:\/\/www.europesays.com\/fr\/wp-json\/wp\/v2\/types\/post"}],"author":[{"embeddable":true,"href":"https:\/\/www.europesays.com\/fr\/wp-json\/wp\/v2\/users\/2"}],"replies":[{"embeddable":true,"href":"https:\/\/www.europesays.com\/fr\/wp-json\/wp\/v2\/comments?post=228478"}],"version-history":[{"count":0,"href":"https:\/\/www.europesays.com\/fr\/wp-json\/wp\/v2\/posts\/228478\/revisions"}],"wp:featuredmedia":[{"embeddable":true,"href":"https:\/\/www.europesays.com\/fr\/wp-json\/wp\/v2\/media\/228479"}],"wp:attachment":[{"href":"https:\/\/www.europesays.com\/fr\/wp-json\/wp\/v2\/media?parent=228478"}],"wp:term":[{"taxonomy":"category","embeddable":true,"href":"https:\/\/www.europesays.com\/fr\/wp-json\/wp\/v2\/categories?post=228478"},{"taxonomy":"post_tag","embeddable":true,"href":"https:\/\/www.europesays.com\/fr\/wp-json\/wp\/v2\/tags?post=228478"}],"curies":[{"name":"wp","href":"https:\/\/api.w.org\/{rel}","templated":true}]}}