{"id":228493,"date":"2025-07-05T16:11:25","date_gmt":"2025-07-05T16:11:25","guid":{"rendered":"https:\/\/www.europesays.com\/fr\/228493\/"},"modified":"2025-07-05T16:11:25","modified_gmt":"2025-07-05T16:11:25","slug":"de-nouvelles-enseignes-arrivent-prochainement","status":"publish","type":"post","link":"https:\/\/www.europesays.com\/fr\/228493\/","title":{"rendered":"de nouvelles enseignes arrivent prochainement !"},"content":{"rendered":"<p>\t\t\t\t\t\t\t\t\t\t\t<img loading=\"lazy\" decoding=\"async\" width=\"1110\" title=\"Neyrpic : de nouvelles enseignes arrivent prochainement !\" class=\"img-fluid not_lzld mb-3\" src=\"https:\/\/grandgrenoble.alpes1.com\/media\/news\/thumb\/1110x624_neyrpic-de-nouvelles-enseignes-arrivent-prochainement_68679cddcb980.webp\" alt=\"Neyrpic : de nouvelles enseignes arrivent prochainement !\" itemprop=\"image\" height=\"624\"\/>\t\t\t\t\t\t\t\t\t\t\t\t<\/p>\n<p>Neyrpic : de nouvelles enseignes arrivent prochainement ! &#8211; DR<\/p>\n<p itemprop=\"description\"><strong>Des nouveaut\u00e9s attendent les clients du P\u00f4le de vie, de commerce et de loisirs Neyrpic, \u00e0 Saint-Martin-d\u2019H\u00e8res.<\/strong><\/p>\n<p>De nouvelles enseignes vont s\u2019installer progressivement au P\u00f4le Neyrpic. Avec d\u00e9j\u00e0 plus de 70 boutiques et une vingtaine de restaurants, des marques, parfois in\u00e9dites dans la M\u00e9tropole, investiront le centre.<\/p>\n<p>Cela commence d\u00e8s le 16 juillet, avec l\u2019ouverture de Coffee Break. Elle sera suivie par l\u2019arriv\u00e9e de Nike. Tr\u00e8s attendue, la marque s\u2019implantera sur une surface de 700 m\u00b2. Puis en ao\u00fbt, viendront Hairdis, enseigne de produits capillaires, puis Tedgie\u2019s, ex-Tacos de Grenoble, Colombus Caf\u00e9 en octobre, puis le restaurant japonais, Matsuri et P\u00e8re&amp;Fish en novembre.<\/p>\n","protected":false},"excerpt":{"rendered":"Neyrpic : de nouvelles enseignes arrivent prochainement ! &#8211; DR Des nouveaut\u00e9s attendent les clients du P\u00f4le de&hellip;\n","protected":false},"author":2,"featured_media":228494,"comment_status":"","ping_status":"","sticky":false,"template":"","format":"standard","meta":{"footnotes":""},"categories":[9566],"tags":[1111,11,7733,8279,2430,7736,650,7734,2889,2263,1777,674,1011,27,2731,8280,6417,1114,108,4662,12,3725,1825,25,7737],"class_list":{"0":"post-228493","1":"post","2":"type-post","3":"status-publish","4":"format-standard","5":"has-post-thumbnail","7":"category-grenoble","8":"tag-actu","9":"tag-actualites","10":"tag-alpes","11":"tag-alpes1","12":"tag-auvergne-rhone-alpes","13":"tag-cds","14":"tag-cinema","15":"tag-ecoute","16":"tag-emission","17":"tag-equipe","18":"tag-eu","19":"tag-europe","20":"tag-fr","21":"tag-france","22":"tag-grenoble","23":"tag-haute","24":"tag-information","25":"tag-infos","26":"tag-isere","27":"tag-journal","28":"tag-news","29":"tag-podcast","30":"tag-radio","31":"tag-republique-francaise","32":"tag-winamp"},"share_on_mastodon":{"url":"https:\/\/pubeurope.com\/@fr\/114801507475258706","error":""},"_links":{"self":[{"href":"https:\/\/www.europesays.com\/fr\/wp-json\/wp\/v2\/posts\/228493","targetHints":{"allow":["GET"]}}],"collection":[{"href":"https:\/\/www.europesays.com\/fr\/wp-json\/wp\/v2\/posts"}],"about":[{"href":"https:\/\/www.europesays.com\/fr\/wp-json\/wp\/v2\/types\/post"}],"author":[{"embeddable":true,"href":"https:\/\/www.europesays.com\/fr\/wp-json\/wp\/v2\/users\/2"}],"replies":[{"embeddable":true,"href":"https:\/\/www.europesays.com\/fr\/wp-json\/wp\/v2\/comments?post=228493"}],"version-history":[{"count":0,"href":"https:\/\/www.europesays.com\/fr\/wp-json\/wp\/v2\/posts\/228493\/revisions"}],"wp:featuredmedia":[{"embeddable":true,"href":"https:\/\/www.europesays.com\/fr\/wp-json\/wp\/v2\/media\/228494"}],"wp:attachment":[{"href":"https:\/\/www.europesays.com\/fr\/wp-json\/wp\/v2\/media?parent=228493"}],"wp:term":[{"taxonomy":"category","embeddable":true,"href":"https:\/\/www.europesays.com\/fr\/wp-json\/wp\/v2\/categories?post=228493"},{"taxonomy":"post_tag","embeddable":true,"href":"https:\/\/www.europesays.com\/fr\/wp-json\/wp\/v2\/tags?post=228493"}],"curies":[{"name":"wp","href":"https:\/\/api.w.org\/{rel}","templated":true}]}}