{"id":228495,"date":"2025-07-05T16:12:10","date_gmt":"2025-07-05T16:12:10","guid":{"rendered":"https:\/\/www.europesays.com\/fr\/228495\/"},"modified":"2025-07-05T16:12:10","modified_gmt":"2025-07-05T16:12:10","slug":"hockey-sur-glace-ligue-magnus-les-bruleurs-de-loups-securisent-leur-premiere-ligne-dattaque-en-prolongeant-alexandre-mallet","status":"publish","type":"post","link":"https:\/\/www.europesays.com\/fr\/228495\/","title":{"rendered":"Hockey sur glace &#8211; Ligue Magnus. Les Br\u00fbleurs de loups s\u00e9curisent leur premi\u00e8re ligne d\u2019attaque en prolongeant Alexandre Mallet"},"content":{"rendered":"<p>Le trio qu\u00e9b\u00e9cois des Br\u00fbleurs de loups est reform\u00e9 pour la saison prochaine. Christophe Boivin, le top scorer de Grenoble la saison derni\u00e8re (72 points, 39 buts et 33 assistances) et Fran\u00e7ois Beauchemin (62 points, 17 buts et 45 assistances) avaient d\u00e9j\u00e0 prolong\u00e9 leur contrat au d\u00e9but de l\u2019intersaison avec le club champion de France.<\/p>\n<p>C\u2019est maintenant au tour du troisi\u00e8me Canadien, Alexandre Mallet, d\u2019\u00eatre officiellement prolong\u00e9. Ce n\u2019est pas une surprise, puisque <a href=\"https:\/\/www.ledauphine.com\/sport\/2025\/04\/10\/les-bdl-continuent-de-batir-pour-l-avenir\" target=\"_blank\" rel=\"noopener\"> Le Dauphin\u00e9 Lib\u00e9r\u00e9<\/a><a href=\"https:\/\/www.ledauphine.com\/sport\/2025\/04\/10\/les-bdl-continuent-de-batir-pour-l-avenir\" target=\"_blank\" rel=\"noopener\"> avait d\u00e9j\u00e0 annonc\u00e9 que l\u2019affaire \u00e9tait entendue depuis plusieurs semaines.<\/a><\/p>\n<p>Ce contenu est bloqu\u00e9 car vous n&rsquo;avez pas accept\u00e9 les cookies et autres traceurs.<\/p>\n<p>En cliquant sur \u00ab J\u2019accepte \u00bb, les cookies et autres traceurs seront d\u00e9pos\u00e9s et vous pourrez visualiser les contenus  (<a href=\"\" class=\"consentModule_policy\" target=\"_blank\" title=\"Consulter la politique de protection des donn\u00e9es du fournisseur\">plus d&rsquo;informations<\/a>).<\/p>\n<p>En cliquant sur \u00ab J\u2019accepte tous les cookies \u00bb, vous autorisez des d\u00e9p\u00f4ts de cookies et autres traceurs pour le stockage de vos donn\u00e9es sur nos sites et applications \u00e0 des fins de personnalisation et de ciblage publicitaire.<\/p>\n<p class=\"consentModule_secondaryText\">Vous gardez la possibilit\u00e9 de retirer votre consentement \u00e0 tout moment en consultant notre <a href=\"https:\/\/www.ledauphine.com\/protection-des-donnees\" target=\"_blank\" title=\"Consulter notre politique de protection des donn\u00e9es\" rel=\"noopener\">politique de protection des donn\u00e9es<\/a>. <br \/>&#13;<br \/>\n            <a href=\"https:\/\/www.ledauphine.com\/sport\/2025\/07\/05\/javascript:Didomi.notice.show()\" class=\"consentModule_cmp\" target=\"_blank\" rel=\"noopener\">G\u00e9rer mes choix<\/a>&#13;\n        <\/p>\n<p>&#13;<br \/>\n                        J&rsquo;accepte&#13;<br \/>\n            J&rsquo;accepte tous les cookies&#13;\n        <\/p>\n<p>  53 points la saison derni\u00e8re<\/p>\n<p>Sorti de sa retraite par les Br\u00fbleurs de loups en d\u00e9but de saison 2024, <a href=\"https:\/\/www.ledauphine.com\/sport\/2024\/09\/22\/sorti-de-sa-retraite-de-pecheur-de-crabes-alexandre-mallet-s-offre-un-dernier-challenge-a-grenoble\" target=\"_blank\" rel=\"noopener\"> Alexandre Mallet avait d\u2019abord annonc\u00e9 vouloir repartir que pour une seule saison<\/a>, avant de changer d\u2019avis au cours de l\u2019ann\u00e9e (53 points, 21 buts et 32 assistances).<\/p>\n<p>Le natif d\u2019Amqui, dans la province qu\u00e9b\u00e9coise, va donc disputer sa deuxi\u00e8me saison sous le maillot des Br\u00fbleurs de loups de Grenoble.<\/p>\n<p>Avec cette signature, l&rsquo;entra\u00eeneur su\u00e9dois Per Hanberg s\u00e9curise sa premi\u00e8re ligne, <a href=\"https:\/\/www.ledauphine.com\/sport\/2025\/04\/05\/jour-de-sacre-pour-les-bruleurs-de-loups-suivez-le-match-5-face-a-angers\" target=\"_blank\" rel=\"noopener\"> surnomm\u00e9e \u00ab\u00a0Air Canada\u00a0\u00bb<\/a> , gr\u00e2ce au rendement supersonique des attaquants (187 points sur la saison) grenoblois. Un sacr\u00e9 atout pour la future saison \u00e0 venir.<\/p>\n","protected":false},"excerpt":{"rendered":"Le trio qu\u00e9b\u00e9cois des Br\u00fbleurs de loups est reform\u00e9 pour la saison prochaine. Christophe Boivin, le top scorer&hellip;\n","protected":false},"author":2,"featured_media":228496,"comment_status":"","ping_status":"","sticky":false,"template":"","format":"standard","meta":{"footnotes":""},"categories":[9566],"tags":[1111,11,2430,112,1777,674,1701,1011,27,2731,2732,10145,108,10146,12,25,517,1947],"class_list":{"0":"post-228495","1":"post","2":"type-post","3":"status-publish","4":"format-standard","5":"has-post-thumbnail","7":"category-grenoble","8":"tag-actu","9":"tag-actualites","10":"tag-auvergne-rhone-alpes","11":"tag-edition-grenoble-agglomeration","12":"tag-eu","13":"tag-europe","14":"tag-fil-info-sport","15":"tag-fr","16":"tag-france","17":"tag-grenoble","18":"tag-grenoble-bassin","19":"tag-hockey-sur-glace-grenoble","20":"tag-isere","21":"tag-ligue-magnus-hockey-sur-glace","22":"tag-news","23":"tag-republique-francaise","24":"tag-sport","25":"tag-sport-national"},"share_on_mastodon":{"url":"https:\/\/pubeurope.com\/@fr\/114801511306586124","error":""},"_links":{"self":[{"href":"https:\/\/www.europesays.com\/fr\/wp-json\/wp\/v2\/posts\/228495","targetHints":{"allow":["GET"]}}],"collection":[{"href":"https:\/\/www.europesays.com\/fr\/wp-json\/wp\/v2\/posts"}],"about":[{"href":"https:\/\/www.europesays.com\/fr\/wp-json\/wp\/v2\/types\/post"}],"author":[{"embeddable":true,"href":"https:\/\/www.europesays.com\/fr\/wp-json\/wp\/v2\/users\/2"}],"replies":[{"embeddable":true,"href":"https:\/\/www.europesays.com\/fr\/wp-json\/wp\/v2\/comments?post=228495"}],"version-history":[{"count":0,"href":"https:\/\/www.europesays.com\/fr\/wp-json\/wp\/v2\/posts\/228495\/revisions"}],"wp:featuredmedia":[{"embeddable":true,"href":"https:\/\/www.europesays.com\/fr\/wp-json\/wp\/v2\/media\/228496"}],"wp:attachment":[{"href":"https:\/\/www.europesays.com\/fr\/wp-json\/wp\/v2\/media?parent=228495"}],"wp:term":[{"taxonomy":"category","embeddable":true,"href":"https:\/\/www.europesays.com\/fr\/wp-json\/wp\/v2\/categories?post=228495"},{"taxonomy":"post_tag","embeddable":true,"href":"https:\/\/www.europesays.com\/fr\/wp-json\/wp\/v2\/tags?post=228495"}],"curies":[{"name":"wp","href":"https:\/\/api.w.org\/{rel}","templated":true}]}}