{"id":228497,"date":"2025-07-05T16:13:34","date_gmt":"2025-07-05T16:13:34","guid":{"rendered":"https:\/\/www.europesays.com\/fr\/228497\/"},"modified":"2025-07-05T16:13:34","modified_gmt":"2025-07-05T16:13:34","slug":"bac-2025-rennes-paris-bordeaux-retrouvez-les-premiers-resultats-maville","status":"publish","type":"post","link":"https:\/\/www.europesays.com\/fr\/228497\/","title":{"rendered":"Bac 2025 : Rennes, Paris, Bordeaux\u2026 Retrouvez les premiers r\u00e9sultats &#8211; Maville"},"content":{"rendered":"<ol>\n<li><a href=\"https:\/\/news.google.com\/rss\/articles\/CBMi1AFBVV95cUxNRGt0cjBfT3NtcVVFR3NVdVJmdlNud3lQdDhqOU94THpSTEtESHFfLXM1SmpDVnYwTlNicERDNWtBWUVYbF9XaDBWTVJlN2NZOG9LVTl5WHZIYTFvcGw0aklSNld2bVQwTGptcGNPekZwbmtYb2I1NnNZTzR5b2JabVdMX3FWdlNCT2lOY1g1V1NkR3JWZnVtY2V4R3VHLXZNSy1XenFIYTFqaE95Ulh0cVpVZmp6RG94MDdXNEhBYURfTDVFRl9oV3JXLVA1Q1FjTkczMw?oc=5\" target=\"_blank\" rel=\"nofollow noopener\">Bac 2025 : Rennes, Paris, Bordeaux\u2026 Retrouvez les premiers r\u00e9sultats<\/a>&nbsp;&nbsp;Maville<\/li>\n<li><a href=\"https:\/\/news.google.com\/rss\/articles\/CBMi7gFBVV95cUxNY0wzTEk5XzNkU3JSU2RuZWxnVENyUWlOY082MThneVB4T1BCbGxaQWRWWV9CckdubGVEWmNEc1J1Wm80b21ieVNhTmVXdVJXVDI1ODZvT2tpXzg0bHB6SDZqSTM1UTBBbEJJZjNhdmcxNzZhS3plcEhtX0NmWkx2Q2RXVTZfUjdnSXN1N3RBZ202TTJubW9ZWWlWdDVqVWFPTzEtLWNfM2VMWms3TlNhVGFvMExhV2xwUGJyMHMtS2VlYmhwLWtWc2N1OTN6UkliWWNDaWFUMHZrRHM0am5VSHBEVXE0SXFiZ252aDJR?oc=5\" target=\"_blank\" rel=\"nofollow noopener\">\u00abJe n\u2019ai pas eu la mention que j\u2019esp\u00e9rais \u00bb : devant le lyc\u00e9e Racine \u00e0 Paris, les lyc\u00e9ens surexcit\u00e9s d\u00e9couvrent les r\u00e9sultats du bac<\/a>&nbsp;&nbsp;Figaro \u00e9tudiant<\/li>\n<li><a href=\"https:\/\/news.google.com\/rss\/articles\/CBMixgFBVV95cUxNU3dnQm14WnhWYmFsQW1sdWxrT1M3ZTFrTWNOZVdCWTEtQ0ZteHp4VkJfdUZ2UW12NjhGOTRUa21jU2gyOV9LejhUTDRKNW9wMVNRTkZsR2RlZDRfYlFJQ181eDFkamNGYk53S0xNQ1lVeHhhRzVYTFA2SXRkQk9XN2MwNTBmbWVkQmdlczBvbVY1TDJ6eldsNnJIVXNGS0VWbnEwS0pSS1drNTVGcHRXS2F2R05kTDdwSlQ3bnhMNExCMWxXV1E?oc=5\" target=\"_blank\" rel=\"nofollow noopener\">Baccalaur\u00e9at : la Creuse a le meilleur taux de r\u00e9ussite de l&rsquo;acad\u00e9mie<\/a>&nbsp;&nbsp;La Montagne<\/li>\n<li><a href=\"https:\/\/news.google.com\/rss\/articles\/CBMi3AFBVV95cUxNd3puOUFIWFlXM1F5aUtFWFVURVpWdXVwZ0NVU1YzZGJ2VjZZb3BFZVRZbEcxVEc3eG5FWmlodE1fVnZPM2d4QkhWTWtMTml6UGljRGJObGJzMm4xeGYzUVllb3BPZVNiWjlpdmVqbzlhdkVYQnU4c0ZXZ0Q0Ti10anh5eExjUjRET0w1MGtJSk5xUFVQRExVdW9mNUJubzRRcTJvTWxxVm5nM0duM1B6ZG9VR1Y0N1VwZmw2S19KNHBqNkJMSGxSb05WdHRPRm14LWlQY3ZtYjB1bEtT?oc=5\" target=\"_blank\" rel=\"nofollow noopener\">Elles et ils ont obtenu une mention tr\u00e8s bien lors des r\u00e9sultats du Bac<\/a>&nbsp;&nbsp;Creusot Infos<\/li>\n<li><a href=\"https:\/\/news.google.com\/rss\/articles\/CBMi4AFBVV95cUxQdk1wV3dZQ3cxV005N01XeGdkbWhnZDdIWWlyWmVzT3lKdGdNVlRWVV8tYmZwdmsxVDNhajBIMW5mejBNZ2Uzakp1VXc2VFJiSlZSRVZ1aDZmVVcyaEhWSnJaM2lBNmtobGFBc3JUQ28zSnN5QkhCdkN5NTFtaTE2bGpCTll1MHlmc3Z3ZHpmdk5falZnLWMyY09NQy1XTXQ4dktnb0JfcEpmaE95SUxQWmNHMnQyVzM3cXh3ZWMyald2aHJ4bk1PTHFIWm56LWVvcmtlYXN3aDlfeTZsT1BIWA?oc=5\" target=\"_blank\" rel=\"nofollow noopener\">Bac 2025 : bient\u00f4t les r\u00e9sultats pour 720 000 lyc\u00e9ens<\/a>&nbsp;&nbsp;Le Monde.fr<\/li>\n<\/ol>\n","protected":false},"excerpt":{"rendered":"Bac 2025 : Rennes, Paris, Bordeaux\u2026 Retrouvez les premiers r\u00e9sultats&nbsp;&nbsp;Maville \u00abJe n\u2019ai pas eu la mention que j\u2019esp\u00e9rais&hellip;\n","protected":false},"author":2,"featured_media":226333,"comment_status":"","ping_status":"","sticky":false,"template":"","format":"standard","meta":{"footnotes":""},"categories":[2821],"tags":[17,1111,11,3050,829,3474,1777,674,1011,27,5207,12,959,584,25,1980,3272],"class_list":{"0":"post-228497","1":"post","2":"type-post","3":"status-publish","4":"format-standard","5":"has-post-thumbnail","7":"category-rennes","8":"tag-17","9":"tag-actu","10":"tag-actualites","11":"tag-bac","12":"tag-bretagne","13":"tag-decouvrez","14":"tag-eu","15":"tag-europe","16":"tag-fr","17":"tag-france","18":"tag-moteur","19":"tag-news","20":"tag-recherche","21":"tag-rennes","22":"tag-republique-francaise","23":"tag-resultats","24":"tag-saint-nazaire"},"share_on_mastodon":{"url":"https:\/\/pubeurope.com\/@fr\/114801515106666981","error":""},"_links":{"self":[{"href":"https:\/\/www.europesays.com\/fr\/wp-json\/wp\/v2\/posts\/228497","targetHints":{"allow":["GET"]}}],"collection":[{"href":"https:\/\/www.europesays.com\/fr\/wp-json\/wp\/v2\/posts"}],"about":[{"href":"https:\/\/www.europesays.com\/fr\/wp-json\/wp\/v2\/types\/post"}],"author":[{"embeddable":true,"href":"https:\/\/www.europesays.com\/fr\/wp-json\/wp\/v2\/users\/2"}],"replies":[{"embeddable":true,"href":"https:\/\/www.europesays.com\/fr\/wp-json\/wp\/v2\/comments?post=228497"}],"version-history":[{"count":0,"href":"https:\/\/www.europesays.com\/fr\/wp-json\/wp\/v2\/posts\/228497\/revisions"}],"wp:featuredmedia":[{"embeddable":true,"href":"https:\/\/www.europesays.com\/fr\/wp-json\/wp\/v2\/media\/226333"}],"wp:attachment":[{"href":"https:\/\/www.europesays.com\/fr\/wp-json\/wp\/v2\/media?parent=228497"}],"wp:term":[{"taxonomy":"category","embeddable":true,"href":"https:\/\/www.europesays.com\/fr\/wp-json\/wp\/v2\/categories?post=228497"},{"taxonomy":"post_tag","embeddable":true,"href":"https:\/\/www.europesays.com\/fr\/wp-json\/wp\/v2\/tags?post=228497"}],"curies":[{"name":"wp","href":"https:\/\/api.w.org\/{rel}","templated":true}]}}