{"id":228498,"date":"2025-07-05T16:14:15","date_gmt":"2025-07-05T16:14:15","guid":{"rendered":"https:\/\/www.europesays.com\/fr\/228498\/"},"modified":"2025-07-05T16:14:15","modified_gmt":"2025-07-05T16:14:15","slug":"handball-saint-raphael-attaquera-a-cesson-rennes-en-starligue-avant-de-recevoir-le-psg","status":"publish","type":"post","link":"https:\/\/www.europesays.com\/fr\/228498\/","title":{"rendered":"Handball: Saint-Rapha\u00ebl attaquera \u00e0 Cesson-Rennes en Starligue avant de recevoir le PSG"},"content":{"rendered":"<p>Il ne faudra pas attendre longtemps pour assister au premier choc. Puisque la semaine suivante, les Varois recevront les champions de France en titre, le Paris SG.<\/p>\n<p>Les joueurs du SRVHB reprendront le chemin des terrains le lundi 21 juillet.<\/p>\n<p>Leur premi\u00e8re rencontre officielle est programm\u00e9e le 2 ou le 3 septembre avec les 16e de finale de coupe de France. Chaque club de Proligue recevra une \u00e9quipe de Starligue. La F\u00e9d\u00e9ration fran\u00e7aise de handball proc\u00e8dera au tirage au sort ult\u00e9rieurement.<\/p>\n","protected":false},"excerpt":{"rendered":"Il ne faudra pas attendre longtemps pour assister au premier choc. Puisque la semaine suivante, les Varois recevront&hellip;\n","protected":false},"author":2,"featured_media":228499,"comment_status":"","ping_status":"","sticky":false,"template":"","format":"standard","meta":{"footnotes":""},"categories":[2821],"tags":[1111,11,829,1777,674,1011,27,1792,12,584,25,60],"class_list":{"0":"post-228498","1":"post","2":"type-post","3":"status-publish","4":"format-standard","5":"has-post-thumbnail","7":"category-rennes","8":"tag-actu","9":"tag-actualites","10":"tag-bretagne","11":"tag-eu","12":"tag-europe","13":"tag-fr","14":"tag-france","15":"tag-handball","16":"tag-news","17":"tag-rennes","18":"tag-republique-francaise","19":"tag-sports"},"share_on_mastodon":{"url":"https:\/\/pubeurope.com\/@fr\/114801519258796733","error":""},"_links":{"self":[{"href":"https:\/\/www.europesays.com\/fr\/wp-json\/wp\/v2\/posts\/228498","targetHints":{"allow":["GET"]}}],"collection":[{"href":"https:\/\/www.europesays.com\/fr\/wp-json\/wp\/v2\/posts"}],"about":[{"href":"https:\/\/www.europesays.com\/fr\/wp-json\/wp\/v2\/types\/post"}],"author":[{"embeddable":true,"href":"https:\/\/www.europesays.com\/fr\/wp-json\/wp\/v2\/users\/2"}],"replies":[{"embeddable":true,"href":"https:\/\/www.europesays.com\/fr\/wp-json\/wp\/v2\/comments?post=228498"}],"version-history":[{"count":0,"href":"https:\/\/www.europesays.com\/fr\/wp-json\/wp\/v2\/posts\/228498\/revisions"}],"wp:featuredmedia":[{"embeddable":true,"href":"https:\/\/www.europesays.com\/fr\/wp-json\/wp\/v2\/media\/228499"}],"wp:attachment":[{"href":"https:\/\/www.europesays.com\/fr\/wp-json\/wp\/v2\/media?parent=228498"}],"wp:term":[{"taxonomy":"category","embeddable":true,"href":"https:\/\/www.europesays.com\/fr\/wp-json\/wp\/v2\/categories?post=228498"},{"taxonomy":"post_tag","embeddable":true,"href":"https:\/\/www.europesays.com\/fr\/wp-json\/wp\/v2\/tags?post=228498"}],"curies":[{"name":"wp","href":"https:\/\/api.w.org\/{rel}","templated":true}]}}