{"id":228500,"date":"2025-07-05T16:15:12","date_gmt":"2025-07-05T16:15:12","guid":{"rendered":"https:\/\/www.europesays.com\/fr\/228500\/"},"modified":"2025-07-05T16:15:12","modified_gmt":"2025-07-05T16:15:12","slug":"renaissance-le-prg-cutajar-et-sother-reagissent-a-la-candidature-de-barseghian","status":"publish","type":"post","link":"https:\/\/www.europesays.com\/fr\/228500\/","title":{"rendered":"Renaissance, le PRG, Cutajar et Sother r\u00e9agissent \u00e0 la candidature de Barseghian"},"content":{"rendered":"<p>  Le parti Renaissance r\u00e9agit \u00e0 la candidature de <a href=\"https:\/\/www.dna.fr\/p\/jeanne-barseghian\" target=\"_blank\" rel=\"noopener\">Jeanne Barseghian<\/a><\/p>\n<p><a href=\"https:\/\/www.dna.fr\/politique\/2025\/06\/11\/renaissance-veut-parler-de-strasbourg\" target=\"_blank\" rel=\"noopener\">Le parti Renaissance<\/a> bas-rhinois estime dans un communiqu\u00e9 qu\u2019\u00ab\u00a0en annon\u00e7ant sa candidature, la maire de Strasbourg offre aux Strasbourgeois l\u2019occasion d\u2019exprimer, par les urnes, le d\u00e9saveu massif d\u2019un mandat marqu\u00e9 par l\u2019inaction, les divisions et les renoncements\u00a0\u00bb. Et d\u2019ajouter\u00a0: \u00ab\u00a0En mars\u00a02026, les Strasbourgeois auront l\u2019occasion de se lib\u00e9rer de six ann\u00e9es de gestion id\u00e9ologique et inefficace, et de choisir enfin une alternance responsable.\u00a0\u00bb<\/p>\n<p>  Chantal Cutajar pour\u00a0un \u00ab\u00a0renouveau d\u00e9mocratique\u00a0\u00bb<\/p>\n<p>\u00ab <a href=\"https:\/\/www.dna.fr\/elections\/2025\/07\/03\/a-strasbourg-l-ecologiste-jeanne-barseghian-candidate-a-sa-reelection\" target=\"_blank\" rel=\"noopener\">La maire sortante a officialis\u00e9 sa candidature<\/a> \u00e0 un second mandat. C\u2019est son choix. Mais la question qui se pose \u00e0 Strasbourg d\u00e9passe largement les candidatures individuelles\u00a0\u00bb, d\u00e9marre le communiqu\u00e9.<\/p>\n<p>\u00ab\u00a0Ce que je per\u00e7ois au contact des Strasbourgeoises et Strasbourgeois, c\u2019est un profond besoin de clart\u00e9, de coh\u00e9rence, et de renouveau d\u00e9mocratique. La ville est fatigu\u00e9e par des postures id\u00e9ologiques, des d\u00e9cisions descendantes, des tensions permanentes. Ce n\u2019est pas une alternance technique qu\u2019il faut. C\u2019est une refondation politique et \u00e9thique\u00a0\u00bb, <a href=\"https:\/\/www.dna.fr\/politique\/2025\/05\/09\/chantal-cutajar-estime-qu-une-autre-voie-est-possible\" target=\"_blank\" rel=\"noopener\">consid\u00e8re Chantal Cutajar<\/a>.<\/p>\n<p>Et la pr\u00e9sidente du parti Cap\u00a021 d\u2019annoncer que \u00ab\u00a0c\u2019est pour poser cette exigence que je prendrai une initiative publique \u00e0 la rentr\u00e9e. Un temps fort qui posera les fondations d\u2019un autre chemin pour Strasbourg\u00a0\u00bb.<\/p>\n<p>Avant de d\u00e9clarer \u00ab\u00a0disponible pour contribuer \u00e0 une nouvelle dynamique politique\u00a0\u00bb.\u00a0Et l\u2019ancienne adjointe de se dire \u00ab\u00a0pr\u00eate \u00e0 prendre mes responsabilit\u00e9s si ce cap n\u2019est port\u00e9 par personne\u00a0\u00bb.<\/p>\n<p>  Le d\u00e9put\u00e9 <a href=\"https:\/\/www.dna.fr\/p\/thierry-sother\" target=\"_blank\" rel=\"noopener\">Thierry Sother<\/a> indique que le PS prendra \u00ab\u200atoute sa part\u200a\u00bb au d\u00e9bat des municipales<\/p>\n<p>Le d\u00e9put\u00e9 strasbourgeois Thierry Sother r\u00e9agit \u00e0 la d\u00e9claration de candidature de Jeanne Barseghian \u00e0 sa r\u00e9\u00e9lection. \u00ab\u200aAvec cette annonce, l\u2019\u00e9quipe municipale marque son entr\u00e9e en campagne \u00e9lectorale et son bilan doit \u00eatre d\u00e9battu. Apr\u00e8s cinq ans de gouvernance verticale et heurt\u00e9e, ce moment d\u00e9mocratique est important et ne saurait \u00eatre enjamb\u00e9\u200a\u00bb, analyse-t-il.<br \/>Avant de consid\u00e9rer que \u00ab\u200aplusieurs visions de Strasbourg se dessinent. Elles doivent \u00eatre compar\u00e9es, bilan contre projet\u200a\u00bb. Il aspire \u00e0 \u00ab\u200aune ville plus paisible, plus juste, mieux pr\u00e9par\u00e9e au changement climatique et qui rayonne \u00e0 nouveau en France et en Europe\u200a\u00bb.<br \/>L\u2019essentiel, dit-il, \u00ab\u200asera le projet et le collectif qui le portera\u200a\u00bb. Celui du PS \u00ab\u200asera la pierre angulaire de notre engagement et de la vision que nous portons et allons proposer aux Strasbourgeois\u200a\u00bb. Et de conclure\u200a: \u00ab\u200aLe Parti socialiste prendra toute sa part dans ce d\u00e9bat avec la trajectoire et l\u2019esprit de la feuille de route dont il s\u2019est dot\u00e9 au printemps dernier.\u200a\u00bb<\/p>\n<p>  Thibaut Vinci (Parti radical de gauche) non surpris par la candidature de Barseghian<\/p>\n<p>\u00ab\u200aL\u2019annonce de Jeanne Barseghian de briguer un second mandat\u200a? Franchement, \u00e7a ne me surprend pas. C\u2019est dans la logique des choses\u200a: quand on est au pouvoir, on s\u2019accroche\u200a\u00bb, appuie <a href=\"https:\/\/www.dna.fr\/elections\/2025\/06\/27\/thibaut-vinci-candidat-officiel-du-parti-radical-de-gauche-a-strasbourg\" target=\"_blank\" rel=\"noopener\">le candidat du Parti radical de gauche<\/a>.<br \/>Mais, souligne-t-il, \u00ab\u200aStrasbourg m\u00e9rite mieux qu\u2019un bilan en demi-teinte, entre pol\u00e9miques st\u00e9riles et promesses non tenues\u200a\u00bb. La ville \u00ab\u200aa besoin d\u2019un projet audacieux, d\u2019une vision qui ne se contente pas de g\u00e9rer l\u2019existant, mais qui transforme, qui inspire, qui unit\u200a\u00bb.<br \/>Autrement dit\u200a: \u00ab\u200aUn renouveau ancr\u00e9 dans les valeurs du Parti radical de gauche\u200a: la justice sociale, la la\u00efcit\u00e9, la solidarit\u00e9, et un progr\u00e8s partag\u00e9 pour tous. [\u2026] La s\u00e9curit\u00e9 dans nos quartiers, l\u2019acc\u00e8s aux services publics, la vitalit\u00e9 \u00e9conomique, l\u2019Europe au c\u0153ur de notre ville.\u200a\u00bb En clair\u200a: les priorit\u00e9s d\u2019\u00ab\u200aune gauche moderne, pragmatique et courageuse\u200a\u00bb.<\/p>\n","protected":false},"excerpt":{"rendered":"Le parti Renaissance r\u00e9agit \u00e0 la candidature de Jeanne Barseghian Le parti Renaissance bas-rhinois estime dans un communiqu\u00e9&hellip;\n","protected":false},"author":2,"featured_media":228501,"comment_status":"","ping_status":"","sticky":false,"template":"","format":"standard","meta":{"footnotes":""},"categories":[2820],"tags":[1111,11,2649,1984,2880,5949,4188,1777,674,107,1011,27,775,12,316,25,640,2879],"class_list":{"0":"post-228500","1":"post","2":"type-post","3":"status-publish","4":"format-standard","5":"has-post-thumbnail","7":"category-strasbourg","8":"tag-actu","9":"tag-actualites","10":"tag-bas-rhin","11":"tag-conseil-municipal","12":"tag-edition-strasbourg","13":"tag-elections","14":"tag-elections-municipales","15":"tag-eu","16":"tag-europe","17":"tag-fil-info","18":"tag-fr","19":"tag-france","20":"tag-grand-est","21":"tag-news","22":"tag-politique","23":"tag-republique-francaise","24":"tag-strasbourg","25":"tag-strasbourg-ville"},"share_on_mastodon":{"url":"https:\/\/pubeurope.com\/@fr\/114801523065013037","error":""},"_links":{"self":[{"href":"https:\/\/www.europesays.com\/fr\/wp-json\/wp\/v2\/posts\/228500","targetHints":{"allow":["GET"]}}],"collection":[{"href":"https:\/\/www.europesays.com\/fr\/wp-json\/wp\/v2\/posts"}],"about":[{"href":"https:\/\/www.europesays.com\/fr\/wp-json\/wp\/v2\/types\/post"}],"author":[{"embeddable":true,"href":"https:\/\/www.europesays.com\/fr\/wp-json\/wp\/v2\/users\/2"}],"replies":[{"embeddable":true,"href":"https:\/\/www.europesays.com\/fr\/wp-json\/wp\/v2\/comments?post=228500"}],"version-history":[{"count":0,"href":"https:\/\/www.europesays.com\/fr\/wp-json\/wp\/v2\/posts\/228500\/revisions"}],"wp:featuredmedia":[{"embeddable":true,"href":"https:\/\/www.europesays.com\/fr\/wp-json\/wp\/v2\/media\/228501"}],"wp:attachment":[{"href":"https:\/\/www.europesays.com\/fr\/wp-json\/wp\/v2\/media?parent=228500"}],"wp:term":[{"taxonomy":"category","embeddable":true,"href":"https:\/\/www.europesays.com\/fr\/wp-json\/wp\/v2\/categories?post=228500"},{"taxonomy":"post_tag","embeddable":true,"href":"https:\/\/www.europesays.com\/fr\/wp-json\/wp\/v2\/tags?post=228500"}],"curies":[{"name":"wp","href":"https:\/\/api.w.org\/{rel}","templated":true}]}}