{"id":228502,"date":"2025-07-05T16:16:10","date_gmt":"2025-07-05T16:16:10","guid":{"rendered":"https:\/\/www.europesays.com\/fr\/228502\/"},"modified":"2025-07-05T16:16:10","modified_gmt":"2025-07-05T16:16:10","slug":"strasbourg-finale-des-meilleurs-apprentis-de-france-les-derniers-laureats-alsaciens","status":"publish","type":"post","link":"https:\/\/www.europesays.com\/fr\/228502\/","title":{"rendered":"Strasbourg. Finale des Meilleurs apprentis de France\u00a0: les derniers laur\u00e9ats alsaciens"},"content":{"rendered":"<p>La 40e finale du concours Un des meilleurs apprentis de France (MAF), qui s\u2019est tenueles 27, 28 et 29 juin au parc des expositions \u00e0 Strasbourg, a mis <a href=\"https:\/\/www.dna.fr\/economie\/2025\/06\/29\/meilleurs-apprentis-de-france-un-savoir-faire-petri-de-valeurs\" target=\"_blank\" rel=\"nofollow noopener\">de nombreux Alsaciens \u00e0 l\u2019honneur<\/a>. Une belle brochette de laur\u00e9ats \u00e0 laquelle s\u2019ajoutent les derniers distingu\u00e9s qui concouraient dimanche dernier.<\/p>\n<p>Mosser Kiera, Cacilie Guillemin, Lucie Stempfler et Maelys Weider d\u00e9crochent le titre chez les fleuristes. Tout comme Eline Saglibene en coiffure et L\u00e9o Fischer-Kientz chez les jardiniers-paysagistes.<\/p>\n<p>Ce qui porte \u00e0 14 le nombre d\u2019Alsaciens dipl\u00f4m\u00e9s. Un chiffre qui pourrait encore augmenter en septembre-octobre avec les finales des m\u00e9tiers de bouche et des arts de la table qui se tiendront au lyc\u00e9e h\u00f4telier Alexandre-Dumas \u00e0 Illkirch-Graffenstaden.<\/p>\n","protected":false},"excerpt":{"rendered":"La 40e finale du concours Un des meilleurs apprentis de France (MAF), qui s\u2019est tenueles 27, 28 et&hellip;\n","protected":false},"author":2,"featured_media":228503,"comment_status":"","ping_status":"","sticky":false,"template":"","format":"standard","meta":{"footnotes":""},"categories":[2820],"tags":[1111,11,2389,1477,33,1777,674,107,1011,27,775,12,25,640],"class_list":{"0":"post-228502","1":"post","2":"type-post","3":"status-publish","4":"format-standard","5":"has-post-thumbnail","7":"category-strasbourg","8":"tag-actu","9":"tag-actualites","10":"tag-alsace","11":"tag-artisanat","12":"tag-economie","13":"tag-eu","14":"tag-europe","15":"tag-fil-info","16":"tag-fr","17":"tag-france","18":"tag-grand-est","19":"tag-news","20":"tag-republique-francaise","21":"tag-strasbourg"},"share_on_mastodon":{"url":"https:\/\/pubeurope.com\/@fr\/114801527011234055","error":""},"_links":{"self":[{"href":"https:\/\/www.europesays.com\/fr\/wp-json\/wp\/v2\/posts\/228502","targetHints":{"allow":["GET"]}}],"collection":[{"href":"https:\/\/www.europesays.com\/fr\/wp-json\/wp\/v2\/posts"}],"about":[{"href":"https:\/\/www.europesays.com\/fr\/wp-json\/wp\/v2\/types\/post"}],"author":[{"embeddable":true,"href":"https:\/\/www.europesays.com\/fr\/wp-json\/wp\/v2\/users\/2"}],"replies":[{"embeddable":true,"href":"https:\/\/www.europesays.com\/fr\/wp-json\/wp\/v2\/comments?post=228502"}],"version-history":[{"count":0,"href":"https:\/\/www.europesays.com\/fr\/wp-json\/wp\/v2\/posts\/228502\/revisions"}],"wp:featuredmedia":[{"embeddable":true,"href":"https:\/\/www.europesays.com\/fr\/wp-json\/wp\/v2\/media\/228503"}],"wp:attachment":[{"href":"https:\/\/www.europesays.com\/fr\/wp-json\/wp\/v2\/media?parent=228502"}],"wp:term":[{"taxonomy":"category","embeddable":true,"href":"https:\/\/www.europesays.com\/fr\/wp-json\/wp\/v2\/categories?post=228502"},{"taxonomy":"post_tag","embeddable":true,"href":"https:\/\/www.europesays.com\/fr\/wp-json\/wp\/v2\/tags?post=228502"}],"curies":[{"name":"wp","href":"https:\/\/api.w.org\/{rel}","templated":true}]}}