{"id":228508,"date":"2025-07-05T16:19:12","date_gmt":"2025-07-05T16:19:12","guid":{"rendered":"https:\/\/www.europesays.com\/fr\/228508\/"},"modified":"2025-07-05T16:19:12","modified_gmt":"2025-07-05T16:19:12","slug":"sur-lile-de-nantes-ce-nouveau-restaurant-a-12-000-cartes-postales-au-plafond","status":"publish","type":"post","link":"https:\/\/www.europesays.com\/fr\/228508\/","title":{"rendered":"Sur l&rsquo;\u00eele de Nantes, ce nouveau restaurant a 12 000 cartes postales au plafond"},"content":{"rendered":"<p>            Par<br \/>\n        <strong><br \/>\n            <a href=\"https:\/\/actu.fr\/auteur\/thomas-bernard\" title=\"Consulter tous les articles de Thomas Bernard\" target=\"_blank\" rel=\"noopener\">Thomas Bernard<\/a><br \/>\n        <\/strong><\/p>\n<p>        Publi\u00e9 le<\/p>\n<p>            5 juil. 2025 \u00e0 17h46        <\/p>\n<p>Au fond d\u2019un parking, la devanture bleue d\u2019un b\u00e2timent cache<strong> un restaurant pas comme les autres<\/strong>. Pour \u00eatre exact : \u00ab\u00a0une cantine timbr\u00e9e\u00a0\u00bb. Dans les locaux de La Poste, sur l\u2019\u00eele de Nantes, rue de l\u2019\u00eele Mabon, les couverts sont de nouveau roi dans l\u2019ancienne cantine de La Poste, o\u00f9 plus de 500 plats \u00e9taient servis quotidiennement.\u00a0<\/p>\n<p class=\" wall-content\">Le restaurant \u00ab\u00a0\u00c0 la carte postale\u00a0\u00bb, g\u00e9r\u00e9 par la coop\u00e9rative Commun\u2019ile, a pris ses quartiers depuis le 26 mai 2025. \u00c0 l\u2019int\u00e9rieur, les clients d\u00e9gustent leur d\u00e9jeuner sous un nuage de cartes postales, elles sont <strong>12 000 \u00e0 \u00eatre accroch\u00e9es au plafond<\/strong>. On y vient \u00e9galement pour son porte-monnaie. D\u00e9couverte.\u00a0<\/p>\n<p>Une formule \u00e0 moins de 15 euros<\/p>\n<p class=\" wall-content\">Le nouveau restaurant de l\u2019\u00eele de Nantes est g\u00e9r\u00e9 par la <strong>coop\u00e9rative Commun\u2019ile,<\/strong> en charge de plusieurs structures de la r\u00e9gion nantaise : Le Wattignies, le labo Diva, le Bar Ile ou bien la ferme Les Landes fertiles (\u00e0 Corcou\u00e9-sur-Logne).\u00a0<\/p>\n<p class=\" wall-content\">Le collectif \u00e9tait int\u00e9ress\u00e9 de <strong>donner une seconde vie<\/strong> \u00e0 ce lieu embl\u00e9matique de l\u2019\u00eele de Nantes.\u00a0<\/p>\n<p class=\" wall-content\">\u00ab\u00a0On a vu \u00e9norm\u00e9ment de potentiel. Cette cantine avait du sens pour les gens du b\u00e2timent. Depuis plus de 30 ans, la cantine \u00e9tait occup\u00e9e\u00a0\u00bb, explique Morgane, co-g\u00e9rante du restaurant.\u00a0<\/p>\n<p>    <img   decoding=\"async\" loading=\"lazy\" src=\"https:\/\/www.europesays.com\/fr\/wp-content\/uploads\/2025\/07\/cartes-postales-restaurant-nantes-960x640.jpeg\" alt=\"12 000 cartes postales sont accroch\u00e9es au plafond de la nouvelle \" width=\"960\" height=\"640\"\/><br \/>\n    12 000 cartes postales sont accroch\u00e9es au plafond de la nouvelle \u00ab\u00a0cantine timbr\u00e9e\u00a0\u00bb. (\u00a9Thomas Bernard \/ actu Nantes)<\/p>\n<p class=\" wall-content\">Un lien ind\u00e9fectible retranscrit dans la d\u00e9coration des lieux, en atteste les 12 000 cartes postales accroch\u00e9es au plafond, mais aussi le <strong>mur des souvenirs<\/strong> avec des photos de l\u2019ancienne cantine de La Poste.\u00a0<\/p>\n<p class=\" wall-content\">La coop\u00e9rative a pu compter sur le soutien <strong>d\u2019une trentaine de b\u00e9n\u00e9voles lors de chantiers participatifs<\/strong>, organis\u00e9s pour am\u00e9nager les lieux et notamment pour installer les milliers de cartes postales. \u00ab\u00a0C\u2019\u00e9tait long, mais plut\u00f4t simple \u00e0 mettre au plafond\u00a0\u00bb, rigole Morgane.\u00a0<\/p>\n<p class=\" wall-content\">En cuisine, sous la direction de Maxime, on concocte des plats avec des <strong>produits frais,<\/strong> dont certains proviennent de la ferme de la coop\u00e9rative install\u00e9e \u00e0 Corcou\u00e9-sur-Logne. Sur la carte, <strong>deux plats v\u00e9g\u00e9tariens et un plat carn\u00e9 ou poisson<\/strong> sont propos\u00e9s.\u00a0<\/p>\n<p class=\" wall-content\">Le tout pour des prix corrects. La formule compl\u00e8te est \u00e0 <strong>14,50 euros<\/strong> pour l\u2019option v\u00e9g\u00e9tarienne et \u00e0 <strong>15,50 euros<\/strong> pour l\u2019option carn\u00e9e. Un pari gagnant pour les h\u00f4tes.\u00a0<\/p>\n<p>    <img   decoding=\"async\" loading=\"lazy\" src=\"https:\/\/www.europesays.com\/fr\/wp-content\/uploads\/2025\/07\/a-la-carte-postale-nantes-deco-960x640.jpeg\" alt=\"Un mur des souvenirs retrace le pass\u00e9 de l'ancienne cantine de La Poste. \" width=\"960\" height=\"640\"\/><br \/>\n    Un mur des souvenirs retrace le pass\u00e9 de l\u2019ancienne cantine de La Poste. (\u00a9Thomas Bernard \/ actu Nantes)<\/p>\n<p class=\" wall-content\">\u00ab\u00a0On fait ce choix de proposer des tarifs pas chers pour l\u2019\u00eele de Nantes parce que c\u2019est un engagement au quotidien pour nous d\u2019avoir une nourriture de qualit\u00e9. <strong>Notre mod\u00e8le \u00e9conomique fonctionne car beaucoup de personnes viennent\u00a0\u00bb<\/strong>, d\u00e9crit Morgane.\u00a0<\/p>\n<p class=\" wall-content\">Depuis l\u2019ouverture, la cantine fait le plein. Des habitu\u00e9s c\u00f4toient d\u00e9j\u00e0 les lieux. \u00ab\u00a0Nous sommes ravis. Beaucoup de gens sont venus via le <strong>bouche \u00e0 oreilles<\/strong> qui fonctionne bien\u00a0\u00bb, confie Morgane.\u00a0<\/p>\n<p>Un lieu de vie<\/p>\n<p class=\" wall-content\">Outre la cantine, \u00c0 la carte postale : c\u2019est un lieu de vie. Le b\u00e2timent comprend des espaces de <strong>cuisine partag\u00e9e<\/strong> et la coop\u00e9rative accueille des associations. Des Nantais se sont \u00ab\u00a0empar\u00e9s\u00a0\u00bb du lieu en venant d\u00e8s le matin boire un caf\u00e9, puis en encha\u00eenant avec une r\u00e9union.\u00a0<\/p>\n<p>    <img   decoding=\"async\" loading=\"lazy\" src=\"https:\/\/www.europesays.com\/fr\/wp-content\/uploads\/2025\/07\/a-la-carte-postale-restaurant-nantes-960x640.jpeg\" alt=\"Le restaurant est situ\u00e9 dans les anciens locaux de La Poste sur l'\u00eele de Nantes. \" width=\"960\" height=\"640\"\/><br \/>\n    Le restaurant est situ\u00e9 dans les anciens locaux de La Poste sur l\u2019\u00eele de Nantes. (\u00a9Thomas Bernard \/ actu Nantes)<\/p>\n<p class=\" wall-content\">\u00ab\u00a0Le but, c\u2019est aussi de le partager avec d\u2019autres collectifs et associations\u00a0\u00bb, affirme Morgane. Des initiatives correspondant aux valeurs pr\u00f4n\u00e9es par la coop\u00e9rative nantaise.\u00a0<\/p>\n<blockquote class=\"ac-article-quote wall-content\">\n<p>Notre but \u00e0 la coop\u00e9rative c&rsquo;est d&rsquo;\u00eatre : des lieux de vie, des lieux \u00e9thiques sur les questions alimentaires, travailler avec les acteurs de la solidarit\u00e9 et de faire b\u00e9n\u00e9ficier tous nos espaces. Nous avons des restaurants, bars et lieux de vies donc nos missions portent sur l&rsquo;alimentation durable, mais aussi sur le fait d&rsquo;\u00eatre l\u00e0 de \u00ab\u00a0la fourche \u00e0 l&rsquo;assiette\u00a0\u00bb ou du \u00ab\u00a0choux au shooter\u00a0\u00bb. <\/p>\n<p>    <strong>Morgane<\/strong><br \/>\n        Co-responsable du restaurant A la carte postale    <\/p><\/blockquote>\n<p class=\" wall-content\">Au vu du succ\u00e8s depuis l\u2019ouverture, Commun\u2019ile organise un <strong>chantier coop\u00e9ratif le 5 juillet<\/strong> pour \u00ab\u00a0pousser les murs\u00a0\u00bb du restaurant. Un nouvel espace va \u00eatre exploit\u00e9 pour accueillir davantage de couverts le midi. Des cartes postales seront ajout\u00e9es au plafond. <strong>Bient\u00f4t il y en aura 18 000.\u00a0<\/strong><\/p>\n<p><strong>Infos pratiques<\/strong> :\u00a0<br \/>A la carte postale, 10 rue de l\u2019\u00eele Mabon, Nantes<br \/>Ouvert du lundi au vendredi.\u00a0<br \/>Horaires : 9h-17 h lundi au jeudi, 9h \u2013 15 vendredi\u00a0<br \/>Service d\u00e9jeuner entre 12h et 14h <br \/>r\u00e9servations conseill\u00e9es<\/p>\n<p class=\" wall-content\">Suivez toute l\u2019actualit\u00e9 de vos villes et m\u00e9dias favoris en vous inscrivant \u00e0 <a href=\"https:\/\/moncompte.actu.fr\" title=\"D\u00e9couvez Mon Actu\" rel=\"nofollow noopener\" data-trk=\"{&quot;cta&quot;:{&quot;action&quot;:&quot;https:\\\/\\\/moncompte.actu.fr&quot;,&quot;category&quot;:&quot;mon compte&quot;,&quot;from&quot;:&quot;article footer&quot;,&quot;name&quot;:&quot;Mon actu&quot;,&quot;type&quot;:&quot;cta&quot;}}\" target=\"_blank\">Mon Actu<\/a>.<\/p>\n","protected":false},"excerpt":{"rendered":"Par Thomas Bernard Publi\u00e9 le 5 juil. 2025 \u00e0 17h46 Au fond d\u2019un parking, la devanture bleue d\u2019un&hellip;\n","protected":false},"author":2,"featured_media":228509,"comment_status":"","ping_status":"","sticky":false,"template":"","format":"standard","meta":{"footnotes":""},"categories":[2818],"tags":[1111,11,1777,674,1011,27,3316,766,12,3147,2636,25,1340,104],"class_list":{"0":"post-228508","1":"post","2":"type-post","3":"status-publish","4":"format-standard","5":"has-post-thumbnail","7":"category-nantes","8":"tag-actu","9":"tag-actualites","10":"tag-eu","11":"tag-europe","12":"tag-fr","13":"tag-france","14":"tag-la-poste","15":"tag-nantes","16":"tag-news","17":"tag-nouveaux-commerces","18":"tag-pays-de-la-loire","19":"tag-republique-francaise","20":"tag-restaurant","21":"tag-societe"},"share_on_mastodon":{"url":"","error":""},"_links":{"self":[{"href":"https:\/\/www.europesays.com\/fr\/wp-json\/wp\/v2\/posts\/228508","targetHints":{"allow":["GET"]}}],"collection":[{"href":"https:\/\/www.europesays.com\/fr\/wp-json\/wp\/v2\/posts"}],"about":[{"href":"https:\/\/www.europesays.com\/fr\/wp-json\/wp\/v2\/types\/post"}],"author":[{"embeddable":true,"href":"https:\/\/www.europesays.com\/fr\/wp-json\/wp\/v2\/users\/2"}],"replies":[{"embeddable":true,"href":"https:\/\/www.europesays.com\/fr\/wp-json\/wp\/v2\/comments?post=228508"}],"version-history":[{"count":0,"href":"https:\/\/www.europesays.com\/fr\/wp-json\/wp\/v2\/posts\/228508\/revisions"}],"wp:featuredmedia":[{"embeddable":true,"href":"https:\/\/www.europesays.com\/fr\/wp-json\/wp\/v2\/media\/228509"}],"wp:attachment":[{"href":"https:\/\/www.europesays.com\/fr\/wp-json\/wp\/v2\/media?parent=228508"}],"wp:term":[{"taxonomy":"category","embeddable":true,"href":"https:\/\/www.europesays.com\/fr\/wp-json\/wp\/v2\/categories?post=228508"},{"taxonomy":"post_tag","embeddable":true,"href":"https:\/\/www.europesays.com\/fr\/wp-json\/wp\/v2\/tags?post=228508"}],"curies":[{"name":"wp","href":"https:\/\/api.w.org\/{rel}","templated":true}]}}