{"id":228517,"date":"2025-07-05T16:24:12","date_gmt":"2025-07-05T16:24:12","guid":{"rendered":"https:\/\/www.europesays.com\/fr\/228517\/"},"modified":"2025-07-05T16:24:12","modified_gmt":"2025-07-05T16:24:12","slug":"sortir-a-toulouse-une-expo-immersive-sur-claude-monet-debarque-au-bazacle","status":"publish","type":"post","link":"https:\/\/www.europesays.com\/fr\/228517\/","title":{"rendered":"Sortir \u00e0 Toulouse. Une expo \u00ab\u00a0immersive\u00a0\u00bb sur Claude Monet d\u00e9barque au Bazacle"},"content":{"rendered":"<p>            Par<br \/>\n        <strong><br \/>\n            <a href=\"https:\/\/actu.fr\/auteur\/gabriel-kenedi\" title=\"Consulter tous les articles de Gabriel Kenedi\" rel=\"nofollow noopener\" target=\"_blank\">Gabriel Kenedi<\/a><br \/>\n        <\/strong><\/p>\n<p>        Publi\u00e9 le<\/p>\n<p>            5 juil. 2025 \u00e0 17h28        <\/p>\n<p>Est-ce l\u2019expo de l\u2019\u00e9t\u00e9 ? Apr\u00e8s Van Gogh (qui avait accueilli 150 000 visiteurs en 2022-2023), les Espaces EDF Bazacle accueillent depuis le jeudi 3 juillet 2025 une nouvelle exposition immersive d\u00e9di\u00e9e au grand peintre impressionniste, <strong>Claude Monet<\/strong> (1840-1926). Alors, \u00e0 quoi s\u2019attendre ? \u00c9l\u00e9ments de r\u00e9ponses.\u00a0<\/p>\n<p>Une exp\u00e9rience \u00ab\u00a0immersive\u00a0\u00bb mais pas d\u2019\u0153uvre originale\u00a0<\/p>\n<p class=\" wall-content\">Qu\u2019on ne se trompe pas d\u2019objet : dans cette expo, vous ne trouverez <strong>aucune \u0153uvre originale<\/strong> de Monet. L\u00e0 n\u2019est pas le but. \u00ab On ne vient pas ici pour voir les \u0153uvres de Monet, celles-ci, on peut les admirer dans les mus\u00e9es. L\u00e0, on veut que le public se mette dans la peau de l\u2019artiste \u00bb, explique d\u2019embl\u00e9e Fabio di Gioia, le commissaire de cette exposition attendue, qui est organis\u00e9e par Exhibition Hub, producteur et distributeur europ\u00e9en d\u2019expositions majeures \u00e0 l\u2019\u00e9chelle internationale, ainsi que par les Espaces EDF Bazacle.<\/p>\n<p class=\" wall-content\">Et s\u2019il y a bien une pi\u00e8ce \u2013 la premi\u00e8re qui se laisse d\u00e9couvrir au public \u2013 avec <strong>une trentaine de reproductions<\/strong> (dont le fameux D\u00e9jeuner sur l\u2019herbe) et du mobilier, les visiteurs viendront sans doute pour autre chose. \u00ab Cette pi\u00e8ce repr\u00e9sente son chez-lui. Venir chez lui, l\u00e0 o\u00f9 il recevait, o\u00f9 il marchandait ses tableaux, sert \u00e0 pr\u00e9parer la visite immersive qui doit, elle, \u00eatre un abandon total \u00e0 l\u2019art \u00bb.<\/p>\n<p>    <img   decoding=\"async\" loading=\"lazy\" src=\"https:\/\/www.europesays.com\/fr\/wp-content\/uploads\/2025\/07\/expo-monet-toulouse-edf-bazacle6-960x640.jpg\" alt=\"Une salle \u00e0 360\u00b0C projette en continu de nombreuses images. \" width=\"960\" height=\"640\"\/><br \/>\n    Une salle \u00e0 360 degr\u00e9s projette en continu de nombreuses images. (\u00a9G.K\/ Actu Toulouse)Une salle\u2026 et un pont japonais !<\/p>\n<p class=\" wall-content\">Pens\u00e9e comme un v\u00e9ritable temps fort, la <strong>grande salle immersive<\/strong> \u2013 dot\u00e9e de transats pour pouvoir profiter au mieux du spectacle \u2013 propose une v\u00e9ritable exp\u00e9rience autour de Claude Monet et de ses \u0153uvres, tout en musique. Et \u00e0 grand renfort de couleurs et de technologie !<\/p>\n<p class=\" wall-content\">Alors, pari r\u00e9ussi ?\u00a0 \u00ab\u00a0Cette salle invite \u00e0 la relaxation. Il faut se laisser aller ! On invite les visiteurs \u00e0 vivre une \u00e9motion. La grande salle immersive projette <strong>des \u0153uvres sur 360 degr\u00e9s<\/strong>, y compris au sol. Et on a voulu rajouter un \u00e9l\u00e9ment physique : le pont japonais que Monet aimait tant et qui l\u2019inspirait beaucoup. En allant sur ce pont, on peut \u00e9ventuellement faire des selfies, mais surtout essayer de <strong>s\u2019imaginer pourquoi Monet y allait<\/strong>. La technologie aujourd\u2019hui permet d\u2019obtenir un d\u00e9cor autour de ce pont qui est absolument extraordinaire. C\u2019est un jeu de miroirs qui ne finit jamais ! \u00bb, clame Fabio di Gioia.<\/p>\n<blockquote class=\"ac-article-quote wall-content\">\n<p>\u00ab\u00a0Cette exposition est immersive et fait d\u00e9filer l\u2019histoire de Claude Monet \u00e0 travers ses \u0153uvres, ses lieux mais en recherchant de l\u2019\u00e9motion. Voil\u00e0 pourquoi nous avons choisi d\u2019accompagner les images qui d\u00e9filent par de la musique, qui sont choisies en fonction des diff\u00e9rents moments qu\u2019il a v\u00e9cus\u00a0\u00bb<\/p>\n<p>    <strong>Fabio di Gioia<\/strong><br \/>\n        Commissaire de l&rsquo;exposition    <\/p><\/blockquote>\n<p>R\u00e9alit\u00e9 virtuelle en option\u00a0<br \/>\n    <img   decoding=\"async\" loading=\"lazy\" src=\"https:\/\/www.europesays.com\/fr\/wp-content\/uploads\/2025\/07\/expo-monet-toulouse-edf-bazacle2-960x640.jpg\" alt=\"Une pi\u00e8ce avec des reproductions de tableaux (sans l\u00e9gendes) de Claude Monet est \u00e0 d\u00e9couvrir au d\u00e9but de l'exposition. \" width=\"960\" height=\"640\"\/><br \/>\n    Une pi\u00e8ce avec des reproductions de tableaux (sans l\u00e9gendes) de Claude Monet est \u00e0 d\u00e9couvrir au d\u00e9but de l\u2019exposition. (\u00a9Gabriel Kenedi \/ actu Toulouse)<\/p>\n<p class=\" wall-content\">Pour pousser l\u2019exp\u00e9rience encore davantage, le visiteur peut vivre \u2013 moyennant quelques euros en sus \u2013 une immersion <strong>dans les voyages de Claude Monet<\/strong> en le suivant dans les lieux qui ont inspir\u00e9 ses \u0153uvres embl\u00e9matiques, gr\u00e2ce \u00e0 un casque de r\u00e9alit\u00e9 virtuelle. Une projection de dix minutes, \u00e0 grand renfort d\u2019intelligence artificielle, qui permet de red\u00e9couvrir autrement l\u2019univers de l\u2019artiste.\u00a0<\/p>\n<p>Une expo qui a d\u00e9j\u00e0 \u00e9t\u00e9 vue dans plusieurs villes\u00a0<\/p>\n<p class=\" wall-content\">Cette expo, qui a d\u00e9j\u00e0 tourn\u00e9 dans plusieurs villes \u00e0 travers le monde (Londres, Los Angeles, Barcelone, Bruxelles), atterrit donc \u00e0 Toulouse.<\/p>\n<p class=\" wall-content\">\u00ab Nous avons pens\u00e9 que Monet, qui \u00e9tait passionn\u00e9 par la nature et le plein air, aurait trouv\u00e9 ici au Bazacle <strong>une sorte de miroir<\/strong> de sa vision de l\u2019art et des \u00e9motions qu\u2019il voulait rendre avec la peinture \u00bb, relate encore le commissaire de l\u2019exposition Fabio di Gioia.\u00a0<\/p>\n<p>Quels tarifs ?\u00a0<\/p>\n<p class=\" wall-content\">Envie d\u2019y faire un tour ? C\u00f4t\u00e9 tarifs, comptez au minimum <strong>19,90\u20ac<\/strong> pour un adulte et <strong>10,90\u20ac<\/strong> pour un enfant jusqu\u2019\u00e0 12 ans. L\u2019exposition est \u00e0 voir durant tout l\u2019\u00e9t\u00e9 et jusqu\u2019\u00e0 octobre 2025.\u00a0\u00a0<\/p>\n<p>\u00ab\u00a0Monet : The Immersive Experience\u00a0\u00bb. Tarifs : 19,90\u20ac (tarif normal) \u00e0 26,90\u20ac (tarif VIP) pour un adulte ; 10,90 \u00e0 17,90\u20ac (VIP) pour un enfant (jusqu\u2019\u00e0 12 ans). Aux Espaces EDF Bazacle (11 quai Saint-Pierre, \u00e0 Toulouse). Plus d\u2019infos <a href=\"https:\/\/tickets.monetexpo.fr\/event\/monet-the-immersive-experience-toulouse-9ecsnm?gad_source=1&amp;gad_campaignid=22740507354&amp;gbraid=0AAAABATf08UUGhcty_6AqptyyewxqG_OW&amp;gclid=Cj0KCQjw953DBhCyARIsANhIZoZrtpbpOhCPu4uKNaI7l2tZDdP5Bosn1ER6_AzfYlDhgnYiNXE71XYaAnl5EALw_wcB\" rel=\"nofollow noopener\" target=\"_blank\">sur le site de l\u2019expo<\/a>.\u00a0<\/p>\n<p class=\" wall-content\">Suivez toute l\u2019actualit\u00e9 de vos villes et m\u00e9dias favoris en vous inscrivant \u00e0 <a href=\"https:\/\/moncompte.actu.fr\" title=\"D\u00e9couvez Mon Actu\" rel=\"nofollow noopener\" data-trk=\"{&quot;cta&quot;:{&quot;action&quot;:&quot;https:\\\/\\\/moncompte.actu.fr&quot;,&quot;category&quot;:&quot;mon compte&quot;,&quot;from&quot;:&quot;article footer&quot;,&quot;name&quot;:&quot;Mon actu&quot;,&quot;type&quot;:&quot;cta&quot;}}\" target=\"_blank\">Mon Actu<\/a>.<\/p>\n","protected":false},"excerpt":{"rendered":"Par Gabriel Kenedi Publi\u00e9 le 5 juil. 2025 \u00e0 17h28 Est-ce l\u2019expo de l\u2019\u00e9t\u00e9 ? Apr\u00e8s Van Gogh&hellip;\n","protected":false},"author":2,"featured_media":228518,"comment_status":"","ping_status":"","sticky":false,"template":"","format":"standard","meta":{"footnotes":""},"categories":[2816],"tags":[1111,11,1777,674,1011,27,1652,12,2680,25,1341,2312],"class_list":{"0":"post-228517","1":"post","2":"type-post","3":"status-publish","4":"format-standard","5":"has-post-thumbnail","7":"category-toulouse","8":"tag-actu","9":"tag-actualites","10":"tag-eu","11":"tag-europe","12":"tag-fr","13":"tag-france","14":"tag-loisirs-culture","15":"tag-news","16":"tag-occitanie","17":"tag-republique-francaise","18":"tag-sortir-a-toulouse","19":"tag-toulouse"},"share_on_mastodon":{"url":"","error":""},"_links":{"self":[{"href":"https:\/\/www.europesays.com\/fr\/wp-json\/wp\/v2\/posts\/228517","targetHints":{"allow":["GET"]}}],"collection":[{"href":"https:\/\/www.europesays.com\/fr\/wp-json\/wp\/v2\/posts"}],"about":[{"href":"https:\/\/www.europesays.com\/fr\/wp-json\/wp\/v2\/types\/post"}],"author":[{"embeddable":true,"href":"https:\/\/www.europesays.com\/fr\/wp-json\/wp\/v2\/users\/2"}],"replies":[{"embeddable":true,"href":"https:\/\/www.europesays.com\/fr\/wp-json\/wp\/v2\/comments?post=228517"}],"version-history":[{"count":0,"href":"https:\/\/www.europesays.com\/fr\/wp-json\/wp\/v2\/posts\/228517\/revisions"}],"wp:featuredmedia":[{"embeddable":true,"href":"https:\/\/www.europesays.com\/fr\/wp-json\/wp\/v2\/media\/228518"}],"wp:attachment":[{"href":"https:\/\/www.europesays.com\/fr\/wp-json\/wp\/v2\/media?parent=228517"}],"wp:term":[{"taxonomy":"category","embeddable":true,"href":"https:\/\/www.europesays.com\/fr\/wp-json\/wp\/v2\/categories?post=228517"},{"taxonomy":"post_tag","embeddable":true,"href":"https:\/\/www.europesays.com\/fr\/wp-json\/wp\/v2\/tags?post=228517"}],"curies":[{"name":"wp","href":"https:\/\/api.w.org\/{rel}","templated":true}]}}