{"id":228519,"date":"2025-07-05T16:25:11","date_gmt":"2025-07-05T16:25:11","guid":{"rendered":"https:\/\/www.europesays.com\/fr\/228519\/"},"modified":"2025-07-05T16:25:11","modified_gmt":"2025-07-05T16:25:11","slug":"nouvelle-vie-pour-les-cartables-des-petits-lillois","status":"publish","type":"post","link":"https:\/\/www.europesays.com\/fr\/228519\/","title":{"rendered":"nouvelle vie pour les cartables des petits Lillois"},"content":{"rendered":"<p>            Par<br \/>\n        <strong><br \/>\n            <a href=\"https:\/\/actu.fr\/auteur\/bastien-grossin\" title=\"Consulter tous les articles de Bastien Grossin\" target=\"_blank\" rel=\"noopener\">Bastien Grossin<\/a><br \/>\n        <\/strong><\/p>\n<p>        Publi\u00e9 le<\/p>\n<p>            5 juil. 2025 \u00e0 18h04        <\/p>\n<p>\u00c0 quelques jours des grandes vacances, on pr\u00e9parait d\u00e9j\u00e0 la rentr\u00e9e \u00e0 <a href=\"https:\/\/actu.fr\/tag\/lille\" target=\"_blank\" rel=\"noopener\">Lille<\/a> (Nord), le 2 juillet. Dans l\u2019espoir de trouver un brin de fra\u00eecheur, c\u2019est dans le <b>Grand Carr\u00e9 Pierre-Mauroy de l\u2019h\u00f4tel de ville<\/b> qu\u2019une centaine d\u2019enfants \u00e9tait rassembl\u00e9e. Au programme : d\u00e9coupage, couture ou dessin, sous l\u2019\u0153il de parents et d\u2019animateurs, tous r\u00e9unis pour l\u2019op\u00e9ration<b> \u00ab\u2009Up\u2019Sac Lille\u2009\u00bb<\/b>. L\u2019objectif\u2009: r\u00e9parer et customiser des sacs, trousses et cartables, pour prolonger leur usage. \u00ab\u2009C\u2019est une fa\u00e7on de redonner du sens \u00e0 des objets qu\u2019on remplace trop vite\u2009\u00bb, r\u00e9sume Charlotte Brun, premi\u00e8re adjointe au maire.<\/p>\n<p>Des fournitures prises en charge par la ville de Lille<\/p>\n<p class=\" wall-content\"><b>Depuis 2021<\/b>, la Ville de Lille prend en charge l\u2019int\u00e9gralit\u00e9 du co\u00fbt des fournitures scolaires pour les <b>12\u2009000\u00a0\u00e9l\u00e8ves de maternelle et de primaire<\/b>. Chaque \u00e9tablissement per\u00e7oit une dotation en fonction du nombre de classes et d\u2019\u00e9l\u00e8ves, ce qui permet aux enseignants d\u2019avoir toujours la libert\u00e9 dans le choix des fournitures demand\u00e9es.<\/p>\n<p class=\" wall-content\">\u201cLes familles n\u2019ont plus \u00e0 d\u00e9bourser un centime pour les fournitures scolaires. On leur demande seulement un cartable vide, une trousse vide, et \u00e9ventuellement un agenda\u201d, explique Charlotte Brun.<\/p>\n<p class=\" wall-content\">Si cette mesure est d\u00e9j\u00e0 une avanc\u00e9e sociale, la mairie compte bien en faire aussi <b>une avanc\u00e9e \u00e9cologique<\/b>. La collectivit\u00e9 encourage d\u2019abord les \u00e9tablissements \u00e0 favoriser des fournitures labellis\u00e9es.<\/p>\n<p>    <img   decoding=\"async\" loading=\"lazy\" class=\"size-large\" src=\"https:\/\/www.europesays.com\/fr\/wp-content\/uploads\/2025\/07\/814abb3956686a54abb395668894abv-960x640.jpg\" alt=\"Fran\u00e7oise, b\u00e9vole de l'association Bien vivre ensemble, a cousu plus d'une dizaine de trousses dans la journ\u00e9e.\" width=\"960\" height=\"640\"\/><br \/>\n    Fran\u00e7oise, b\u00e9vole de l\u2019association Bien vivre ensemble, a cousu plus d\u2019une dizaine de trousses dans la journ\u00e9e. \u00a9Bastien GrossinCartables et trousses de seconde main<\/p>\n<p class=\" wall-content\">L\u2019op\u00e9ration Up\u2019Sac vient compl\u00e9ter cette politique. Sur place, les enfants peuvent choisir un cartable de seconde main et ensuite le personnaliser. Mais aussi s\u2019approprier des trousses, des pochettes toujours dans une optique de r\u00e9cup\u00e9ration. \u201cOn veut montrer qu\u2019un cartable peut durer toute l\u2019\u00e9cole \u00e9l\u00e9mentaire, s\u2019il est bien entretenu et r\u00e9par\u00e9\u00a0\u00bb, ajoute la premi\u00e8re adjointe.<\/p>\n<p class=\" wall-content\">Patrick, ou \u00ab\u2009Patoche\u2009\u00bb pour les enfants, est animateur depuis une vingtaine d\u2019ann\u00e9es \u00e0 Lille. Il participe au rendez-vous pour la troisi\u00e8me ann\u00e9e cons\u00e9cutive. \u00ab\u2009Il y a un atelier de r\u00e9cup\u2019 un peu plus loin qui fait des pochettes, et ensuite les enfants viennent ici pour les customiser.\u2009\u00bb<\/p>\n<p class=\" wall-content\">De l\u2019autre c\u00f4t\u00e9 de la salle, Fran\u00e7oise participe \u00e0 l\u2019\u00e9v\u00e9nement pour la premi\u00e8re fois avec l\u2019association Pour bien vivre ensemble\u2009: \u00ab\u2009Nous, on fait des trousses \u00e0 partir de simili cuir. Les enfants choisissent le motif qu\u2019ils pr\u00e9f\u00e8rent et on les fabrique ensuite.\u2009\u00bb Lorsqu\u2019on l\u2019interroge sur le nombre de trousses r\u00e9alis\u00e9es dans la journ\u00e9e, elle sourit\u2009: \u00ab\u2009Je ne sais plus exactement. Je dois en \u00eatre au moins \u00e0 ma douzi\u00e8me ou treizi\u00e8me.\u2009\u00bb<\/p>\n<p class=\" wall-content\">L\u2019atelier se veut ludique, mais l\u2019enjeu est r\u00e9el : all\u00e9ger les d\u00e9penses des familles, tout en favorisant la seconde main, pour repenser notre rapport \u00e0 la consommation.<\/p>\n<p class=\" wall-content\">Suivez toute l\u2019actualit\u00e9 de vos villes et m\u00e9dias favoris en vous inscrivant \u00e0 <a href=\"https:\/\/moncompte.actu.fr\" title=\"D\u00e9couvez Mon Actu\" rel=\"nofollow noopener\" data-trk=\"{&quot;cta&quot;:{&quot;action&quot;:&quot;https:\\\/\\\/moncompte.actu.fr&quot;,&quot;category&quot;:&quot;mon compte&quot;,&quot;from&quot;:&quot;article footer&quot;,&quot;name&quot;:&quot;Mon actu&quot;,&quot;type&quot;:&quot;cta&quot;}}\" target=\"_blank\">Mon Actu<\/a>.<\/p>\n","protected":false},"excerpt":{"rendered":"Par Bastien Grossin Publi\u00e9 le 5 juil. 2025 \u00e0 18h04 \u00c0 quelques jours des grandes vacances, on pr\u00e9parait&hellip;\n","protected":false},"author":2,"featured_media":228520,"comment_status":"","ping_status":"","sticky":false,"template":"","format":"standard","meta":{"footnotes":""},"categories":[2815],"tags":[1111,11,51,1777,674,1011,27,811,1307,12,25,104],"class_list":{"0":"post-228519","1":"post","2":"type-post","3":"status-publish","4":"format-standard","5":"has-post-thumbnail","7":"category-lille","8":"tag-actu","9":"tag-actualites","10":"tag-ecologie","11":"tag-eu","12":"tag-europe","13":"tag-fr","14":"tag-france","15":"tag-hauts-de-france","16":"tag-lille","17":"tag-news","18":"tag-republique-francaise","19":"tag-societe"},"share_on_mastodon":{"url":"","error":""},"_links":{"self":[{"href":"https:\/\/www.europesays.com\/fr\/wp-json\/wp\/v2\/posts\/228519","targetHints":{"allow":["GET"]}}],"collection":[{"href":"https:\/\/www.europesays.com\/fr\/wp-json\/wp\/v2\/posts"}],"about":[{"href":"https:\/\/www.europesays.com\/fr\/wp-json\/wp\/v2\/types\/post"}],"author":[{"embeddable":true,"href":"https:\/\/www.europesays.com\/fr\/wp-json\/wp\/v2\/users\/2"}],"replies":[{"embeddable":true,"href":"https:\/\/www.europesays.com\/fr\/wp-json\/wp\/v2\/comments?post=228519"}],"version-history":[{"count":0,"href":"https:\/\/www.europesays.com\/fr\/wp-json\/wp\/v2\/posts\/228519\/revisions"}],"wp:featuredmedia":[{"embeddable":true,"href":"https:\/\/www.europesays.com\/fr\/wp-json\/wp\/v2\/media\/228520"}],"wp:attachment":[{"href":"https:\/\/www.europesays.com\/fr\/wp-json\/wp\/v2\/media?parent=228519"}],"wp:term":[{"taxonomy":"category","embeddable":true,"href":"https:\/\/www.europesays.com\/fr\/wp-json\/wp\/v2\/categories?post=228519"},{"taxonomy":"post_tag","embeddable":true,"href":"https:\/\/www.europesays.com\/fr\/wp-json\/wp\/v2\/tags?post=228519"}],"curies":[{"name":"wp","href":"https:\/\/api.w.org\/{rel}","templated":true}]}}