{"id":228521,"date":"2025-07-05T16:26:25","date_gmt":"2025-07-05T16:26:25","guid":{"rendered":"https:\/\/www.europesays.com\/fr\/228521\/"},"modified":"2025-07-05T16:26:25","modified_gmt":"2025-07-05T16:26:25","slug":"nos-10-plus-belles-photos-de-levenement","status":"publish","type":"post","link":"https:\/\/www.europesays.com\/fr\/228521\/","title":{"rendered":"nos 10 plus belles photos de l&rsquo;\u00e9v\u00e9nement"},"content":{"rendered":"<p>            Par<br \/>\n        <strong><br \/>\n            <a href=\"https:\/\/actu.fr\/auteur\/margot-nicodeme\" title=\"Consulter tous les articles de Margot Nicod\u00e8me\" rel=\"nofollow noopener\" target=\"_blank\">Margot Nicod\u00e8me<\/a><br \/>\n        <\/strong><\/p>\n<p>        Publi\u00e9 le<\/p>\n<p>            5 juil. 2025 \u00e0 17h58        <\/p>\n<p>Qu\u2019il \u00e9tait beau, <b>ce grand d\u00e9part du <a href=\"https:\/\/actu.fr\/hauts-de-france\/lille_59350\/tour-de-france-2025-le-jour-du-grand-depart-depuis-lille-est-arrive_62872381.html\" rel=\"nofollow noopener\" target=\"_blank\">Tour de France<\/a> <\/b>depuis Lille (Nord), ce samedi 5 juillet ! La m\u00e9tropole \u00e9tait en effervescence d\u00e8s les premi\u00e8res heures de la matin\u00e9e, <a href=\"https:\/\/actu.fr\/hauts-de-france\/lille_59350\/en-images-le-fan-park-du-tour-de-france-pris-dassaut-des-son-ouverture-a-lille_62863508.html\" rel=\"nofollow noopener\" target=\"_blank\">du c\u00f4t\u00e9 du Fan park<\/a> notamment, puis l\u2019ambiance est mont\u00e9 d\u2019un cran en d\u00e9but d\u2019apr\u00e8s-midi, avec la travers\u00e9e de la ville par les coureurs. Des stars de la discipline on \u00e9t\u00e9 aper\u00e7us\u2026 Voici nos 10 plus belles photos de cette journ\u00e9e inoubliable.<\/p>\n<p>Nos 10 plus belles photos du Tour de France \u00e0 Lille<\/p>\n<ul class=\" wall-content\">\n<li><b>Les cyclistes stars : Tadej Poga\u010dar et Julian <\/b>\n<p><b>Alaphilippe<\/b><\/p>\n<p>    <img   decoding=\"async\" loading=\"lazy\" class=\"size-large\" src=\"https:\/\/www.europesays.com\/fr\/wp-content\/uploads\/2025\/07\/77633156096867b63315609686f633v-1-960x640.jpg\" alt=\"Tadej Poga\u010dar, vu \u00e0 la Citadelle vers 13h.\" width=\"960\" height=\"640\"\/><br \/>\n    Tadej Poga\u010dar, vu \u00e0 la Citadelle vers 13h. \u00a9Actu.fr<br \/>\n    <img   decoding=\"async\" loading=\"lazy\" class=\"size-large\" src=\"https:\/\/www.europesays.com\/fr\/wp-content\/uploads\/2025\/07\/ff58c1af09686e368c1af0968f768cv-1-960x640.jpg\" alt=\"Julian Alaphilippe, chouchou des Fran\u00e7ais !\" width=\"960\" height=\"640\"\/><br \/>\n    Julian Alaphilippe, chouchou des Fran\u00e7ais ! \u00a9HM\/Lille actu<\/li>\n<li><b>Le d\u00e9part fictif, porte de Paris<\/b>\n<p>    <img   decoding=\"async\" loading=\"lazy\" class=\"size-large\" src=\"https:\/\/www.europesays.com\/fr\/wp-content\/uploads\/2025\/07\/9f6620bc09686b37620bc0968d7762v-1-960x640.jpg\" alt=\"Le d\u00e9part fictif s'est op\u00e9r\u00e9, porte de Paris \u00e0 Lille, peu avant 13h30.\" width=\"960\" height=\"640\"\/><br \/>\n    Le d\u00e9part fictif s\u2019est op\u00e9r\u00e9, porte de Paris \u00e0 Lille, peu avant 13h30. \u00a9RM\/Lille actu<br \/>\n    <img   decoding=\"async\" loading=\"lazy\" class=\"size-large\" src=\"https:\/\/www.europesays.com\/fr\/wp-content\/uploads\/2025\/07\/5ab0d7db096867eb0d7db096862c0dv-1-960x640.jpg\" alt=\"Ca y est ! Le d\u00e9part fictif des coureurs du Tour de France a eu lieu porte de Paris.\" width=\"960\" height=\"640\"\/><br \/>\n    Ca y est ! Le d\u00e9part fictif des coureurs du Tour de France a eu lieu porte de Paris. \u00a9RM\/Lille actu<\/li>\n<li><b>La travers\u00e9e du centre-ville<\/b><\/li>\n<\/ul>\n<p>    <img   decoding=\"async\" loading=\"lazy\" class=\"size-large\" src=\"https:\/\/www.europesays.com\/fr\/wp-content\/uploads\/2025\/07\/3ee416c13968662f416c1396866f41v-960x640.jpg\" alt=\"La travers\u00e9e du centre-ville par les coureurs.\" width=\"960\" height=\"640\"\/><br \/>\n    La travers\u00e9e du centre-ville par les coureurs. \u00a9ND\/Lille actu<br \/>\n    <img   decoding=\"async\" loading=\"lazy\" class=\"size-large\" src=\"https:\/\/www.europesays.com\/fr\/wp-content\/uploads\/2025\/07\/f84316c1396860d4316c13968d0531v-960x640.jpg\" alt=\"Impressionnant !\" width=\"960\" height=\"640\"\/><br \/>\n    Impressionnant ! \u00a9ND\/Lille actu<\/p>\n<ul class=\" wall-content\">\n<li><b>Des \u00ab\u00a0acharn\u00e9s du Tour\u00a0\u00bb \u00e0 Lille-Sud<br \/><\/b>Estelle, \u00e0 gauche, est de Toulouse. Elle est devenue amie avec Vianney (\u00e0 c\u00f4t\u00e9 d\u2019elle) pendant le Paris Roubaix 2022. Arriv\u00e9s tr\u00e8s t\u00f4t ce matin, ils ont choisi ce spot-l\u00e0 \u00ab\u00a0pour \u00eatre proches du m\u00e9tro et partir vite pour ensuite aller \u00e0 5km de l\u2019arriv\u00e9e\u00a0\u00bb, un rond point \u00e0 Lomme. Ils vont suivre les \u00e9tapes locales. D\u00e9cid\u00e9ment, ils ont le v\u00e9lo dans la peau !<\/li>\n<\/ul>\n<p>    <img   decoding=\"async\" loading=\"lazy\" class=\"size-large\" src=\"https:\/\/www.europesays.com\/fr\/wp-content\/uploads\/2025\/07\/8a4820f1e86869e4820f1e86862582v-2-960x640.jpeg\" alt=\"Une belle bande est pr\u00e9sente depuis ce samedi matin 8h20 \u00e0 Lille-Sud. Notez que Doriane, 19 ans, tout \u00e0 droite de la photo, est habill\u00e9e gr\u00e2ce aux goodies de la caravane de l'ann\u00e9e derni\u00e8re. \" j=\"\" f=\"\" mes=\"\" ans=\"\" et=\"\" couverte=\"\" de=\"\" cadeaux=\"\" au=\"\" village=\"\" du=\"\" tour.=\"\" width=\"960\" height=\"640\"\/><br \/>\n    Une belle bande \u00e9tait pr\u00e9sente ce samedi matin d\u00e8s 8h20 \u00e0 Lille-Sud.\u00a0 \u00a9HM\/Lille actu<\/p>\n<ul class=\" wall-content\">\n<li><b>La caravane publicitaire tant attendue<\/b><\/li>\n<\/ul>\n<p>    <img   decoding=\"async\" loading=\"lazy\" class=\"size-large\" src=\"https:\/\/www.europesays.com\/fr\/wp-content\/uploads\/2025\/07\/05c928130968609c928130968fcc92v-1-960x640.jpg\" alt=\"Joli ballet de voitures !\" width=\"960\" height=\"640\"\/><br \/>\n    Joli ballet de voitures ! \u00a9RM\/Lille actu<br \/>\n    <img   decoding=\"async\" loading=\"lazy\" class=\"size-large\" src=\"https:\/\/www.europesays.com\/fr\/wp-content\/uploads\/2025\/07\/ca5992c0f8686de5992c0f868d1699v-1-960x640.jpeg\" alt=\"Le v\u00e9hicule de Tokapi fait des envieux ! On essaie d'attraper des paquets de biscuits ap\u00e9ro \u00e0 Lille (Nord).\" width=\"960\" height=\"640\"\/><br \/>\n    Le v\u00e9hicule de Tokapi fait des envieux ! On essaie d\u2019attraper des paquets de biscuits ap\u00e9ro \u00e0 Lille (Nord). \u00a9RM\/Lille actu<\/p>\n<ul class=\" wall-content\">\n<li><b>Clin d\u2019\u0153il aux Lensois, qui ont vu passer les coureurs en milieu d\u2019apr\u00e8s-midi<\/b><\/li>\n<\/ul>\n<p>    <img   decoding=\"async\" loading=\"lazy\" class=\"size-large\" src=\"https:\/\/www.europesays.com\/fr\/wp-content\/uploads\/2025\/07\/d25380ea19686c65380ea19689a538v-1-960x640.jpg\" alt=\"Les coureurs sont arriv\u00e9s \u00e0 Lens, \u00e0 14h30.\" width=\"960\" height=\"640\"\/><br \/>\n    Les coureurs sont arriv\u00e9s \u00e0 Lens, \u00e0 14h30. \u00a9BG\/Lille actu<\/p>\n<p class=\" wall-content\">Suivez toute l\u2019actualit\u00e9 de vos villes et m\u00e9dias favoris en vous inscrivant \u00e0 <a href=\"https:\/\/moncompte.actu.fr\" title=\"D\u00e9couvez Mon Actu\" rel=\"nofollow noopener\" data-trk=\"{&quot;cta&quot;:{&quot;action&quot;:&quot;https:\\\/\\\/moncompte.actu.fr&quot;,&quot;category&quot;:&quot;mon compte&quot;,&quot;from&quot;:&quot;article footer&quot;,&quot;name&quot;:&quot;Mon actu&quot;,&quot;type&quot;:&quot;cta&quot;}}\" target=\"_blank\">Mon Actu<\/a>.<\/p>\n<ul class=\"ac-article-tag wall-content\">\n<li><a href=\"https:\/\/actu.fr\/tag\/lille\" data-trk=\"{&quot;cta&quot;:{&quot;action&quot;:&quot;lille&quot;,&quot;category&quot;:&quot;tag&quot;,&quot;from&quot;:&quot;article footer&quot;,&quot;name&quot;:&quot;lille&quot;,&quot;type&quot;:&quot;cta&quot;}}\" rel=\"nofollow noopener\" target=\"_blank\">#lille<\/a><\/li>\n<li><a href=\"https:\/\/actu.fr\/tag\/tour-de-france-2025\" data-trk=\"{&quot;cta&quot;:{&quot;action&quot;:&quot;Tour de France 2025&quot;,&quot;category&quot;:&quot;tag&quot;,&quot;from&quot;:&quot;article footer&quot;,&quot;name&quot;:&quot;Tour de France 2025&quot;,&quot;type&quot;:&quot;cta&quot;}}\" rel=\"nofollow noopener\" target=\"_blank\">#Tour de France 2025<\/a><\/li>\n<\/ul>\n","protected":false},"excerpt":{"rendered":"Par Margot Nicod\u00e8me Publi\u00e9 le 5 juil. 2025 \u00e0 17h58 Qu\u2019il \u00e9tait beau, ce grand d\u00e9part du Tour&hellip;\n","protected":false},"author":2,"featured_media":228522,"comment_status":"","ping_status":"","sticky":false,"template":"","format":"standard","meta":{"footnotes":""},"categories":[2815],"tags":[1111,11,1777,674,1011,27,811,1307,12,25,104,2116],"class_list":{"0":"post-228521","1":"post","2":"type-post","3":"status-publish","4":"format-standard","5":"has-post-thumbnail","7":"category-lille","8":"tag-actu","9":"tag-actualites","10":"tag-eu","11":"tag-europe","12":"tag-fr","13":"tag-france","14":"tag-hauts-de-france","15":"tag-lille","16":"tag-news","17":"tag-republique-francaise","18":"tag-societe","19":"tag-tour-de-france-2025"},"share_on_mastodon":{"url":"","error":""},"_links":{"self":[{"href":"https:\/\/www.europesays.com\/fr\/wp-json\/wp\/v2\/posts\/228521","targetHints":{"allow":["GET"]}}],"collection":[{"href":"https:\/\/www.europesays.com\/fr\/wp-json\/wp\/v2\/posts"}],"about":[{"href":"https:\/\/www.europesays.com\/fr\/wp-json\/wp\/v2\/types\/post"}],"author":[{"embeddable":true,"href":"https:\/\/www.europesays.com\/fr\/wp-json\/wp\/v2\/users\/2"}],"replies":[{"embeddable":true,"href":"https:\/\/www.europesays.com\/fr\/wp-json\/wp\/v2\/comments?post=228521"}],"version-history":[{"count":0,"href":"https:\/\/www.europesays.com\/fr\/wp-json\/wp\/v2\/posts\/228521\/revisions"}],"wp:featuredmedia":[{"embeddable":true,"href":"https:\/\/www.europesays.com\/fr\/wp-json\/wp\/v2\/media\/228522"}],"wp:attachment":[{"href":"https:\/\/www.europesays.com\/fr\/wp-json\/wp\/v2\/media?parent=228521"}],"wp:term":[{"taxonomy":"category","embeddable":true,"href":"https:\/\/www.europesays.com\/fr\/wp-json\/wp\/v2\/categories?post=228521"},{"taxonomy":"post_tag","embeddable":true,"href":"https:\/\/www.europesays.com\/fr\/wp-json\/wp\/v2\/tags?post=228521"}],"curies":[{"name":"wp","href":"https:\/\/api.w.org\/{rel}","templated":true}]}}