{"id":228523,"date":"2025-07-05T16:27:09","date_gmt":"2025-07-05T16:27:09","guid":{"rendered":"https:\/\/www.europesays.com\/fr\/228523\/"},"modified":"2025-07-05T16:27:09","modified_gmt":"2025-07-05T16:27:09","slug":"une-affaire-de-chouette-protegee-qui-pourrait-faire-date-et-couter-cher-a-un-promoteur-marseillais","status":"publish","type":"post","link":"https:\/\/www.europesays.com\/fr\/228523\/","title":{"rendered":"Une affaire de chouette prot\u00e9g\u00e9e qui pourrait faire date et co\u00fbter cher \u00e0 un promoteur marseillais"},"content":{"rendered":"<p>C\u2019est un \u00ab\u00a0dossier embl\u00e9matique\u00a0\u00bb, <strong>l\u2019illustration \u00ab\u00a0d\u2019un clivage entre \u00e9cologie et \u00e9conomie\u00a0\u00bb<\/strong>, r\u00e9sume dans son r\u00e9quisitoire le procureur Michel Sastre. Ce vendredi 4 juillet, au tribunal correctionnel de Marseille, se rejouait l\u2019histoire des <a href=\"https:\/\/www.laprovence.com\/article\/ecoplanete\/5743411528318214\/a-chateau-gombert-le-combat-pour-la-survie-des-chouettes-se-poursuit-en-justice\" target=\"_blank\" rel=\"noopener\">chouettes chev\u00eaches d\u2019Ath\u00e9na<\/a>, un volatile prot\u00e9g\u00e9 et en voie de disparition dans le d\u00e9partement, qui nichaient et vivaient dans une vieille bastide du technop\u00f4le de Ch\u00e2teau-Gombert (13e).<\/p>\n<p>Le dirigeant de la soci\u00e9t\u00e9 immobili\u00e8re les Lodge du Ch\u00e2teau est accus\u00e9 de<strong> destruction illicite d\u2019habitat d\u2019esp\u00e8ce prot\u00e9g\u00e9e<\/strong>, en l\u2019occurrence celle d\u2019un b\u00e2timent en ao\u00fbt 2023 pour lancer la construction d\u2019un projet immobilier de neuf villas. Le bureau d\u2019\u00e9tudes Ecotonia est, lui, inqui\u00e9t\u00e9 pour complicit\u00e9 dans cette affaire d\u2019atteinte \u00e0 la biodiversit\u00e9. C\u2019est la premi\u00e8re fois qu\u2019un bureau d\u2019\u00e9tudes est poursuivi pour de tels faits, et l\u2019affaire pourrait ainsi faire jurisprudence dans le milieu de la justice environnementale.<\/p>\n<p>Plusieurs associations de pr\u00e9servation de la faune et de la flore, dont France nature environnement (FNE) 13, la <a href=\"https:\/\/www.laprovence.com\/article\/region\/1027028456817515\/des-friches-urbaines-installees-a-marseille-pour-proteger-les-oiseaux\" target=\"_blank\" rel=\"noopener\">Ligue de protection des oiseaux (LPO) locale<\/a> et nationale avaient port\u00e9 plainte apr\u00e8s avoir alert\u00e9 sur la pr\u00e9sence de cette petite chouette \u00e0 l\u2019aspect touffu dans les environnements de la bastide, et dans le vieil \u00e9difice inhabit\u00e9 depuis longtemps.<\/p>\n<p>15\u00a0000\u00a0euros de dommages pour pr\u00e9judice environnementaux<\/p>\n<p>Des donn\u00e9es de l\u2019Office fran\u00e7ais de la biodiversit\u00e9 (OFB) attestent \u00e9galement du passage des chouettes dans <strong>cette b\u00e2tisse identifi\u00e9e comme lieu de ponte et de repos<\/strong>. \u00ab\u00a0Quand un lieu de vie de cette esp\u00e8ce est d\u00e9truit, les chouettes n\u2019ont aucune chance de s\u2019installer ailleurs et leur vie est en p\u00e9ril\u00a0\u00bb, a rappel\u00e9 Me Victoria, l\u2019avocate de la LPO qui demande aux pr\u00e9venus 15 000 euros pour r\u00e9parer les pr\u00e9judices environnementaux.<\/p>\n<p>Le bureau d\u2019\u00e9tudes Ecotonia, pay\u00e9 par le promoteur immobilier, a produit plusieurs rapports entre 2021 et 2022 pour faire un diagnostic \u00e9cologique et identifier les esp\u00e8ces pr\u00e9sentes sur la bastide \u00e0 d\u00e9truire. Certains des \u00e9crits mentionnent la pr\u00e9sence possible, mais pas la nidification, d\u2019autres ne mentionnent pas du tout l\u2019existence de la chouette. Ce dont se d\u00e9fend le responsable du bureau qui d\u00e9clare avoir fait tout ce qui \u00e9tait en son pouvoir pour informer le promoteur. Il est \u00e9galement accus\u00e9 de ne pas avoir insist\u00e9 sur la n\u00e9cessit\u00e9 de demander une d\u00e9rogation pour ce projet de construction, obligatoire en cas de pr\u00e9sence d\u2019une esp\u00e8ce prot\u00e9g\u00e9e, afin de mettre en place des mesures de compensation, comme des nichoirs ou de la v\u00e9g\u00e9tation.<\/p>\n<p>Pendant les d\u00e9bats, parties civiles et avocats de la d\u00e9fense se sont \u00e9charp\u00e9s sur le contenu de ces rapports pour d\u00e9terminer ou non si le bureau d\u2019\u00e9tudes avait suffisamment alert\u00e9 le promoteur. \u00ab\u00a0Oui\u00a0\u00bb, tranche le procureur, \u00ab\u00a0il savait qu\u2019il y avait des chouettes, les multiples interpellations des associations en attestent\u00a0\u00bb, ajoute Michel Sastre. Contre le Lodge du Ch\u00e2teau, il a requis 30 000 euros et propose l\u2019interdiction pour un an d\u2019activit\u00e9s en lien avec la promotion. Il a \u00e9galement demand\u00e9 15 000 euros d\u2019amende contre le bureau Ecotonia. Le d\u00e9lib\u00e9r\u00e9 ne sera rendu que le 5\u00a0septembre \u00e0 8 h 30 mais les associations esp\u00e8rent d\u00e9j\u00e0 que le jugement pourra faire date.<\/p>\n","protected":false},"excerpt":{"rendered":"C\u2019est un \u00ab\u00a0dossier embl\u00e9matique\u00a0\u00bb, l\u2019illustration \u00ab\u00a0d\u2019un clivage entre \u00e9cologie et \u00e9conomie\u00a0\u00bb, r\u00e9sume dans son r\u00e9quisitoire le procureur Michel&hellip;\n","protected":false},"author":2,"featured_media":228524,"comment_status":"","ping_status":"","sticky":false,"template":"","format":"standard","meta":{"footnotes":""},"categories":[2814],"tags":[17,1111,11,13060,17720,1777,674,4560,1011,27,884,12,2864,19329,882,3583,16,25,96],"class_list":{"0":"post-228523","1":"post","2":"type-post","3":"status-publish","4":"format-standard","5":"has-post-thumbnail","7":"category-marseille","8":"tag-17","9":"tag-actu","10":"tag-actualites","11":"tag-affaire","12":"tag-chouette","13":"tag-eu","14":"tag-europe","15":"tag-faire","16":"tag-fr","17":"tag-france","18":"tag-marseille","19":"tag-news","20":"tag-pourrait","21":"tag-protegee","22":"tag-provence-alpes-cote-dazur","23":"tag-qui","24":"tag-region","25":"tag-republique-francaise","26":"tag-une"},"share_on_mastodon":{"url":"","error":""},"_links":{"self":[{"href":"https:\/\/www.europesays.com\/fr\/wp-json\/wp\/v2\/posts\/228523","targetHints":{"allow":["GET"]}}],"collection":[{"href":"https:\/\/www.europesays.com\/fr\/wp-json\/wp\/v2\/posts"}],"about":[{"href":"https:\/\/www.europesays.com\/fr\/wp-json\/wp\/v2\/types\/post"}],"author":[{"embeddable":true,"href":"https:\/\/www.europesays.com\/fr\/wp-json\/wp\/v2\/users\/2"}],"replies":[{"embeddable":true,"href":"https:\/\/www.europesays.com\/fr\/wp-json\/wp\/v2\/comments?post=228523"}],"version-history":[{"count":0,"href":"https:\/\/www.europesays.com\/fr\/wp-json\/wp\/v2\/posts\/228523\/revisions"}],"wp:featuredmedia":[{"embeddable":true,"href":"https:\/\/www.europesays.com\/fr\/wp-json\/wp\/v2\/media\/228524"}],"wp:attachment":[{"href":"https:\/\/www.europesays.com\/fr\/wp-json\/wp\/v2\/media?parent=228523"}],"wp:term":[{"taxonomy":"category","embeddable":true,"href":"https:\/\/www.europesays.com\/fr\/wp-json\/wp\/v2\/categories?post=228523"},{"taxonomy":"post_tag","embeddable":true,"href":"https:\/\/www.europesays.com\/fr\/wp-json\/wp\/v2\/tags?post=228523"}],"curies":[{"name":"wp","href":"https:\/\/api.w.org\/{rel}","templated":true}]}}