{"id":228527,"date":"2025-07-05T16:29:09","date_gmt":"2025-07-05T16:29:09","guid":{"rendered":"https:\/\/www.europesays.com\/fr\/228527\/"},"modified":"2025-07-05T16:29:09","modified_gmt":"2025-07-05T16:29:09","slug":"le-conducteur-dun-fourgon-se-tue-sur-la7","status":"publish","type":"post","link":"https:\/\/www.europesays.com\/fr\/228527\/","title":{"rendered":"le conducteur d\u2019un fourgon se tue sur l\u2019A7"},"content":{"rendered":"<p>Un accident mortel de la circulation s\u2019est produit t\u00f4t ce samedi 5\u00a0juillet sur l\u2019autoroute A7 \u00e0 la hauteur de la commune de Solaize, a appris Le Progr\u00e8s.<\/p>\n<p>Vers 6h30, le conducteur d\u2019un fourgon qui circulait en direction du sud a perdu le contr\u00f4le du v\u00e9hicule, peut-\u00eatre apr\u00e8s s\u2019\u00eatre endormi au volant.<\/p>\n<p>Le fourgon s\u2019est d\u00e9port\u00e9 sur la droite et a quitt\u00e9 la chauss\u00e9e avant de faire plusieurs tonneaux sur le talus herbeux o\u00f9 il s\u2019est immobilis\u00e9.<\/p>\n<p>  Le conducteur \u00e9ject\u00e9<\/p>\n<p>Selon nos informations, le conducteur qui \u00e9tait seul \u00e0 bord et qui, selon les premi\u00e8res constatations, ne portait pas sa ceinture de s\u00e9curit\u00e9, a \u00e9t\u00e9 \u00e9ject\u00e9. Malgr\u00e9 l\u2019intervention des pompiers, ce jeune homme de 22 ans n\u2019a pas pu \u00eatre ranim\u00e9 et son d\u00e9c\u00e8s a \u00e9t\u00e9 constat\u00e9 sur place.<\/p>\n<p>La CRS Autorouti\u00e8re a proc\u00e9d\u00e9 aux constatations et une enqu\u00eate est ouverte pour pr\u00e9ciser <a href=\"https:\/\/www.leprogres.fr\/magazine-automobile\/2022\/01\/20\/savez-vous-quels-sont-les-accidents-les-plus-frequents\" target=\"_blank\" rel=\"nofollow noopener\">les causes et circonstances de l\u2019accident<\/a>. Des analyses toxicologiques doivent \u00eatre pratiqu\u00e9es sur la victime afin de d\u00e9terminer si elle avait consomm\u00e9 de l\u2019alcool ou des stup\u00e9fiants.<\/p>\n<p class=\"xsm-p emxed-markup\">Selon les comptages du Progr\u00e8s, il s\u2019agit du 35e accident mortel depuis le d\u00e9but de l\u2019ann\u00e9e dans le d\u00e9partement. Un bilan dramatique et <a href=\"https:\/\/www.leprogres.fr\/transport\/2025\/06\/18\/une-hausse-de-123-des-accidents-en-2025-debut-d-annee-inquietant-sur-les-routes-du-departement\" target=\"_blank\" rel=\"nofollow noopener\">en tr\u00e8s nette hausse par rapport \u00e0 l\u2019an dernier<\/a>. Les services de l\u2019Etat appellent les usagers de la route \u00e0 la plus grande prudence.\u00a0<\/p>\n<p class=\"componentDescription\">Quatre accidents suppl\u00e9mentaires sont \u00e0 ajouter \u00e0 la carte : un motard \u00e0 Corbas en f\u00e9vrier, un mortard \u00e0 La Mulati\u00e8re en mars, un motard \u00e0 Lyon 9e en avril et un automobiliste \u00e0 Orli\u00e9nas en mai.<\/p>\n<p>  Attention, circulation tr\u00e8s charg\u00e9e ce week-end<\/p>\n<p>L\u2019accident n\u2019a pas eu de cons\u00e9quences notables sur le trafic, car le v\u00e9hicule accident\u00e9 n\u2019empi\u00e9tait pas sur la chauss\u00e9e et la circulation n\u2019\u00e9tait pas encore tr\u00e8s dense.<\/p>\n<p>En ce premier week-end de d\u00e9part en vacances, <a href=\"https:\/\/www.leprogres.fr\/transport\/2024\/07\/04\/route-des-vacances-a-quoi-faut-il-s-attendre-pour-ce-premier-week-end-de-departs\" target=\"_blank\" rel=\"nofollow noopener\">la circulation est class\u00e9e rouge<\/a> dans le sens d\u00e9part selon les pr\u00e9visions de Bison Fut\u00e9. Le trafic risque d\u2019\u00eatre tr\u00e8s compliqu\u00e9 sur l\u2019A6-A7 et aux entr\u00e9es du tunnel sous Fourvi\u00e8re.<\/p>\n","protected":false},"excerpt":{"rendered":"Un accident mortel de la circulation s\u2019est produit t\u00f4t ce samedi 5\u00a0juillet sur l\u2019autoroute A7 \u00e0 la hauteur&hellip;\n","protected":false},"author":2,"featured_media":228528,"comment_status":"","ping_status":"","sticky":false,"template":"","format":"standard","meta":{"footnotes":""},"categories":[1889],"tags":[119,1111,11,2430,14021,3152,3154,1777,674,274,107,1011,27,2428,12,25,2429,8287,13170,21447,26941],"class_list":{"0":"post-228527","1":"post","2":"type-post","3":"status-publish","4":"format-standard","5":"has-post-thumbnail","7":"category-lyon","8":"tag-accident","9":"tag-actu","10":"tag-actualites","11":"tag-auvergne-rhone-alpes","12":"tag-chasse-sur-rhone","13":"tag-edition-est-lyonnais","14":"tag-edition-sud-lyonnais","15":"tag-eu","16":"tag-europe","17":"tag-faits-divers-justice","18":"tag-fil-info","19":"tag-fr","20":"tag-france","21":"tag-lyon","22":"tag-news","23":"tag-republique-francaise","24":"tag-rhone","25":"tag-saint-symphorien-dozon-bassin","26":"tag-solaize","27":"tag-ternay","28":"tag-vernaison"},"share_on_mastodon":{"url":"","error":""},"_links":{"self":[{"href":"https:\/\/www.europesays.com\/fr\/wp-json\/wp\/v2\/posts\/228527","targetHints":{"allow":["GET"]}}],"collection":[{"href":"https:\/\/www.europesays.com\/fr\/wp-json\/wp\/v2\/posts"}],"about":[{"href":"https:\/\/www.europesays.com\/fr\/wp-json\/wp\/v2\/types\/post"}],"author":[{"embeddable":true,"href":"https:\/\/www.europesays.com\/fr\/wp-json\/wp\/v2\/users\/2"}],"replies":[{"embeddable":true,"href":"https:\/\/www.europesays.com\/fr\/wp-json\/wp\/v2\/comments?post=228527"}],"version-history":[{"count":0,"href":"https:\/\/www.europesays.com\/fr\/wp-json\/wp\/v2\/posts\/228527\/revisions"}],"wp:featuredmedia":[{"embeddable":true,"href":"https:\/\/www.europesays.com\/fr\/wp-json\/wp\/v2\/media\/228528"}],"wp:attachment":[{"href":"https:\/\/www.europesays.com\/fr\/wp-json\/wp\/v2\/media?parent=228527"}],"wp:term":[{"taxonomy":"category","embeddable":true,"href":"https:\/\/www.europesays.com\/fr\/wp-json\/wp\/v2\/categories?post=228527"},{"taxonomy":"post_tag","embeddable":true,"href":"https:\/\/www.europesays.com\/fr\/wp-json\/wp\/v2\/tags?post=228527"}],"curies":[{"name":"wp","href":"https:\/\/api.w.org\/{rel}","templated":true}]}}