{"id":228538,"date":"2025-07-05T16:35:13","date_gmt":"2025-07-05T16:35:13","guid":{"rendered":"https:\/\/www.europesays.com\/fr\/228538\/"},"modified":"2025-07-05T16:35:13","modified_gmt":"2025-07-05T16:35:13","slug":"quand-on-est-proprietaire-de-terres-agricoles-ou-forestieres-il-faut-se-former","status":"publish","type":"post","link":"https:\/\/www.europesays.com\/fr\/228538\/","title":{"rendered":"Quand on est propri\u00e9taire de terres agricoles ou foresti\u00e8res, \u00ab il faut se former \u00bb"},"content":{"rendered":"<p>            Par<br \/>\n        <strong><br \/>\n            <a href=\"https:\/\/actu.fr\/auteur\/jp-massieu\" title=\"Consulter tous les articles de Jean-Philippe Massieu\" rel=\"nofollow noopener\" target=\"_blank\">Jean-Philippe Massieu<\/a><br \/>\n        <\/strong><\/p>\n<p>        Publi\u00e9 le<\/p>\n<p>            5 juil. 2025 \u00e0 13h54        <\/p>\n<p><b>Bruno du Mesnildot<\/b> (d\u2019<a href=\"https:\/\/actu.fr\/normandie\/anneville-en-saire_50013\" rel=\"nofollow noopener\" target=\"_blank\">Anneville-en-Saire<\/a>, dans la Manche) pr\u00e9side le <a href=\"https:\/\/propriete-rurale50.com\/\" rel=\"nofollow noopener\" target=\"_blank\">syndicat de la Propri\u00e9t\u00e9 priv\u00e9e rurale de la Manche<\/a> <b>depuis janvier 2024<\/b>.<\/p>\n<p class=\" wall-content\">Le <b>20 juin 2025<\/b>, \u00e0 <b>Saint-Michel-de-la-Pierre<\/b>, il pr\u00e9sidait <b>sa deuxi\u00e8me assembl\u00e9e g\u00e9n\u00e9rale<\/b>.<\/p>\n<p>Autour de 200 adh\u00e9rents<\/p>\n<p class=\" wall-content\">Le <b>syndicat<\/b>, membre de la f\u00e9d\u00e9ration r\u00e9gionale de la Propri\u00e9t\u00e9 priv\u00e9e rurale de <b>Normandie<\/b>, a \u00e9t\u00e9 rejoint par <b>31 nouveaux adh\u00e9rents<\/b> en un an et demi. \u00ab On est autour de 200 \u00bb, chiffre celui qui \u00e9tait <b>administrateur <\/b>\u00ab depuis que je suis <b>revenu en retraite<\/b> dans la r\u00e9gion, sur la<b> ferme de mon p\u00e8re<\/b>, cela fait 4 ou 5 ans \u00bb.<\/p>\n<p class=\" wall-content\">Bruno du Mesnildot a fait<b> carri\u00e8re dans l\u2019industrie<\/b>. \u00ab J\u2019ai repris les fermages que mon p\u00e8re avait \u00bb, avec <b>les exploitants agricoles<\/b> du <b>Val de Saire<\/b>. Rappelons que dans la Manche, 75 % des terres agricoles sont lou\u00e9es en fermage, ce qui permet aux <b>agriculteurs <\/b>d\u2019<b>amoindrir leurs charges<\/b>.<\/p>\n<p>\u00c9lu \u00e0 la Chambre d\u2019agriculture de la Manche<\/p>\n<p class=\" wall-content\">En faisant une union avec la <a href=\"https:\/\/fdsea50.fr\/\" rel=\"nofollow noopener\" target=\"_blank\">FDSEA <\/a>et les JA, Bruno du Mesnildot a \u00e9t\u00e9 \u00e9lu repr\u00e9sentant des propri\u00e9taires fonciers aux <b>\u00e9lections<\/b> de la <a href=\"https:\/\/chambres-agriculture.fr\/le-reseau-chambres\/qui-sommes-nous\/annuaire-des-chambres\/chambre-dagriculture-de-la-manche\" rel=\"nofollow noopener\" target=\"_blank\">Chambre d\u2019agriculture de la Manche<\/a>, en <b>janvier 2025<\/b>. Il si\u00e8ge donc d\u00e9sormais dans la chambre consulaire.<\/p>\n<p class=\" wall-content\">Que retire-t-il de son ann\u00e9e et demie pass\u00e9e \u00e0 la t\u00eate du syndicat ?<\/p>\n<blockquote class=\"ac-article-quote wall-content\">\n<p>C\u2019est int\u00e9ressant mais c\u2019est compliqu\u00e9 avec beaucoup d\u2019acronymes et des organisations qui se m\u00e9langent plus ou moins. J\u2019ai beaucoup d\u2019admiration pour les agriculteurs engag\u00e9s car \u00e7a leur prend beaucoup de temps en plus de leur boulot.<\/p>\n<p>Bruno du Mesnildot\u00a0<\/p><\/blockquote>\n<p>Un appel aux bonnes volont\u00e9s<\/p>\n<p class=\" wall-content\">Bruno du Mesnildot lance un appel aux propri\u00e9taires fonciers, notamment les <b>plus jeunes<\/b>, \u00e0 rejoindre le syndicat, surtout au <b>conseil d\u2019administration<\/b>.<\/p>\n<p class=\" wall-content\">\u00ab Notre syndicat, c\u2019est du conseil, de l\u2019accompagnement, s\u2019informer \u00bb, assure <b>le pr\u00e9sident<\/b>. Car \u00ab \u00eatre propri\u00e9taire, c\u2019est <b>un m\u00e9tier<\/b> (sic), il faut se former \u00bb.<\/p>\n<p>Face au changement climatique<\/p>\n<p class=\" wall-content\">L\u2019assembl\u00e9e g\u00e9n\u00e9rale statutaire s\u2019est prolong\u00e9e par un expos\u00e9 d\u2019<b>Aur\u00e9lie Lam\u00e9, docteure en hydrologie et hydrog\u00e9ologie quantitative<\/b>, expert judiciaire pr\u00e8s la cour de <a href=\"https:\/\/actu.fr\/normandie\/caen_14118\" rel=\"nofollow noopener\" target=\"_blank\">Caen <\/a>(Calvados). Ce n\u2019est plus contestable :<b> la France<\/b> et m\u00eame la Normandie subissent \u00ab de plus en plus de jours de <b>canicule <\/b>et de moins en moins de jours de <b>froid <\/b>et grand froid \u00bb.<\/p>\n<p class=\" wall-content\">Il y a une \u00ab <b>modification de saisonnalit\u00e9<\/b> des <b>pluies <\/b>: plus en hiver, moins en \u00e9t\u00e9. Dans la Manche, en g\u00e9n\u00e9ral,<b> les crues <\/b>sont plut\u00f4t lentes. Dans le sud de la France, ce sont des pluies beaucoup plus intenses \u00bb. En tant que <b>d\u00e9partement c\u00f4tier<\/b>, nous avons potentiellement<b> 22 000 habitations concern\u00e9es<\/b> par la <b>mont\u00e9e des eaux<\/b>. Les <b>temp\u00eates <\/b>seront peut-\u00eatre<b> plus violentes<\/b> mais, a priori, pas plus fr\u00e9quentes.<\/p>\n<p class=\" wall-content\">Globalement, \u00ab dans la Manche, on a de la chance, on n\u2019est pas en premi\u00e8re ligne \u00bb, a rassur\u00e9 un peu la sp\u00e9cialiste. \u00ab Nos terres vont prendre de la valeur \u00bb, a not\u00e9 Jean-Fran\u00e7ois Jacquet qui souleva le fait de r\u00e9fl\u00e9chir aux<b> essences d\u2019arbres \u00e0 planter <\/b>afin de <b>s\u2019adapter <\/b>\u00e0 ce <a href=\"https:\/\/actu.fr\/tag\/changement-climatique\" rel=\"nofollow noopener\" target=\"_blank\">changement climatique<\/a>.<\/p>\n<p class=\" wall-content\">\u00ab Comment <b>pr\u00e9server le potentiel<\/b> de production agricole alors que la SAU \u00e9tait de <b>35\u00a0millions d\u2019hectares <\/b>en 1950 pour 40\u00a0millions d\u2019habitants contre 27\u00a0millions d\u2019ha pour 67\u00a0millions d\u2019habitants aujourd\u2019hui ? \u00bb, s\u2019inqui\u00e8te Josiane B\u00e9liard, ancienne exploitante agricole, pr\u00e9sidente de la Section nationale des propri\u00e9taires ruraux (SNPR) de la FNSEA et ancienne membre du Conseil \u00e9conomique, social et environnemental.<\/p>\n<p class=\" wall-content\">\u00ab Je pense qu\u2019on ne s\u2019en sortira que par <b>de grandes solutions techniques<\/b> \u00bb, a estim\u00e9 Bruno du Mesnildot.<\/p>\n<p>Pour rejoindre le syndicat : <a href=\"http:\/\/actu.fr\/cdn-cgi\/l\/email-protection#0b69797e65646f7e666e786562676f647f4b6c666a626725686466\" rel=\"nofollow noopener\" target=\"_blank\">[email\u00a0protected]<\/a> ou 07 83 79 93 38<\/p>\n<p class=\" wall-content\">Suivez toute l\u2019actualit\u00e9 de vos villes et m\u00e9dias favoris en vous inscrivant \u00e0 <a href=\"https:\/\/moncompte.actu.fr\" title=\"D\u00e9couvez Mon Actu\" rel=\"nofollow noopener\" data-trk=\"{&quot;cta&quot;:{&quot;action&quot;:&quot;https:\\\/\\\/moncompte.actu.fr&quot;,&quot;category&quot;:&quot;mon compte&quot;,&quot;from&quot;:&quot;article footer&quot;,&quot;name&quot;:&quot;Mon actu&quot;,&quot;type&quot;:&quot;cta&quot;}}\" target=\"_blank\">Mon Actu<\/a>.<\/p>\n","protected":false},"excerpt":{"rendered":"Par Jean-Philippe Massieu Publi\u00e9 le 5 juil. 2025 \u00e0 13h54 Bruno du Mesnildot (d\u2019Anneville-en-Saire, dans la Manche) pr\u00e9side&hellip;\n","protected":false},"author":2,"featured_media":228539,"comment_status":"","ping_status":"","sticky":false,"template":"","format":"standard","meta":{"footnotes":""},"categories":[1888],"tags":[11,327,1777,674,1011,27,12,626,25,104],"class_list":{"0":"post-228538","1":"post","2":"type-post","3":"status-publish","4":"format-standard","5":"has-post-thumbnail","7":"category-paris","8":"tag-actualites","9":"tag-agriculture","10":"tag-eu","11":"tag-europe","12":"tag-fr","13":"tag-france","14":"tag-news","15":"tag-paris","16":"tag-republique-francaise","17":"tag-societe"},"share_on_mastodon":{"url":"","error":""},"_links":{"self":[{"href":"https:\/\/www.europesays.com\/fr\/wp-json\/wp\/v2\/posts\/228538","targetHints":{"allow":["GET"]}}],"collection":[{"href":"https:\/\/www.europesays.com\/fr\/wp-json\/wp\/v2\/posts"}],"about":[{"href":"https:\/\/www.europesays.com\/fr\/wp-json\/wp\/v2\/types\/post"}],"author":[{"embeddable":true,"href":"https:\/\/www.europesays.com\/fr\/wp-json\/wp\/v2\/users\/2"}],"replies":[{"embeddable":true,"href":"https:\/\/www.europesays.com\/fr\/wp-json\/wp\/v2\/comments?post=228538"}],"version-history":[{"count":0,"href":"https:\/\/www.europesays.com\/fr\/wp-json\/wp\/v2\/posts\/228538\/revisions"}],"wp:featuredmedia":[{"embeddable":true,"href":"https:\/\/www.europesays.com\/fr\/wp-json\/wp\/v2\/media\/228539"}],"wp:attachment":[{"href":"https:\/\/www.europesays.com\/fr\/wp-json\/wp\/v2\/media?parent=228538"}],"wp:term":[{"taxonomy":"category","embeddable":true,"href":"https:\/\/www.europesays.com\/fr\/wp-json\/wp\/v2\/categories?post=228538"},{"taxonomy":"post_tag","embeddable":true,"href":"https:\/\/www.europesays.com\/fr\/wp-json\/wp\/v2\/tags?post=228538"}],"curies":[{"name":"wp","href":"https:\/\/api.w.org\/{rel}","templated":true}]}}