{"id":228562,"date":"2025-07-05T16:47:18","date_gmt":"2025-07-05T16:47:18","guid":{"rendered":"https:\/\/www.europesays.com\/fr\/228562\/"},"modified":"2025-07-05T16:47:18","modified_gmt":"2025-07-05T16:47:18","slug":"lallemand-dennis-fuchs-titre-pour-la-premiere-fois-en-pologne-trois-francais-dans-le-top-10","status":"publish","type":"post","link":"https:\/\/www.europesays.com\/fr\/228562\/","title":{"rendered":"L&rsquo;Allemand Dennis Fuchs titr\u00e9 pour la premi\u00e8re fois en Pologne. Trois Fran\u00e7ais dans le top 10"},"content":{"rendered":"<p>\t\t\t\t\t\t<img width=\"770\" height=\"519\" src=\"https:\/\/www.europesays.com\/fr\/wp-content\/uploads\/2025\/07\/capture-decran-2025-07-04-153438-770x519.png\" class=\"img-responsive wp-post-image\" alt=\"Dennis Fuchs\" decoding=\"async\" fetchpriority=\"high\"  \/>\t\t\t\t\t<\/p>\n<p>\t\t\t\t\t\t Partager cet article <\/p>\n<p class=\"screen-reader-text juiz_sps_maybe_hidden_text\">Partager la publication \u00ab\u00a0L\u2019Allemand Dennis Fuchs titr\u00e9 pour la premi\u00e8re fois en Pologne. Trois Fran\u00e7ais dans le top 10\u00a0\u00bb<\/p>\n<p><strong>L\u2019Allemand Dennis Fuchs a remport\u00e9 le Gradi Polish Open by Emeralld, \u00e9preuve du ProGolf Tour organis\u00e9e \u00e0 Prusice dans le sud-ouest de la Pologne. Une premi\u00e8re victoire, au c\u0153ur d\u2019une saison difficile, d\u00e9croch\u00e9e en play-off face au Belge Kristof Ulenaers. Les Fran\u00e7ais ont perform\u00e9 avec la septi\u00e8me place ex aequo d\u2019Antoine Pouguet, Mathis Pansart et Julien Lebrere.<\/strong><\/p>\n<p>\u00a0<\/p>\n<p><strong>H.D.<\/strong><\/p>\n<p>Une vingti\u00e8me place \u00e0 <strong>Sankt-P\u00f6lten<\/strong> le 8 mai et une 35e \u00e0 \u00a0<strong>Ain Suchna en \u00c9gypte<\/strong> en avril. Ce sont les deux meilleurs r\u00e9sultats de l\u2019Allemand <strong>Dennis Fuchs<\/strong>, mais aussi ses deux seuls cuts franchis sur le<strong> ProGolf Tour<\/strong>. Leader \u00e0 l\u2019issue du premier tour apr\u00e8s avoir r\u00e9ussi des eagles sur les trois par 5 du Gradi Golf Club de Prusice, il avait r\u00e9ussi \u00e0 conserver la t\u00eate jeudi, aux c\u00f4t\u00e9s de son compatriote <strong>L\u00e9on Breimer <\/strong>et du Fran\u00e7ais<strong> Aubin Lacaze<\/strong> avec un total de -11.<\/p>\n<p><a href=\"https:\/\/www.progolftour.de\/livescoring-en\" rel=\"nofollow noopener\" target=\"_blank\">Retrouvez le classement complet\u00a0<\/a><\/p>\n<p>\t\t\t\t\t<a id=\"178042\" href=\"https:\/\/leclub-golf.com\/fr\/actualites\/team-sud-ouest-vs-team-sud-est-le-duel-de-lete?utm_source=golf+planete&amp;utm_medium=referral&amp;utm_campaign=team+sud&amp;utm_id=team+sud_golf+planete_referral_banner\" target=\"_blank\" rel=\"sponsorised nofollow noopener\"><img decoding=\"async\" src=\"data:image\/svg+xml,%3Csvg%20xmlns=\" http:=\"\" class=\"img-responsive\" alt=\"\" data-lazy-src=\"https:\/\/www.europesays.com\/fr\/wp-content\/uploads\/2025\/07\/leclubgolf-e08-duel-teams-1170x275-1.png\"\/><\/a><\/p>\n<p>Breimer termine avec un -2 journ\u00e9e, -13 total \u00e0 la troisi\u00e8me place ex aequo, signant ici son deuxi\u00e8me top 10 de la saison et son meilleur r\u00e9sultat apr\u00e8s la dixi\u00e8me place au <strong>Ayn Bay Red Sea Open,<\/strong> le 15 avril. Lacaze, lui, aura \u00e9t\u00e9 impeccable durant 49 trous, claquant un eagle et 12 birdies avant de craquer compl\u00e9tement avec un triple puis un double bogey. Un 72 final (+2 journ\u00e9e) synonyme de 16e place, meilleure r\u00e9sultat de sa saison.<\/p>\n<p>C\u2019est le Belge <strong>Kristof Ulenaers<\/strong> avec un deuxi\u00e8me 66 cons\u00e9cutif qui a rejoint Fuchs en t\u00eate, avant de s\u2019incliner en play-off sur un\u00a0 birdie de son adversaire.\u00a0<\/p>\n<p>\u00a0<\/p>\n<p>Les Fran\u00e7ais dans le coup<\/p>\n<p>Les compatriotes d\u2019Aubin Lacaze partaient de trop loin pour esp\u00e9rer devenir le deuxi\u00e8me fran\u00e7ais titr\u00e9 cette saison apr\u00e8s <a href=\"https:\/\/www.golfplanete.com\/actualites\/clement-guichard-retrouve-le-chemin-de-la-victoire\/\" rel=\"nofollow noopener\" target=\"_blank\"><strong>Cl\u00e9ment Guichard<\/strong> <\/a>\u00e0 l\u2019<strong>Ain Bay Red Sea Open 2025<\/strong>.<strong> Mathis Pansart<\/strong> co-signe n\u00e9anmoins la meilleure carte du jour en -7 pour enregistrer son premier top 10.\u00a0<\/p>\n<p>L\u2019Agenais <strong>Julien Lebrere<\/strong> enregistre son premier top 10 en carri\u00e8re apr\u00e8s sa meilleure carte de la semaine en 65. \u00c0 noter que<strong> Mathias Gunzel<\/strong> termine 11e \u00e0 un coup de ses compatriotes et du top 10. Prochain rendez-vous sur le <strong>ProGolf tour<\/strong> en Allemagne \u00e0 Donaueschingen, au c\u0153ur de la for\u00eat noire du 22 au 24 juillet.\u00a0<\/p>\n<p>\t\t\t\t\t<a id=\"174716\" href=\"https:\/\/www.golf-consulting.fr\/\" target=\"_blank\" rel=\"sponsorised nofollow noopener\"><img decoding=\"async\" src=\"data:image\/svg+xml,%3Csvg%20xmlns=\" http:=\"\" class=\"img-responsive\" alt=\"\" data-lazy-src=\"https:\/\/www.europesays.com\/fr\/wp-content\/uploads\/2025\/06\/golfconsulting-e01-proam-barnes-25-1170x275-1.jpg\"\/><\/a><\/p>\n<p>\u00a0<\/p>\n<p>Le Top 10<\/p>\n<p><img loading=\"lazy\" decoding=\"async\" class=\"alignnone wp-image-178463 size-large\" src=\"data:image\/svg+xml,%3Csvg%20xmlns=\" http:=\"\" alt=\"\" width=\"770\" height=\"404\" data-lazy- data-lazy- data-lazy-src=\"https:\/\/www.europesays.com\/fr\/wp-content\/uploads\/2025\/07\/capture-decran-2025-07-04-150242-770x404.png\"\/><\/p>\n<p>\u00a0<\/p>\n<p>Photo : Pro Golf Tour<\/p>\n<p>\u00a0<\/p>\n","protected":false},"excerpt":{"rendered":"Partager cet article Partager la publication \u00ab\u00a0L\u2019Allemand Dennis Fuchs titr\u00e9 pour la premi\u00e8re fois en Pologne. Trois Fran\u00e7ais&hellip;\n","protected":false},"author":2,"featured_media":228563,"comment_status":"","ping_status":"","sticky":false,"template":"","format":"standard","meta":{"footnotes":""},"categories":[1418],"tags":[1011,27,1472,60],"class_list":{"0":"post-228562","1":"post","2":"type-post","3":"status-publish","4":"format-standard","5":"has-post-thumbnail","7":"category-golf","8":"tag-fr","9":"tag-france","10":"tag-golf","11":"tag-sports"},"share_on_mastodon":{"url":"","error":""},"_links":{"self":[{"href":"https:\/\/www.europesays.com\/fr\/wp-json\/wp\/v2\/posts\/228562","targetHints":{"allow":["GET"]}}],"collection":[{"href":"https:\/\/www.europesays.com\/fr\/wp-json\/wp\/v2\/posts"}],"about":[{"href":"https:\/\/www.europesays.com\/fr\/wp-json\/wp\/v2\/types\/post"}],"author":[{"embeddable":true,"href":"https:\/\/www.europesays.com\/fr\/wp-json\/wp\/v2\/users\/2"}],"replies":[{"embeddable":true,"href":"https:\/\/www.europesays.com\/fr\/wp-json\/wp\/v2\/comments?post=228562"}],"version-history":[{"count":0,"href":"https:\/\/www.europesays.com\/fr\/wp-json\/wp\/v2\/posts\/228562\/revisions"}],"wp:featuredmedia":[{"embeddable":true,"href":"https:\/\/www.europesays.com\/fr\/wp-json\/wp\/v2\/media\/228563"}],"wp:attachment":[{"href":"https:\/\/www.europesays.com\/fr\/wp-json\/wp\/v2\/media?parent=228562"}],"wp:term":[{"taxonomy":"category","embeddable":true,"href":"https:\/\/www.europesays.com\/fr\/wp-json\/wp\/v2\/categories?post=228562"},{"taxonomy":"post_tag","embeddable":true,"href":"https:\/\/www.europesays.com\/fr\/wp-json\/wp\/v2\/tags?post=228562"}],"curies":[{"name":"wp","href":"https:\/\/api.w.org\/{rel}","templated":true}]}}