{"id":228579,"date":"2025-07-05T16:58:11","date_gmt":"2025-07-05T16:58:11","guid":{"rendered":"https:\/\/www.europesays.com\/fr\/228579\/"},"modified":"2025-07-05T16:58:11","modified_gmt":"2025-07-05T16:58:11","slug":"chenove-ils-racontent-lhistoire-et-les-richesses-de-leur-ville-dans-un-livre-photo","status":"publish","type":"post","link":"https:\/\/www.europesays.com\/fr\/228579\/","title":{"rendered":"Chen\u00f4ve. Ils racontent l\u2019histoire et les richesses de leur ville dans un livre photo"},"content":{"rendered":"<p>Ces deux amis sont amoureux de leur ville, Chen\u00f4ve. L\u2019un, Gaby Blondaux, est le pr\u00e9sident engag\u00e9 de l\u2019association <a href=\"https:\/\/www.facebook.com\/ensemblepourchenove\/?locale=fr_FR\" target=\"_blank\" rel=\"noopener\">Ensemble pour Chen\u00f4ve<\/a> , le second, Jo\u00ebl Fanet, est un photographe passionn\u00e9.<\/p>\n<p>De cette amiti\u00e9 est n\u00e9e l\u2019id\u00e9e de cr\u00e9er un ouvrage racontant Chen\u00f4ve en image, chacun avec leur propre objectif.<\/p>\n<p>Casser la mauvaise image<\/p>\n<p>\u00ab\u00a0Ce livre, je l\u2019esp\u00e8re, permettra de casser l\u2019image que les gens se font de Chen\u00f4ve. C\u2019est-\u00e0-dire, une ZUP (zone \u00e0&#8230;<\/p>\n","protected":false},"excerpt":{"rendered":"Ces deux amis sont amoureux de leur ville, Chen\u00f4ve. L\u2019un, Gaby Blondaux, est le pr\u00e9sident engag\u00e9 de l\u2019association&hellip;\n","protected":false},"author":2,"featured_media":228580,"comment_status":"","ping_status":"","sticky":false,"template":"","format":"standard","meta":{"footnotes":""},"categories":[1357],"tags":[1379,25010,18761,1687,58,8588,59,107,1011,27,1380,2410],"class_list":{"0":"post-228579","1":"post","2":"type-post","3":"status-publish","4":"format-standard","5":"has-post-thumbnail","7":"category-livres","8":"tag-books","9":"tag-chenove","10":"tag-chenove-bassin","11":"tag-culture-loisirs","12":"tag-divertissement","13":"tag-edition-dijon-et-son-agglomeration","14":"tag-entertainment","15":"tag-fil-info","16":"tag-fr","17":"tag-france","18":"tag-livres","19":"tag-livres-bd"},"share_on_mastodon":{"url":"","error":""},"_links":{"self":[{"href":"https:\/\/www.europesays.com\/fr\/wp-json\/wp\/v2\/posts\/228579","targetHints":{"allow":["GET"]}}],"collection":[{"href":"https:\/\/www.europesays.com\/fr\/wp-json\/wp\/v2\/posts"}],"about":[{"href":"https:\/\/www.europesays.com\/fr\/wp-json\/wp\/v2\/types\/post"}],"author":[{"embeddable":true,"href":"https:\/\/www.europesays.com\/fr\/wp-json\/wp\/v2\/users\/2"}],"replies":[{"embeddable":true,"href":"https:\/\/www.europesays.com\/fr\/wp-json\/wp\/v2\/comments?post=228579"}],"version-history":[{"count":0,"href":"https:\/\/www.europesays.com\/fr\/wp-json\/wp\/v2\/posts\/228579\/revisions"}],"wp:featuredmedia":[{"embeddable":true,"href":"https:\/\/www.europesays.com\/fr\/wp-json\/wp\/v2\/media\/228580"}],"wp:attachment":[{"href":"https:\/\/www.europesays.com\/fr\/wp-json\/wp\/v2\/media?parent=228579"}],"wp:term":[{"taxonomy":"category","embeddable":true,"href":"https:\/\/www.europesays.com\/fr\/wp-json\/wp\/v2\/categories?post=228579"},{"taxonomy":"post_tag","embeddable":true,"href":"https:\/\/www.europesays.com\/fr\/wp-json\/wp\/v2\/tags?post=228579"}],"curies":[{"name":"wp","href":"https:\/\/api.w.org\/{rel}","templated":true}]}}