{"id":228581,"date":"2025-07-05T16:59:26","date_gmt":"2025-07-05T16:59:26","guid":{"rendered":"https:\/\/www.europesays.com\/fr\/228581\/"},"modified":"2025-07-05T16:59:26","modified_gmt":"2025-07-05T16:59:26","slug":"nouveau-coup-dur-pour-clemence-maries-au-premier-regard-elle-lance-un-appel-a-sa-communaute","status":"publish","type":"post","link":"https:\/\/www.europesays.com\/fr\/228581\/","title":{"rendered":"Nouveau coup dur pour Cl\u00e9mence (Mari\u00e9s au premier regard), elle lance un appel \u00e0 sa communaut\u00e9"},"content":{"rendered":"<p>Apr\u00e8s l&rsquo;annonce choc de sa s\u00e9paration avec Malik, Cl\u00e9mence conna\u00eet une nouvelle d\u00e9sillusion dans sa vie personnelle. Une nouvelle qu&rsquo;elle a partag\u00e9e avec ses abonn\u00e9s sur Instagram afin qu&rsquo;ils puissent lui venir en aide. <\/p>\n<p>R\u00e9v\u00e9l\u00e9e dans<a href=\"https:\/\/www.programme-tv.net\/news\/tele-realite\/382609-il-faut-que-je-te-parle-d-un-truc-david-maries-au-premier-regard-raconte-ce-que-marina-lui-avait-dit-hors-camera-pendant-le-tournage\/\" data-api-deeplink=\"teleloisirs:\/\/news\/382609\" target=\"_blank\" rel=\"noopener\"> l&rsquo;\u00e9mission Mari\u00e9s au premier regard<\/a> diffus\u00e9e sur M6, Cl\u00e9mence n\u2019a jamais cess\u00e9 de croire en l\u2019amour. Apr\u00e8s une premi\u00e8re exp\u00e9rience d\u00e9cevante qui s&rsquo;\u00e9tait termin\u00e9e brutalement par un \u00ab\u00a0non\u00a0\u00bb de l&rsquo;homme avec lequel elle devait se marier, la jeune femme avait fait le pari audacieux de retenter sa chance dans l\u2019\u00e9mission en participant une seconde fois. C\u2019est ainsi qu\u2019elle a rencontr\u00e9 Malik, avec qui elle semblait filer le parfait amour. Ils avaient ainsi d\u00e9cid\u00e9 de repartir mari\u00e9s du bilan annon\u00e7ant par la m\u00eame occasion qu&rsquo;ils partaient en seconde lune de miel \u00e0 l\u2019\u00eele Maurice. Cependant, le 22 juin 2025, <a href=\"https:\/\/www.programme-tv.net\/news\/tele-realite\/381662-il-ne-se-battra-pas-pour-notre-couple-clemence-maries-au-premier-regard-annonce-sa-separation-avec-malik-apres-le-bilan\/\" data-api-deeplink=\"teleloisirs:\/\/news\/381662\" target=\"_blank\" rel=\"noopener\">Cl\u00e9mence a r\u00e9v\u00e9l\u00e9 leur s\u00e9paration<\/a>, provoquant la surprise et la d\u00e9ception de ses abonn\u00e9s. Mais alors qu\u2019elle commence \u00e0 peine \u00e0 se relever de cette rupture, une nouvelle d\u00e9sillusion vient compliquer un peu plus son quotidien.<\/p>\n<p>                        <b>Cl\u00e9mence <\/b><b>(Mari\u00e9s au premier regard) <\/b><b>annonce l&rsquo;annulation de la vente de son appartement<\/b><\/p>\n<p>En parall\u00e8le de ses d\u00e9boires sentimentaux, Cl\u00e9mence doit aujourd\u2019hui faire face \u00e0 un nouveau coup dur, cette fois d\u2019ordre immobilier. Alors qu&rsquo;elle pensait avoir trouv\u00e9 un acqu\u00e9reur pour son appartement qui se trouve dans les Landes, tout ne s\u2019est pas pass\u00e9 comme pr\u00e9vu. \u00ab\u00a0Mon appart landais est remis \u00e0 la vente suite \u00e0 un d\u00e9sistement pour faute de pr\u00eat\u00a0\u00bb, a annonc\u00e9 la jeune femme dans sa story Instagram. Une mauvaise surprise de plus <a href=\"https:\/\/www.programme-tv.net\/news\/tele-realite\/382690-clemence-maries-au-premier-regard-revele-combien-de-kilos-elle-a-perdu-apres-sa-rupture-avec-malik\/\" data-api-deeplink=\"teleloisirs:\/\/news\/382690\" target=\"_blank\" rel=\"noopener\">pour l\u2019ancienne candidate<\/a>, qui esp\u00e9rait pouvoir tourner la page sereinement.     <\/p>\n<p>Cl\u00e9mence (Mari\u00e9s au premier regard) demande de l&rsquo;aide \u00e0 ses abonn\u00e9s<\/p>\n<p>Face \u00e0 cette situation inattendue, Cl\u00e9mence a choisi de demander de l\u2019aide de ses abonn\u00e9s, esp\u00e9rant mobiliser sa communaut\u00e9 fid\u00e8le pour l\u2019aider \u00e0 traverser cette nouvelle \u00e9preuve. \u00ab\u00a0N&rsquo;h\u00e9sitez pas \u00e0 partager l\u2019annonce, je sais combien il est difficile de se loger sur la c\u00f4te\u00a0\u00bb, a-t-elle \u00e9crit. Plus d\u00e9termin\u00e9e que jamais \u00e0 rebondir malgr\u00e9 les obstacles, elle mise sur l&rsquo;aide de ses abonn\u00e9s pour concr\u00e9tiser cette vente essentielle pour elle.<\/p>\n<p>Article \u00e9crit en collaboration avec 6m\u00e9dias.<\/p>\n","protected":false},"excerpt":{"rendered":"Apr\u00e8s l&rsquo;annonce choc de sa s\u00e9paration avec Malik, Cl\u00e9mence conna\u00eet une nouvelle d\u00e9sillusion dans sa vie personnelle. Une&hellip;\n","protected":false},"author":2,"featured_media":228582,"comment_status":"","ping_status":"","sticky":false,"template":"","format":"standard","meta":{"footnotes":""},"categories":[1356],"tags":[5636,244,58,59,1011,27,494,5637,5214,252,1364],"class_list":{"0":"post-228581","1":"post","2":"type-post","3":"status-publish","4":"format-standard","5":"has-post-thumbnail","7":"category-television","8":"tag-clu00e9mence-mariu00e9s-au-premier-regard-8","9":"tag-commentaire","10":"tag-divertissement","11":"tag-entertainment","12":"tag-fr","13":"tag-france","14":"tag-m6","15":"tag-malik-mariu00e9s-au-premier-regard-9","16":"tag-mariu00e9s-au-premier-regard","17":"tag-television","18":"tag-tv"},"share_on_mastodon":{"url":"","error":""},"_links":{"self":[{"href":"https:\/\/www.europesays.com\/fr\/wp-json\/wp\/v2\/posts\/228581","targetHints":{"allow":["GET"]}}],"collection":[{"href":"https:\/\/www.europesays.com\/fr\/wp-json\/wp\/v2\/posts"}],"about":[{"href":"https:\/\/www.europesays.com\/fr\/wp-json\/wp\/v2\/types\/post"}],"author":[{"embeddable":true,"href":"https:\/\/www.europesays.com\/fr\/wp-json\/wp\/v2\/users\/2"}],"replies":[{"embeddable":true,"href":"https:\/\/www.europesays.com\/fr\/wp-json\/wp\/v2\/comments?post=228581"}],"version-history":[{"count":0,"href":"https:\/\/www.europesays.com\/fr\/wp-json\/wp\/v2\/posts\/228581\/revisions"}],"wp:featuredmedia":[{"embeddable":true,"href":"https:\/\/www.europesays.com\/fr\/wp-json\/wp\/v2\/media\/228582"}],"wp:attachment":[{"href":"https:\/\/www.europesays.com\/fr\/wp-json\/wp\/v2\/media?parent=228581"}],"wp:term":[{"taxonomy":"category","embeddable":true,"href":"https:\/\/www.europesays.com\/fr\/wp-json\/wp\/v2\/categories?post=228581"},{"taxonomy":"post_tag","embeddable":true,"href":"https:\/\/www.europesays.com\/fr\/wp-json\/wp\/v2\/tags?post=228581"}],"curies":[{"name":"wp","href":"https:\/\/api.w.org\/{rel}","templated":true}]}}