{"id":228591,"date":"2025-07-05T17:08:10","date_gmt":"2025-07-05T17:08:10","guid":{"rendered":"https:\/\/www.europesays.com\/fr\/228591\/"},"modified":"2025-07-05T17:08:10","modified_gmt":"2025-07-05T17:08:10","slug":"la-sncf-dement-une-affaire-omar-sy-comme-le-pretendait-le-journal-valeurs-actuelles","status":"publish","type":"post","link":"https:\/\/www.europesays.com\/fr\/228591\/","title":{"rendered":"La SNCF d\u00e9ment une affaire Omar Sy comme le pr\u00e9tendait le journal Valeurs actuelles"},"content":{"rendered":"<p>        <img decoding=\"async\" loading=\"lazy\" src=\"https:\/\/www.europesays.com\/fr\/wp-content\/uploads\/2025\/07\/e738e5a_sirius-fs-upload-1-svrpvkpt045a-1738233427219-gettyimages-2166198342.jpg\"  width=\"728\" height=\"409\" alt=\"Omar Sy, ici en 2024, n\u2019a pas eu d\u2019altercation avec la SNCF, a affirm\u00e9 la compagnie ferroviaire. \"\/>  <\/p>\n<p>Variety \/ Variety via Getty Images<\/p>\n<p>Omar Sy, ici en 2024, n\u2019a pas eu d\u2019altercation avec la SNCF, a affirm\u00e9 la compagnie ferroviaire. <\/p>\n<p class=\"asset asset-text\">TRAIN &#8211; Pas de nouvelle affaire <a href=\"https:\/\/www.huffingtonpost.fr\/culture\/article\/ce-court-metrage-avec-omar-sy-sur-fond-de-dj-snake-vaut-le-coup-d-il-voila-pourquoi_250850.html\" target=\"_blank\" rel=\"noopener\">Omar Sy<\/a>. La direction de la SNCF a tenu \u00e0 d\u00e9mentir, ce samedi 5\u00a0juillet, les informations parues quelques heures plus t\u00f4t dans le m\u00e9dia d\u2019extr\u00eame droite Valeurs actuelles.<\/p>\n<p class=\"asset asset-text\">Le journal avait affirm\u00e9 que <a href=\"https:\/\/www.huffingtonpost.fr\/culture\/article\/julian-mcmahon-est-mort-l-acteur-de-nip-tuck-et-charmed-avait-56-ans_252247.html\" target=\"_blank\" rel=\"noopener\">l\u2019acteur<\/a> avait eu une altercation la veille avec des agents de la SNCF au moment d\u2019embarquer, gare de Lyon \u00e0 Paris, dans un train en direction de Marseille. Il \u00e9tait accus\u00e9 d\u2019avoir refus\u00e9 de museler son chien avant de finalement accepter, entra\u00eenant tout de m\u00eame un retard du TGV pour la cit\u00e9 phoc\u00e9enne.<\/p>\n<p class=\"asset asset-text\">Faux, a donc mis au point la compagnie ferroviaire, m\u00eame si le m\u00e9dia maintient sa version. Sur X, le compte de la SNCF d\u00e9nonce \u00ab\u00a0un d\u00e9ferlement m\u00e9diatique et les commentaires tr\u00e8s \u00e9loign\u00e9s de la r\u00e9alit\u00e9\u00a0\u00bb. Il est bien confirm\u00e9 qu\u2019Omar Sy a voyag\u00e9 vers Marseille mais sans avoir eu de comportements anormaux avec les agents. \u00ab\u00a0Il n\u2019a en aucun cas refus\u00e9 que son chien porte une museli\u00e8re \u00e0 bord\u00a0\u00bb, est-il pr\u00e9cis\u00e9.<\/p>\n<p class=\"asset asset-text\">Si cette affaire a pris de telle proportion, c\u2019est qu\u2019au mois de mai, dans des circonstances similaires, <a href=\"https:\/\/www.huffingtonpost.fr\/france\/article\/omar-sy-au-c-ur-d-une-altercation-avec-des-agents-de-la-sncf-qui-denonce-des-propos-menacants_250398.html\" target=\"_blank\" rel=\"noopener\">l\u2019acteur avait eu une altercation avec un agent de la SNCF<\/a>. La Provence rapportait alors que <a href=\"https:\/\/www.huffingtonpost.fr\/culture\/article\/lupin-partie-4-est-en-cours-de-tournage-omar-sy-confirme-le-retour-du-plus-celebre-des-cambrioleurs_249928.html\" target=\"_blank\" rel=\"noopener\">la star de la s\u00e9rie\u00a0Lupin<\/a>\u00a0avait prof\u00e9r\u00e9 \u00ab\u00a0des menaces de mort et des insultes \u00e0 l\u2019encontre des agents sur le quai\u00a0\u00bb.<\/p>\n","protected":false},"excerpt":{"rendered":"Variety \/ Variety via Getty Images Omar Sy, ici en 2024, n\u2019a pas eu d\u2019altercation avec la SNCF,&hellip;\n","protected":false},"author":2,"featured_media":228592,"comment_status":"","ping_status":"","sticky":false,"template":"","format":"standard","meta":{"footnotes":""},"categories":[8],"tags":[58,59,1011,27,18580,973,2215],"class_list":{"0":"post-228591","1":"post","2":"type-post","3":"status-publish","4":"format-standard","5":"has-post-thumbnail","7":"category-divertissement","8":"tag-divertissement","9":"tag-entertainment","10":"tag-fr","11":"tag-france","12":"tag-omar-sy","13":"tag-people","14":"tag-sncf"},"share_on_mastodon":{"url":"","error":""},"_links":{"self":[{"href":"https:\/\/www.europesays.com\/fr\/wp-json\/wp\/v2\/posts\/228591","targetHints":{"allow":["GET"]}}],"collection":[{"href":"https:\/\/www.europesays.com\/fr\/wp-json\/wp\/v2\/posts"}],"about":[{"href":"https:\/\/www.europesays.com\/fr\/wp-json\/wp\/v2\/types\/post"}],"author":[{"embeddable":true,"href":"https:\/\/www.europesays.com\/fr\/wp-json\/wp\/v2\/users\/2"}],"replies":[{"embeddable":true,"href":"https:\/\/www.europesays.com\/fr\/wp-json\/wp\/v2\/comments?post=228591"}],"version-history":[{"count":0,"href":"https:\/\/www.europesays.com\/fr\/wp-json\/wp\/v2\/posts\/228591\/revisions"}],"wp:featuredmedia":[{"embeddable":true,"href":"https:\/\/www.europesays.com\/fr\/wp-json\/wp\/v2\/media\/228592"}],"wp:attachment":[{"href":"https:\/\/www.europesays.com\/fr\/wp-json\/wp\/v2\/media?parent=228591"}],"wp:term":[{"taxonomy":"category","embeddable":true,"href":"https:\/\/www.europesays.com\/fr\/wp-json\/wp\/v2\/categories?post=228591"},{"taxonomy":"post_tag","embeddable":true,"href":"https:\/\/www.europesays.com\/fr\/wp-json\/wp\/v2\/tags?post=228591"}],"curies":[{"name":"wp","href":"https:\/\/api.w.org\/{rel}","templated":true}]}}