{"id":228600,"date":"2025-07-05T17:13:12","date_gmt":"2025-07-05T17:13:12","guid":{"rendered":"https:\/\/www.europesays.com\/fr\/228600\/"},"modified":"2025-07-05T17:13:12","modified_gmt":"2025-07-05T17:13:12","slug":"en-video-la-terrible-chute-entre-deux-coureurs-francais-en-plein-sprint-sur-les-paves","status":"publish","type":"post","link":"https:\/\/www.europesays.com\/fr\/228600\/","title":{"rendered":"en vid\u00e9o, la terrible chute entre deux coureurs fran\u00e7ais en plein sprint sur les pav\u00e9s"},"content":{"rendered":"<p><strong>LE SCAN SPORT &#8211; <\/strong>Benjamin Thomas a violemment fait tomber Matt\u00e9o Vercher au sommet du Mont Cassel en commettant une grosse erreur de trajectoire sur les pav\u00e9s.<\/p>\n<p class=\"fig-paragraph\">Il n\u2019aura pas fallu longtemps pour assister \u00e0 la premi\u00e8re grosse chute dans le Tour de France 2025. Les deux coureurs fran\u00e7ais Benjamin Thomas (Cofidis) et Matt\u00e9o Vercher (TotalEnergies) ont violemment mordu la poussi\u00e8re alors qu\u2019ils \u00e9taient \u00e0 la lutte pour un sprint au sommet du Mont Cassel\u00a0<a href=\"http:\/\/www.lefigaro.fr\/sports\/cyclisme\/tour-de-france\/tour-de-france-2025-parcours-horaires-favoris-et-curiosites-de-la-premiere-etape-20250705\" data-fig-type=\"NewsFlash\" data-gtm-custom-categorie=\"navigation\" data-gtm-custom-action=\"crossclick\" data-gtm-custom-label=\"Contextuel\" data-gtm-event=\"customEventSPE\" data-fig-domain=\"LEFIGARO\" rel=\"nofollow noopener\" target=\"_blank\">dans la premi\u00e8re \u00e9tape<\/a>\u00a0\u00e0 78 km de l\u2019arriv\u00e9e.<\/p>\n<p>Benjamin Thomas responsable de la chute<\/p>\n<p class=\"fig-paragraph\">Benjamin Thomas a jet\u00e9 son v\u00e9lo en avant tel un sprinter de m\u00e9tier pour arracher un point qui lui aurait permis d\u2019enfiler \u00e0 l\u2019issue de l\u2019\u00e9tape le maillot \u00e0 pois. Mais en se projetant en avant, le coureur de la Cofidis a gliss\u00e9 sur les pav\u00e9s et perdu le contr\u00f4le de son v\u00e9lo. D\u00e9sar\u00e7onn\u00e9, il est venu toucher Matt\u00e9o Vercher tomb\u00e9 brutalement au sol \u00e0 son tour.<\/p>\n<p>                                    <a class=\"fig-a11y-skip a11y-hidden\" href=\"#fig-a11y-skip-main-inarticle\"><br \/>\n        Passer la publicit\u00e9<br \/>\n    <\/a><\/p>\n<p>Les deux coureurs ont pu repartir<\/p>\n<p class=\"fig-paragraph\">Une chute extr\u00eamement spectaculaire entre les deux coureurs fran\u00e7ais qui, heureusement, ont pu se relever assez rapidement et reprendre la course alors qu\u2019ils participaient \u00e0 la premi\u00e8re \u00e9chapp\u00e9e du jour. Malgr\u00e9 cet incident, Benjamin Thomas, d\u00e9j\u00e0 vainqueur du premier sprint de l\u2019\u00e9tape, est assur\u00e9 d\u2019enfiler le maillot \u00e0 pois du meilleur grimpeur.<\/p>\n","protected":false},"excerpt":{"rendered":"LE SCAN SPORT &#8211; Benjamin Thomas a violemment fait tomber Matt\u00e9o Vercher au sommet du Mont Cassel en&hellip;\n","protected":false},"author":2,"featured_media":228601,"comment_status":"","ping_status":"","sticky":false,"template":"","format":"standard","meta":{"footnotes":""},"categories":[2],"tags":[11,1011,27,4977,12,210],"class_list":{"0":"post-228600","1":"post","2":"type-post","3":"status-publish","4":"format-standard","5":"has-post-thumbnail","7":"category-actualites","8":"tag-actualites","9":"tag-fr","10":"tag-france","11":"tag-le-scan-sport","12":"tag-news","13":"tag-tour-de-france"},"share_on_mastodon":{"url":"","error":""},"_links":{"self":[{"href":"https:\/\/www.europesays.com\/fr\/wp-json\/wp\/v2\/posts\/228600","targetHints":{"allow":["GET"]}}],"collection":[{"href":"https:\/\/www.europesays.com\/fr\/wp-json\/wp\/v2\/posts"}],"about":[{"href":"https:\/\/www.europesays.com\/fr\/wp-json\/wp\/v2\/types\/post"}],"author":[{"embeddable":true,"href":"https:\/\/www.europesays.com\/fr\/wp-json\/wp\/v2\/users\/2"}],"replies":[{"embeddable":true,"href":"https:\/\/www.europesays.com\/fr\/wp-json\/wp\/v2\/comments?post=228600"}],"version-history":[{"count":0,"href":"https:\/\/www.europesays.com\/fr\/wp-json\/wp\/v2\/posts\/228600\/revisions"}],"wp:featuredmedia":[{"embeddable":true,"href":"https:\/\/www.europesays.com\/fr\/wp-json\/wp\/v2\/media\/228601"}],"wp:attachment":[{"href":"https:\/\/www.europesays.com\/fr\/wp-json\/wp\/v2\/media?parent=228600"}],"wp:term":[{"taxonomy":"category","embeddable":true,"href":"https:\/\/www.europesays.com\/fr\/wp-json\/wp\/v2\/categories?post=228600"},{"taxonomy":"post_tag","embeddable":true,"href":"https:\/\/www.europesays.com\/fr\/wp-json\/wp\/v2\/tags?post=228600"}],"curies":[{"name":"wp","href":"https:\/\/api.w.org\/{rel}","templated":true}]}}