{"id":228616,"date":"2025-07-05T17:22:08","date_gmt":"2025-07-05T17:22:08","guid":{"rendered":"https:\/\/www.europesays.com\/fr\/228616\/"},"modified":"2025-07-05T17:22:08","modified_gmt":"2025-07-05T17:22:08","slug":"malvoyante-cette-habitant-de-lagglo-de-rouen-beneficie-dune-aide-pour-acheter-un-tele-agrandisseur","status":"publish","type":"post","link":"https:\/\/www.europesays.com\/fr\/228616\/","title":{"rendered":"Malvoyante, cette habitant de l&rsquo;agglo de Rouen b\u00e9n\u00e9ficie d&rsquo;une aide pour acheter un t\u00e9l\u00e9-agrandisseur"},"content":{"rendered":"<p>            Par<br \/>\n        <strong><br \/>\n            <a href=\"https:\/\/actu.fr\/auteur\/laredaction\" title=\"Consulter tous les articles de R\u00e9daction Normandie\" rel=\"nofollow noopener\" target=\"_blank\">R\u00e9daction Normandie<\/a><br \/>\n        <\/strong><\/p>\n<p>        Publi\u00e9 le<\/p>\n<p>            5 juil. 2025 \u00e0 17h14<br \/>\n        ; mis \u00e0 jour le 5 juil. 2025 \u00e0 17h37    <\/p>\n<p>Depuis 22 ans, gr\u00e2ce \u00e0 la r\u00e9cup\u00e9ration des bouchons et autres capsules en plastique dans ses sept d\u00e9p\u00f4ts r\u00e9partis en <a href=\"https:\/\/actu.fr\/76actu\/\" rel=\"nofollow noopener\" target=\"_blank\">Normandie<\/a>, et plus de 550 points de collecte, <strong>l\u2019association Bouchons 276<\/strong>, fond\u00e9e par Dab Delaporte, <strong>a vers\u00e9 961 595 euros \u00e0 996 personnes en situation de handicap<\/strong>.<br \/>Deux fois par an, le bureau se r\u00e9unit pour s\u00e9lectionner les dossiers de demandes d\u2019aide. La derni\u00e8re r\u00e9union s\u2019est tenue fin mai 2025, au si\u00e8ge \u00e0 Rouen, et 13 b\u00e9n\u00e9ficiaires se sont partag\u00e9s <strong>la somme de 15 200 euros<\/strong> lors d\u2019une c\u00e9r\u00e9monie qui s\u2019est d\u00e9roul\u00e9 le 26 juin, \u00e0 \u00c9vreux (Eure). Parmi eux, la Bois-Guillaumaise Annabelle Abouem a b\u00e9n\u00e9fici\u00e9 de 800 euros pour l\u2019achat d\u2019un t\u00e9l\u00e9-agrandisseur. Rencontre.<\/p>\n<p>Annabelle est malvoyante depuis l\u2019enfance<\/p>\n<p class=\" wall-content\">N\u00e9e au Nig\u00e9ria, <strong>Annabelle Abouem, \u00e2g\u00e9e de 53 ans<\/strong>, est arriv\u00e9e en France en 2005 : elle est mari\u00e9e et m\u00e8re d\u2019un fils en BTS assistant technique d\u2019Ing\u00e9nieur.<\/p>\n<p class=\" wall-content\">\u00ab <strong>Je suis malvoyante depuis mon enfance<\/strong>. Je suis albinos, ce qui touche fr\u00e9quemment les yeux. Dans cette situation, au Nig\u00e9ria, c\u2019\u00e9tait tr\u00e8s difficile de faire mes \u00e9tudes, car il n\u2019y a aucune aide et mat\u00e9riel. J\u2019ai tout de m\u00eame r\u00e9ussi \u00e0 d\u00e9crocher un dipl\u00f4me universitaire et depuis que je suis arriv\u00e9e ici, j\u2019exerce le m\u00e9tier de formatrice en anglais pour les adultes \u00bb, raconte-t-elle<\/p>\n<p>Un t\u00e9l\u00e9-agrandisseur propos\u00e9 par son orthoptiste<\/p>\n<p class=\" wall-content\">Une partie de cette adaptation n\u2019est possible que via des \u00e9quipements comme des lunettes, des loupes, des logiciels pour ordinateur et derni\u00e8rement une tablette t\u00e9l\u00e9-agrandisseur, propos\u00e9e par son orthoptiste.<\/p>\n<p class=\" wall-content\">\u00ab Elle me permet d\u2019agrandir des documents, de d\u00e9crypter le texte en audio et surtout, gr\u00e2ce \u00e0 sa petite cam\u00e9ra int\u00e9gr\u00e9e, d\u2019agrandir des supports \u00e0 distance comme des tableaux blancs dans les salles de formation et de les convertir. C\u2019est parfait pour moi \u00e0 tel point que c\u2019est devenu mon compagnon [rires]. Je le transporte partout. <strong>C\u2019est la meilleure chose qui me soit arriv\u00e9e dans ma vie professionnelle<\/strong> \u00bb, indique Annabelle Abouem.<\/p>\n<p>La b\u00e9n\u00e9ficiaire a l\u2019intention de devenir b\u00e9n\u00e9vole<\/p>\n<p class=\" wall-content\"><strong>Un dispositif qui co\u00fbte 4 416,28 euros<\/strong> et qu\u2019elle ne pouvait pas s\u2019acheter sans une aide financi\u00e8re. \u00ab J\u2019ai b\u00e9n\u00e9fici\u00e9 d\u2019un soutien de la MDPH (Maison d\u00e9partementale des personnes handicap\u00e9es), mais il me restait 1 664,81 euros \u00e0 financer. C\u2019est mon assistante sociale qui m\u2019a parl\u00e9 de Bouchons 276. J\u2019ai fait une demande par mail et j\u2019ai eu un retour en janvier. \u00bb<\/p>\n<p class=\" wall-content\">Aujourd\u2019hui, elle souhaite rendre la pareille \u00e0 l\u2019asso en devenant elle aussi b\u00e9n\u00e9vole : \u00ab Ce sera un plaisir, car leur geste me touche beaucoup. Gr\u00e2ce \u00e0 eux, je vis plus facilement mon handicap. \u00bb<\/p>\n<p class=\" wall-content\">Suivez toute l\u2019actualit\u00e9 de vos villes et m\u00e9dias favoris en vous inscrivant \u00e0 <a href=\"https:\/\/moncompte.actu.fr\" title=\"D\u00e9couvez Mon Actu\" rel=\"nofollow noopener\" data-trk=\"{&quot;cta&quot;:{&quot;action&quot;:&quot;https:\\\/\\\/moncompte.actu.fr&quot;,&quot;category&quot;:&quot;mon compte&quot;,&quot;from&quot;:&quot;article footer&quot;,&quot;name&quot;:&quot;Mon actu&quot;,&quot;type&quot;:&quot;cta&quot;}}\" target=\"_blank\">Mon Actu<\/a>.<\/p>\n","protected":false},"excerpt":{"rendered":"Par R\u00e9daction Normandie Publi\u00e9 le 5 juil. 2025 \u00e0 17h14 ; mis \u00e0 jour le 5 juil. 2025&hellip;\n","protected":false},"author":2,"featured_media":228617,"comment_status":"","ping_status":"","sticky":false,"template":"","format":"standard","meta":{"footnotes":""},"categories":[9587],"tags":[1111,11,1777,674,1011,27,1943,12,5161,25,9590,104],"class_list":{"0":"post-228616","1":"post","2":"type-post","3":"status-publish","4":"format-standard","5":"has-post-thumbnail","7":"category-rouen","8":"tag-actu","9":"tag-actualites","10":"tag-eu","11":"tag-europe","12":"tag-fr","13":"tag-france","14":"tag-handicap","15":"tag-news","16":"tag-normandie","17":"tag-republique-francaise","18":"tag-rouen","19":"tag-societe"},"share_on_mastodon":{"url":"https:\/\/pubeurope.com\/@fr\/114801787150119056","error":""},"_links":{"self":[{"href":"https:\/\/www.europesays.com\/fr\/wp-json\/wp\/v2\/posts\/228616","targetHints":{"allow":["GET"]}}],"collection":[{"href":"https:\/\/www.europesays.com\/fr\/wp-json\/wp\/v2\/posts"}],"about":[{"href":"https:\/\/www.europesays.com\/fr\/wp-json\/wp\/v2\/types\/post"}],"author":[{"embeddable":true,"href":"https:\/\/www.europesays.com\/fr\/wp-json\/wp\/v2\/users\/2"}],"replies":[{"embeddable":true,"href":"https:\/\/www.europesays.com\/fr\/wp-json\/wp\/v2\/comments?post=228616"}],"version-history":[{"count":0,"href":"https:\/\/www.europesays.com\/fr\/wp-json\/wp\/v2\/posts\/228616\/revisions"}],"wp:featuredmedia":[{"embeddable":true,"href":"https:\/\/www.europesays.com\/fr\/wp-json\/wp\/v2\/media\/228617"}],"wp:attachment":[{"href":"https:\/\/www.europesays.com\/fr\/wp-json\/wp\/v2\/media?parent=228616"}],"wp:term":[{"taxonomy":"category","embeddable":true,"href":"https:\/\/www.europesays.com\/fr\/wp-json\/wp\/v2\/categories?post=228616"},{"taxonomy":"post_tag","embeddable":true,"href":"https:\/\/www.europesays.com\/fr\/wp-json\/wp\/v2\/tags?post=228616"}],"curies":[{"name":"wp","href":"https:\/\/api.w.org\/{rel}","templated":true}]}}