{"id":228626,"date":"2025-07-05T17:28:11","date_gmt":"2025-07-05T17:28:11","guid":{"rendered":"https:\/\/www.europesays.com\/fr\/228626\/"},"modified":"2025-07-05T17:28:11","modified_gmt":"2025-07-05T17:28:11","slug":"strasbourg-un-ocean-danimations-au-festival-famille-en-herbe","status":"publish","type":"post","link":"https:\/\/www.europesays.com\/fr\/228626\/","title":{"rendered":"Strasbourg. Un oc\u00e9an d\u2019animations au festival Famille en herbe"},"content":{"rendered":"<p>Ce jeudi 3\u00a0juillet, \u00e0 l\u2019heure des sorties d\u2019\u00e9cole \u2013 malgr\u00e9 leur fermeture en raison des fortes chaleurs \u2013 l\u2019ambiance est \u00e0 la f\u00eate dans le parc situ\u00e9 devant l\u2019\u00e9cole maternelle du Conseil des XV, \u00e0 Strasbourg. Et pour cette derni\u00e8re semaine d\u2019\u00e9cole, quoi de mieux qu\u2019un festival m\u00ealant ludoth\u00e8que, exp\u00e9riences scientifiques et concert comme avant-go\u00fbt de vacances bien m\u00e9rit\u00e9es\u00a0?<\/p>\n<p>\u00ab\u00a0Mais c\u2019est g\u00e9nial\u00a0! Je ne savais m\u00eame pas qu\u2019il y avait cet \u00e9v\u00e9nement\u00a0\u00bb, s\u2019\u00e9tonne Pedro, venu chercher ses enfants \u00e0 la garderie. Ce&#8230;<\/p>\n","protected":false},"excerpt":{"rendered":"Ce jeudi 3\u00a0juillet, \u00e0 l\u2019heure des sorties d\u2019\u00e9cole \u2013 malgr\u00e9 leur fermeture en raison des fortes chaleurs \u2013&hellip;\n","protected":false},"author":2,"featured_media":228627,"comment_status":"","ping_status":"","sticky":false,"template":"","format":"standard","meta":{"footnotes":""},"categories":[2820],"tags":[1111,11,1687,2880,1777,674,3326,1011,27,775,873,12,25,3140,640,2879],"class_list":{"0":"post-228626","1":"post","2":"type-post","3":"status-publish","4":"format-standard","5":"has-post-thumbnail","7":"category-strasbourg","8":"tag-actu","9":"tag-actualites","10":"tag-culture-loisirs","11":"tag-edition-strasbourg","12":"tag-eu","13":"tag-europe","14":"tag-fete-locale","15":"tag-fr","16":"tag-france","17":"tag-grand-est","18":"tag-musique","19":"tag-news","20":"tag-republique-francaise","21":"tag-spectacle","22":"tag-strasbourg","23":"tag-strasbourg-ville"},"share_on_mastodon":{"url":"https:\/\/pubeurope.com\/@fr\/114801810124845932","error":""},"_links":{"self":[{"href":"https:\/\/www.europesays.com\/fr\/wp-json\/wp\/v2\/posts\/228626","targetHints":{"allow":["GET"]}}],"collection":[{"href":"https:\/\/www.europesays.com\/fr\/wp-json\/wp\/v2\/posts"}],"about":[{"href":"https:\/\/www.europesays.com\/fr\/wp-json\/wp\/v2\/types\/post"}],"author":[{"embeddable":true,"href":"https:\/\/www.europesays.com\/fr\/wp-json\/wp\/v2\/users\/2"}],"replies":[{"embeddable":true,"href":"https:\/\/www.europesays.com\/fr\/wp-json\/wp\/v2\/comments?post=228626"}],"version-history":[{"count":0,"href":"https:\/\/www.europesays.com\/fr\/wp-json\/wp\/v2\/posts\/228626\/revisions"}],"wp:featuredmedia":[{"embeddable":true,"href":"https:\/\/www.europesays.com\/fr\/wp-json\/wp\/v2\/media\/228627"}],"wp:attachment":[{"href":"https:\/\/www.europesays.com\/fr\/wp-json\/wp\/v2\/media?parent=228626"}],"wp:term":[{"taxonomy":"category","embeddable":true,"href":"https:\/\/www.europesays.com\/fr\/wp-json\/wp\/v2\/categories?post=228626"},{"taxonomy":"post_tag","embeddable":true,"href":"https:\/\/www.europesays.com\/fr\/wp-json\/wp\/v2\/tags?post=228626"}],"curies":[{"name":"wp","href":"https:\/\/api.w.org\/{rel}","templated":true}]}}