{"id":228634,"date":"2025-07-05T17:32:12","date_gmt":"2025-07-05T17:32:12","guid":{"rendered":"https:\/\/www.europesays.com\/fr\/228634\/"},"modified":"2025-07-05T17:32:12","modified_gmt":"2025-07-05T17:32:12","slug":"municipales-piscines-et-coupes-budgetaires-les-echos-de-presse-ocean","status":"publish","type":"post","link":"https:\/\/www.europesays.com\/fr\/228634\/","title":{"rendered":"Municipales, piscines et coupes budg\u00e9taires\u00a0: les \u00e9chos de Presse Oc\u00e9an"},"content":{"rendered":"<p>Qui a dit quoi\u00a0? Qui a fait quoi\u00a0? La r\u00e9daction de  <a href=\"https:\/\/www.ouest-france.fr\/presse-ocean\/\" target=\"_self\" rel=\"noopener\">Presse Oc\u00e9an<\/a>  a rassembl\u00e9 pour vous les petites phrases et les \u00e9chos glan\u00e9s ici et l\u00e0. Ce qu\u2019il ne fallait pas manquer en Loire-Atlantique cette semaine du 30\u00a0juin au 5\u00a0juillet 2025.<\/p>\n<p>Retrouvez <a href=\"https:\/\/nantes.maville.com\/actu\/actudet_-aeroport-de-nantes-royal-deluxe-municipales...-les-echos-de-la-redaction-de-presse-ocean-_8-6876621_actu.Htm\" target=\"_self\" rel=\"noopener\">chaque semaine les indiscr\u00e9tions de la r\u00e9daction<\/a>.<\/p>\n<p>Cartes \u00ab\u00a0parlantes\u00a0\u00bb<\/p>\n<p>Fabien Gracia, maire \u00e9cologiste de La Montagne, le dit\u00a0: le financement m\u00e9tropolitain de la future piscine de Bouaye, qui servira \u00e0 sept communes, ne souffre d\u2019aucune contestation et rel\u00e8ve de \u00a0l\u2019\u00e9quit\u00e9 territoriale\u00a0.<\/p>\n<p>? \u00c0 LIRE AUSSI. <a href=\"https:\/\/nantes.maville.com\/actu\/actudet_--supercherie-tromperie-au-sud-de-nantes-la-piscine-de-la-solidarite-fait-des-vagues-_52716-6874059_actu.Htm\" target=\"_self\" rel=\"noopener\">\u00ab\u00a0Supercherie\u00a0\u00bb, \u00ab\u00a0tromperie\u00a0\u00bb\u00a0: la \u00ab\u00a0piscine de la solidarit\u00e9\u00a0\u00bb fait des vagues<\/a> <\/p>\n<p>Et de faire valoir\u00a0: \u00a0On peut superposer les cartes faisant \u00e9tat de la richesse des communes avec la pr\u00e9sence de piscine. C\u2019est assez magique, la superposition est automatique\u00a0.<\/p>\n<p>Dessin de Frap<\/p>\n<p>\t<img decoding=\"async\" src=\"https:\/\/www.europesays.com\/fr\/wp-content\/uploads\/2025\/07\/P35338276D6887349G_px_640_.jpg\" alt=\"photo le dessin de frap du samedi 5\u00a0juillet 2025.  \u00a9  dessin de frap\" width=\"640\" title=\" Le dessin de Frap du samedi 5\u00a0juillet 2025.   Dessin de Frap \"\/><\/p>\n<p class=\"elmt-legende\"> Le dessin de Frap du samedi 5\u00a0juillet 2025.   Dessin de Frap <\/p>\n<p>\u00ab\u00a0H\u00e9mipl\u00e9gie\u00a0\u00bb<\/p>\n<p><a href=\"https:\/\/nantes.maville.com\/actu\/actudet_-aeroport-de-nantes-royal-deluxe-municipales...-les-echos-de-la-redaction-de-presse-ocean-_8-6876621_actu.Htm\" target=\"_self\" rel=\"noopener\">Comme nous l\u2019\u00e9crivions dans cette m\u00eame rubrique la semaine derni\u00e8re<\/a>, Andy Kerbrat, condamn\u00e9 suite \u00e0 l\u2019achat de stup\u00e9fiant, est de retour. Au sujet des municipales \u00e0 Nantes, le d\u00e9put\u00e9 LFI r\u00e9agit\u00a0: \u00a0C\u2019est le projet, le programme qui compte. S\u2019il y a une seule liste mais qu\u2019il s\u2019agit d\u2019une liste h\u00e9mipl\u00e9gique, je ne vois pas l\u2019int\u00e9r\u00eat\u00a0.<\/p>\n<p>? \u00c0 LIRE AUSSI. <a href=\"https:\/\/nantes.maville.com\/actu\/actudet_-le-retour-aux-affaires-d-andy-kerbrat-depute-insoumis-on-n-est-pas-heureux-quand-on-se-drogue-_8-6866873_actu.Htm\" target=\"_self\" rel=\"noopener\">Le retour aux affaires d\u2019Andy Kerbrat, d\u00e9put\u00e9 Insoumis\u00a0: \u00ab\u00a0On n\u2019est pas heureux quand on se drogue\u00a0\u00bb<\/a> <\/p>\n<p>Et quand on demande au d\u00e9put\u00e9 s\u2019il n\u2019est pas normal que des sujets de dissension perdurent, parfois, entre des \u00e9lus de diff\u00e9rents partis, il r\u00e9pond en d\u00e9cochant une fl\u00e8che, faisant r\u00e9f\u00e9rence au congr\u00e8s du PS qui a vu les socialistes s\u2019\u00e9charper au sujet de Jean-Luc M\u00e9lenchon, le patron des Insoumis\u00a0: \u00a0Bien s\u00fbr. D\u2019ailleurs, je crois que le Parti socialiste en fait souvent la d\u00e9monstration au niveau national\u00a0.<\/p>\n<p>? \u00c0 LIRE AUSSI. <a href=\"https:\/\/nantes.maville.com\/actu\/actudet_-presidentielle-2027-rassemblement-a-gauche-avec-johanna-rolland-francois-ruffin-et-lucie-castets-_8-6881977_actu.Htm\" target=\"_self\" rel=\"noopener\">Pr\u00e9sidentielle 2027\u00a0: un rassemblement \u00e0 gauche avec Johanna Rolland, Fran\u00e7ois Ruffin et Lucie Castets<\/a> <\/p>\n<p>\u00c9conomie<\/p>\n<p>Lors de l\u2019assembl\u00e9e g\u00e9n\u00e9rale des maires de France de Loire-Atlantique, organis\u00e9e au Temple-de-Bretagne ce vendredi 4\u00a0juillet 2025, plusieurs \u00e9lus se sont exprim\u00e9s devant un parterre de maires, parfois us\u00e9s par leur fonction.<\/p>\n<p>Apr\u00e8s Michel M\u00e9nard, pr\u00e9sident du D\u00e9partement de Loire-Atlantique, c\u2019est Laurent Dejoie, vice-pr\u00e9sident de la R\u00e9gion Pays de la Loire en charge des finances, qui a pris la parole. S\u2019appuyant sur son exp\u00e9rience de maire, il a rendu hommage \u00e0 son auditoire et a r\u00e9affirm\u00e9 le soutien financier de la R\u00e9gion aux collectivit\u00e9s.<\/p>\n<p>Il a conclu avec une rapide r\u00e9f\u00e9rence aux r\u00e9centes coupes budg\u00e9taires assum\u00e9es par la pr\u00e9sidente Christelle Moran\u00e7ais, pr\u00e9cisant qu\u2019elles ne repr\u00e9sentaient \u00a0que quatre millions d\u2019euros pour le sport et la culture, contrairement \u00e0 ce qu\u2019on a pu lire parfois\u00a0. Chacun des maires aura peut-\u00eatre son avis sur la valeur de cette \u00a0petite\u00a0 \u00e9conomie, de 4,7\u00a0millions d\u2019euros pr\u00e9cis\u00e9ment.<\/p>\n<p>\u00a0<\/p>\n","protected":false},"excerpt":{"rendered":"Qui a dit quoi\u00a0? Qui a fait quoi\u00a0? La r\u00e9daction de Presse Oc\u00e9an a rassembl\u00e9 pour vous les&hellip;\n","protected":false},"author":2,"featured_media":228635,"comment_status":"","ping_status":"","sticky":false,"template":"","format":"standard","meta":{"footnotes":""},"categories":[2818],"tags":[1111,11,24244,22407,17611,1777,674,1011,27,3554,766,12,12517,2636,18812,4048,25],"class_list":{"0":"post-228634","1":"post","2":"type-post","3":"status-publish","4":"format-standard","5":"has-post-thumbnail","7":"category-nantes","8":"tag-actu","9":"tag-actualites","10":"tag-budgetaires","11":"tag-coupes","12":"tag-echos","13":"tag-eu","14":"tag-europe","15":"tag-fr","16":"tag-france","17":"tag-municipales","18":"tag-nantes","19":"tag-news","20":"tag-ocean","21":"tag-pays-de-la-loire","22":"tag-piscines","23":"tag-presse","24":"tag-republique-francaise"},"share_on_mastodon":{"url":"https:\/\/pubeurope.com\/@fr\/114801825879284015","error":""},"_links":{"self":[{"href":"https:\/\/www.europesays.com\/fr\/wp-json\/wp\/v2\/posts\/228634","targetHints":{"allow":["GET"]}}],"collection":[{"href":"https:\/\/www.europesays.com\/fr\/wp-json\/wp\/v2\/posts"}],"about":[{"href":"https:\/\/www.europesays.com\/fr\/wp-json\/wp\/v2\/types\/post"}],"author":[{"embeddable":true,"href":"https:\/\/www.europesays.com\/fr\/wp-json\/wp\/v2\/users\/2"}],"replies":[{"embeddable":true,"href":"https:\/\/www.europesays.com\/fr\/wp-json\/wp\/v2\/comments?post=228634"}],"version-history":[{"count":0,"href":"https:\/\/www.europesays.com\/fr\/wp-json\/wp\/v2\/posts\/228634\/revisions"}],"wp:featuredmedia":[{"embeddable":true,"href":"https:\/\/www.europesays.com\/fr\/wp-json\/wp\/v2\/media\/228635"}],"wp:attachment":[{"href":"https:\/\/www.europesays.com\/fr\/wp-json\/wp\/v2\/media?parent=228634"}],"wp:term":[{"taxonomy":"category","embeddable":true,"href":"https:\/\/www.europesays.com\/fr\/wp-json\/wp\/v2\/categories?post=228634"},{"taxonomy":"post_tag","embeddable":true,"href":"https:\/\/www.europesays.com\/fr\/wp-json\/wp\/v2\/tags?post=228634"}],"curies":[{"name":"wp","href":"https:\/\/api.w.org\/{rel}","templated":true}]}}