{"id":228648,"date":"2025-07-05T17:40:16","date_gmt":"2025-07-05T17:40:16","guid":{"rendered":"https:\/\/www.europesays.com\/fr\/228648\/"},"modified":"2025-07-05T17:40:16","modified_gmt":"2025-07-05T17:40:16","slug":"pour-le-hellfest-marseille-etait-dans-la-place","status":"publish","type":"post","link":"https:\/\/www.europesays.com\/fr\/228648\/","title":{"rendered":"Pour le Hellfest, Marseille \u00e9tait dans la place !"},"content":{"rendered":"<p><img alt=\"Blooming Discord sur la Hellstage du Hellfest 2025: Karim (chant), Sam (guitare), Vincent (guitare), Antho (basse) et Ben (batterie).\" loading=\"lazy\" decoding=\"async\" data-nimg=\"fill\" class=\" TwicCore_img__i9TC1 undefined  undefined\" style=\"position:absolute;height:100%;width:100%;left:0;top:0;right:0;bottom:0;color:transparent;background-size:cover;background-position:50% 50%;background-repeat:no-repeat;background-image:url(&quot;data:image\/svg+xml;charset=utf-8,%3Csvg xmlns='http:\/\/www.w3.org\/2000\/svg' %3E%3Cfilter id='b' color-interpolation-filters='sRGB'%3E%3CfeGaussianBlur stdDeviation='20'\/%3E%3CfeColorMatrix values='1 0 0 0 0 0 1 0 0 0 0 0 1 0 0 0 0 0 100 -1' result='s'\/%3E%3CfeFlood x='0' y='0' width='100%25' height='100%25'\/%3E%3CfeComposite operator='out' in='s'\/%3E%3CfeComposite in2='SourceGraphic'\/%3E%3CfeGaussianBlur stdDeviation='20'\/%3E%3C\/filter%3E%3Cimage width='100%25' height='100%25' x='0' y='0' preserveAspectRatio='none' style='filter: url(%23b);' href='https:\/\/pictures.laprovence.com\/cdn-cgi\/image\/blur=250\/media\/melody\/2025\/07\/05\/blooming-discord-sur-la-hellstage-du-hellfest-2025-karim-chant-sam-guitare-vincent-guitare-antho-bas-1751736614_d7d63a3a39686cbd63a3a3968afd63v_.jpg'\/%3E%3C\/svg%3E&quot;)\"   src=\"https:\/\/www.europesays.com\/fr\/wp-content\/uploads\/2025\/07\/blooming-discord-sur-la-hellstage-du-hellfest-2025-karim-chant-sam-guitare-vincent-guitare-antho-bas.jpeg\"\/>Blooming Discord sur la Hellstage du Hellfest 2025: Karim (chant), Sam (guitare), Vincent (guitare), Antho (basse) et Ben (batterie). D.J.<\/p>\n<p>C\u2019est Karim Arnaout, le chanteur de Blooming Discord, qui le dit\u00a0: \u00ab\u00a0\u00c7a fait quelques ann\u00e9es qu\u2019on sent qu\u2019il y a une vraie sc\u00e8ne du Sud, de Marseille et alentours, qui est hyper vivante et qui se bouge !\u00a0\u00bb Il y a Landmvrks, \u00e9videmment, \u00ab\u00a0qui\u00a0explose tout en ce moment\u00a0\u00bb mais beaucoup d\u2019autres groupes dans la r\u00e9gion. Pour <a href=\"https:\/\/www.laprovence.com\/article\/faits-divers-justice\/30140438869995\/il-avait-donne-37-coups-de-couteau-a-un-homosexuel-le-hellfest-programme-un-batteur-condamne-pour-meurtre\" target=\"_blank\" rel=\"noopener\">ce Hellfest 2025<\/a> \u00e0 Clisson (Loire-Atlantique), l&rsquo;incontournable festival de musiques extr\u00eames dont c&rsquo;\u00e9tait la 18e \u00e9dition, ils ont \u00e9t\u00e9 pas moins de quatre groupes du Sud \u00e0 pr\u00e9senter leurs compositions. <strong>Blooming Discord, d\u2019abord, a ouvert le bal des artistes marseillais sur la Hellstage<\/strong> (o\u00f9 21 groupes se sont produits du jeudi 19 au dimanche 22 juin).<\/p>\n<p>Le lendemain, vendredi 20 juin, Septaria, jeune groupe bas\u00e9 dans le Vaucluse, a retourn\u00e9 la Hellstage, devant des fans sp\u00e9cialement venus de Pertuis et d&rsquo;autres metalleux emport\u00e9s par leur \u00e9nergie d\u00e9bordante.\u00a0Les musiciens de Belore, projet solo d&rsquo;Aleevok, ont jou\u00e9 quant \u00e0 eux le samedi matin \u00e0 la Temple, puis le lendemain sur la Hellstage 2, <a href=\"https:\/\/www.laprovence.com\/article\/culture-loisirs\/6535941495528514\/metal-novelists-joue-a-l-espace-julien-le-25-mars-a-marseille-avant-le-hellfest\" target=\"_blank\" rel=\"noopener\">Novelists<\/a>, o\u00f9 officie depuis un an et demi la chanteuse Camille Contreras, Marseillaise \u00ab\u00a0pur jus\u00a0\u00bb.<\/p>\n<p><img alt=\"Dans le public du Hellfest.\" loading=\"lazy\" decoding=\"async\" data-nimg=\"fill\" class=\" TwicCore_img__i9TC1 undefined  undefined\" style=\"position:absolute;height:100%;width:100%;left:0;top:0;right:0;bottom:0;color:transparent;background-size:cover;background-position:50% 50%;background-repeat:no-repeat;background-image:url(&quot;data:image\/svg+xml;charset=utf-8,%3Csvg xmlns='http:\/\/www.w3.org\/2000\/svg' %3E%3Cfilter id='b' color-interpolation-filters='sRGB'%3E%3CfeGaussianBlur stdDeviation='20'\/%3E%3CfeColorMatrix values='1 0 0 0 0 0 1 0 0 0 0 0 1 0 0 0 0 0 100 -1' result='s'\/%3E%3CfeFlood x='0' y='0' width='100%25' height='100%25'\/%3E%3CfeComposite operator='out' in='s'\/%3E%3CfeComposite in2='SourceGraphic'\/%3E%3CfeGaussianBlur stdDeviation='20'\/%3E%3C\/filter%3E%3Cimage width='100%25' height='100%25' x='0' y='0' preserveAspectRatio='none' style='filter: url(%23b);' href='https:\/\/pictures.laprovence.com\/cdn-cgi\/image\/blur=250\/media\/melody\/2025\/07\/05\/dans-le-public-du-hellfest-1751736614_bfcf6baa39686a3df6baa396877df6v_.jpg'\/%3E%3C\/svg%3E&quot;)\"   src=\"https:\/\/www.europesays.com\/fr\/wp-content\/uploads\/2025\/07\/dans-le-public-du-hellfest-1751736614_bfcf6baa39686a3df6baa396877df6v_.jpg\"\/>Dans le public du Hellfest. D.J.Blooming Discord : \u00ab\u00a0Le r\u00eave d&rsquo;une vie\u00a0\u00bb\u00a0<\/p>\n<p>\u00ab\u00a0<strong>Il y a toujours eu une sc\u00e8ne metal \u00e0 Marseille<\/strong> mais depuis six ou sept ans, on sent que quelque chose se passe, dit Karim, le chanteur de Blooming Discord. Il y a une \u00e9nergie particuli\u00e8re dans cette ville et on est ravi de faire partie de cet \u00e9lan-l\u00e0. \u00c7a fait plaisir de partager des sc\u00e8nes ici <a href=\"https:\/\/laprovence.com\/article\/festival-davignon\/9795807275692214\/au-hellfest-quand-travail-rime-avec-passion-c-est-d-enfer-pour-ces-provencaux\" target=\"_blank\" rel=\"noopener\">au Hellfest<\/a> ou dans d&rsquo;autres festivals avec des groupes de chez nous.\u00a0\u00bb\u00a0<\/p>\n<p>Pour chacune de ces formations du Sud, la pr\u00e9paration a \u00e9t\u00e9 intense, comme l\u2019explique Antho, le bassiste de Blooming Discord : \u00ab\u00a0On a beaucoup boss\u00e9 en amont, parce qu\u2019on a une grosse p\u00e9riode de festivals cet \u00e9t\u00e9. On a vraiment beaucoup travaill\u00e9 pour \u00eatre super efficace en live et tout s\u2019est tr\u00e8s bien pass\u00e9.\u00a0\u00bb Et ce malgr\u00e9 les contraintes techniques, sp\u00e9cifiques \u00e0 la Hellstage, nich\u00e9e au c\u0153ur du Hellcity Square.<\/p>\n<p>L\u00e0, en ce jeudi apr\u00e8s-midi, 17 heures, pas de gros show avec les lights : \u00ab\u00a0On n\u2019a pas ramen\u00e9 toute l\u2019armada, rapporte Sam, le guitariste, alors\u00a0on a fait ce qu\u2019on sait faire, le plus simplement possible. C\u2019\u00e9tait tr\u00e8s rock\u2019n\u2019roll et \u00e7a a r\u00e9pondu.\u00a0\u00bb Avec le bonheur, pour cette \u00e9quipe de musiciens d\u00e9j\u00e0 venus, pour certains, en simples festivaliers, de passer \u00ab\u00a0de l\u2019autre c\u00f4t\u00e9\u00a0\u00bb\u00a0: \u00ab\u00a0Les gens ont kiff\u00e9 le moment et nous, on s\u2019est r\u00e9gal\u00e9\u00a0\u00bb, commente Antho. \u00ab\u00a0C\u2019est un moment pr\u00e9cieux dont on se souviendra\u00a0\u00bb, ajoute Karim.<\/p>\n<p>Pour Sam, le guitariste soliste, jouer au Hellfest, <strong>c\u2019\u00e9tait \u00ab\u00a0un r\u00eave de gosse\u00a0\u00bb, \u00ab\u00a0le r\u00eave d\u2019une vie\u00a0\u00bb<\/strong>. Et peut-\u00eatre, chacun l&rsquo;esp\u00e8re, un premier pas vers les grandes sc\u00e8nes. \u00ab\u00a0Oui, on est juste \u00e0 la porte de l\u2019enfer, il n\u2019y a plus qu\u2019\u00e0 y entrer maintenant.\u00a0\u00bb<\/p>\n<p><strong>Pour Blooming Discord, la tourn\u00e9e en France se poursuit cet \u00e9t\u00e9 :<\/strong> avec le 19 juillet le Mozhell Open Air \u00e0 Insming (France), le 8 ao\u00fbt au Festival 666 \u00e0 Cercoux et le 23 ao\u00fbt au Furios Fest, \u00e0 Saint-Flour. Avant une semaine au Canada, en septembre, notamment pour le festival Envol et Macadam avec Pennywise en t\u00eate d\u2019affiche et aussi d\u2019autres petites sc\u00e8nes \u00e0 Qu\u00e9bec et Montr\u00e9al. D\u2019autres dates sont pr\u00e9vues dans le sud de la France \u00e0 l\u2019automne.<\/p>\n<p><strong>\u00ab\u00a0On sent que pi\u00e8ce par pi\u00e8ce, brique par brique, les choses se construisent, les gens nous font confiance.\u00a0\u00bb Karim Arnaout, chanteur de Blooming Discord<\/strong><\/p>\n<p><img alt=\"Septaria a jou\u00e9 sur la Hellstage : Hugo Th\u00e9venot (guitare et chant), Hugo Leydet (batterie), Baptiste Tr\u00e9buchon (basse) et Maxime Ayasse (guitare et chant).\" loading=\"lazy\" decoding=\"async\" data-nimg=\"fill\" class=\" TwicCore_img__i9TC1 undefined  undefined\" style=\"position:absolute;height:100%;width:100%;left:0;top:0;right:0;bottom:0;color:transparent;background-size:cover;background-position:50% 50%;background-repeat:no-repeat;background-image:url(&quot;data:image\/svg+xml;charset=utf-8,%3Csvg xmlns='http:\/\/www.w3.org\/2000\/svg' %3E%3Cfilter id='b' color-interpolation-filters='sRGB'%3E%3CfeGaussianBlur stdDeviation='20'\/%3E%3CfeColorMatrix values='1 0 0 0 0 0 1 0 0 0 0 0 1 0 0 0 0 0 100 -1' result='s'\/%3E%3CfeFlood x='0' y='0' width='100%25' height='100%25'\/%3E%3CfeComposite operator='out' in='s'\/%3E%3CfeComposite in2='SourceGraphic'\/%3E%3CfeGaussianBlur stdDeviation='20'\/%3E%3C\/filter%3E%3Cimage width='100%25' height='100%25' x='0' y='0' preserveAspectRatio='none' style='filter: url(%23b);' href='https:\/\/pictures.laprovence.com\/cdn-cgi\/image\/blur=250\/media\/melody\/2025\/07\/05\/septaria-1751736614_f81bc2e539686fc1bc2e53968d02bcv_.jpg'\/%3E%3C\/svg%3E&quot;)\"   src=\"https:\/\/www.europesays.com\/fr\/wp-content\/uploads\/2025\/07\/septaria-1751736614_f81bc2e539686fc1bc2e53968d02bcv_.jpg\"\/>Septaria a jou\u00e9 sur la Hellstage : Hugo Th\u00e9venot (guitare et chant), Hugo Leydet (batterie), Baptiste Tr\u00e9buchon (basse) et Maxime Ayasse (guitare et chant). D.J.Septaria, les Vauclusiens de l&rsquo;\u00e9tape<\/p>\n<p>Pour Septaria, qui a encha\u00een\u00e9 le vendredi aussi sur la Hellstage, <strong>cette participation au Hellfest est synonyme d\u2019une ascension fulgurante<\/strong>. Que de chemin parcouru depuis la victoire du groupe au tremplin Class\u2019EuRock en 2022, organis\u00e9 par l\u2019association Aix\u2019Qui ! Le line-up est d\u00e9sormais fixe avec Baptiste Tr\u00e9buchon (de Cavaillon) \u00e0 la basse, Hugo Leydet (de Pertuis) \u00e0 la batterie, Maxime Ayasse (d\u2019Eguilles) \u00e0 la guitare et au chant tout comme Hugo Th\u00e9venot (de Pertuis).<\/p>\n<p>C\u2019est au lyc\u00e9e catholique que ces deux derniers se sont rencontr\u00e9s, au club musique pr\u00e9cis\u00e9ment\u00a0: \u00ab\u00a0J\u2019ai vu Maxime jouer de la basse et j\u2019ai capt\u00e9 que c\u2019\u00e9tait un metalleux. \u00c7a a tout de suite match\u00e9, c\u2019est de l\u00e0 que c\u2019est parti. Puis par le bouche \u00e0 oreille, Septaria s\u2019est form\u00e9.\u00a0\u00bb<\/p>\n<p>Le label Klonosphere a flash\u00e9 sur cette bande d\u2019amis, en particulier Guillaume Bernard, le guitariste de Klone et responsable du label. Apr\u00e8s avoir \u00e9cout\u00e9 le premier album de Septaria (\u00ab\u00a0A*\u00a0\u00bb, sorti en novembre 2024, apr\u00e8s le titre Centaure), il a souhait\u00e9 travailler avec eux. Ils ont tout juste la vingtaine mais avec eux, sur la sc\u00e8ne, la machine de guerre est en marche. Avec simplicit\u00e9, modestie et professionnalisme.<\/p>\n<p>D\u2019ailleurs, le tremplin <a href=\"https:\/\/www.laprovence.com\/article\/region\/2323146056972314\/festival-rock-n-volx-debarque-pour-sa-quatrieme-edition-dans-les-alpes-de-haute-provence\" target=\"_blank\" rel=\"noopener\">Class\u2019EuRock<\/a> a bien aid\u00e9 le groupe sur ce point-l\u00e0 : \u00ab\u00a0<strong>Notre premier gros concert, c\u2019\u00e9tait \u00e0 Class\u2019EuRock<\/strong> (le 18\u00a0novembre\u00a02022 sur le cours Mirabeau \u00e0 Aix-en-Provence, en premi\u00e8re partie de Pogo Car Crash Control, Ndlr), se souvient Hugo Leydet, le batteur. C\u2019\u00e9tait une premi\u00e8re exp\u00e9rience et peut-\u00eatre qu&rsquo;on ne serait pas l\u00e0 sans \u00e7a, s\u00fbrement pas\u2026\u00a0\u00bb Le stage qui a suivi les a aid\u00e9s \u00e0 mettre un pied dans le monde de la musique, apr\u00e8s les auditions de Class\u2019EuRock. \u00ab\u00a0\u00c7a a permis de rencontrer les professionnels de la musique, les techniciens, la presse\u2026 Et de trouver de nouveaux amis, qui travaillent aujourd\u2019hui avec nous.\u00a0\u00bb<\/p>\n<p><strong>\u00ab\u00a0Sans le tremplin Class\u2019EuRock, on n\u2019en serait pas l\u00e0.\u00a0\u00bb Hugo Leydet, batteur de Septaria<\/strong><\/p>\n<p><img alt=\"Philippe, Guillaume et Franck \u00e9taient aux premi\u00e8res loges devant la Hellstage. Ils sont venus de Pertuis et Aix-en-Provence pour applaudir et soutenir Septaria.\" loading=\"lazy\" decoding=\"async\" data-nimg=\"fill\" class=\" TwicCore_img__i9TC1 undefined  undefined\" style=\"position:absolute;height:100%;width:100%;left:0;top:0;right:0;bottom:0;color:transparent;background-size:cover;background-position:50% 50%;background-repeat:no-repeat;background-image:url(&quot;data:image\/svg+xml;charset=utf-8,%3Csvg xmlns='http:\/\/www.w3.org\/2000\/svg' %3E%3Cfilter id='b' color-interpolation-filters='sRGB'%3E%3CfeGaussianBlur stdDeviation='20'\/%3E%3CfeColorMatrix values='1 0 0 0 0 0 1 0 0 0 0 0 1 0 0 0 0 0 100 -1' result='s'\/%3E%3CfeFlood x='0' y='0' width='100%25' height='100%25'\/%3E%3CfeComposite operator='out' in='s'\/%3E%3CfeComposite in2='SourceGraphic'\/%3E%3CfeGaussianBlur stdDeviation='20'\/%3E%3C\/filter%3E%3Cimage width='100%25' height='100%25' x='0' y='0' preserveAspectRatio='none' style='filter: url(%23b);' href='https:\/\/pictures.laprovence.com\/cdn-cgi\/image\/blur=250\/media\/melody\/2025\/07\/05\/philippe-guillaume-et-franck-etaient-aux-premieres-loges-devant-la-hellstage-ils-sont-venus-de-pertu-1751736615_e854467bb7686ec54467bb768b0644v_.jpg'\/%3E%3C\/svg%3E&quot;)\"   src=\"https:\/\/www.europesays.com\/fr\/wp-content\/uploads\/2025\/07\/philippe-guillaume-et-franck-etaient-aux-premieres-loges-devant-la-hellstage-ils-sont-venus-de-pertu.jpeg\"\/>Philippe, Guillaume et Franck \u00e9taient aux premi\u00e8res loges devant la Hellstage. Ils sont venus de Pertuis et Aix-en-Provence pour applaudir et soutenir Septaria. S.E.<\/p>\n<p>Quid de l\u2019\u00e9volution du processus de cr\u00e9ation, dans le post-metal progressif avec une touche d\u2019ambiant\u00a0? Parole du batteur, \u00ab\u00a0il y a beaucoup de dynamique, on aime bien les passages tr\u00e8s forts, tr\u00e8s lourds, et d\u2019autres \u00e9th\u00e9r\u00e9s, les uns pour faire mieux r\u00e9sonner les autres.\u00a0\u00bb Le Hellfest, c\u2019est \u00ab\u00a0un r\u00eave qui s\u2019est r\u00e9alis\u00e9, dit Maxime. C\u2019est la premi\u00e8re fois que l\u2019on vient ici, sauf Baptiste, qui \u00e9tait d\u00e9j\u00e0 venu en tant que festivalier, en\u00a02019. <strong>Jouer ici, c\u2019est un honneur\u00a0<\/strong>!\u00a0\u00bb Et le travail continue, sur le jeu de sc\u00e8ne, le son, les lumi\u00e8res, l\u2019aspect visuel\u2026 pour pr\u00e9senter, au fil des festivals, un show complet. Puis se pencher sur la composition du prochain album.<\/p>\n<p><strong>\u00c0 noter que le 5 juillet, Septaria se produira \u00e0 l\u2019Orb in Fest \u00e0 Th\u00e9zan-les-B\u00e9ziers, le 19 juillet au Rhodanian Fest \u00e0 Pont-Saint-Esprit puis au Mennecy Metal Fest le 7 septembre, \u00e0 Mennecy.<\/strong><\/p>\n<p><img alt=\"Alexandre Ardisson (Aleevok), le fondateur de Belore. Avec lui, Marty Le Lay (Dvergar), Baptiste Rinato (Ederiel), Mathieu Favre (Matt), Charlie Videau (Charlie).\" loading=\"lazy\" decoding=\"async\" data-nimg=\"fill\" class=\" TwicCore_img__i9TC1 undefined  undefined\" style=\"position:absolute;height:100%;width:100%;left:0;top:0;right:0;bottom:0;color:transparent;background-size:cover;background-position:50% 50%;background-repeat:no-repeat;background-image:url(&quot;data:image\/svg+xml;charset=utf-8,%3Csvg xmlns='http:\/\/www.w3.org\/2000\/svg' %3E%3Cfilter id='b' color-interpolation-filters='sRGB'%3E%3CfeGaussianBlur stdDeviation='20'\/%3E%3CfeColorMatrix values='1 0 0 0 0 0 1 0 0 0 0 0 1 0 0 0 0 0 100 -1' result='s'\/%3E%3CfeFlood x='0' y='0' width='100%25' height='100%25'\/%3E%3CfeComposite operator='out' in='s'\/%3E%3CfeComposite in2='SourceGraphic'\/%3E%3CfeGaussianBlur stdDeviation='20'\/%3E%3C\/filter%3E%3Cimage width='100%25' height='100%25' x='0' y='0' preserveAspectRatio='none' style='filter: url(%23b);' href='https:\/\/pictures.laprovence.com\/cdn-cgi\/image\/blur=250\/media\/melody\/2025\/07\/05\/zeze-1751736615_19ad166a396861dad166a3968f0bd1v_.jpg'\/%3E%3C\/svg%3E&quot;)\"   src=\"https:\/\/www.europesays.com\/fr\/wp-content\/uploads\/2025\/07\/zeze-1751736615_19ad166a396861dad166a3968f0bd1v_.jpg\"\/>Alexandre Ardisson (Aleevok), le fondateur de Belore. Avec lui, Marty Le Lay (Dvergar), Baptiste Rinato (Ederiel), Mathieu Favre (Matt), Charlie Videau (Charlie). D.J.Belore, black metal \u00e9pique et lumineux<\/p>\n<p>Troisi\u00e8me groupe \u00e0 avoir foul\u00e9 l\u2019une des sc\u00e8nes du Hellfest, cette fois la Temple, <strong>Belore<\/strong>, avec Alexandre Ardisson, aka Aleevok, chanteur, bassiste, fondateur et compositeur de cette formation de black metal \u00e9pique. \u00ab\u00a0C\u2019est un projet solo \u00e0 la base, qui a d\u00e9marr\u00e9 chez moi, \u00e0 Marseille en\u00a02018, avec un premier album, \u00ab\u00a0Journey Through Mountains And Valleys\u00a0\u00bb, sorti en\u00a02020. Tr\u00e8s rapidement, le groupe a \u00e9t\u00e9 rejoint par Charlie \u00e0 la batterie, pour le second album. Depuis, nous avons un line-up complet.\u00a0\u00bb<\/p>\n<p>Charlie, c\u2019est un vieux pote d\u2019Alex, originaire de Nantes. Ensemble, ils ont enregistr\u00e9 les batteries pour Artefacts pendant le Covid, avant de r\u00e9it\u00e9rer l\u2019op\u00e9ration pour le troisi\u00e8me album, Eastern Tales. Baptiste est \u00e0 la guitare et aux ch\u0153urs, Marty \u00e0 la guitare et Matt \u00e0 la fl\u00fbte. Belore, c\u2019est une invitation au voyage qui est propos\u00e9e, dans <strong>un univers \u00ab\u00a0medieval fantasy\u00a0\u00bb<\/strong>. Le groupe a beau jouer dans la cour du black metal, son nom signifie \u00ab\u00a0soleil\u00a0\u00bb dans la langue des Elfes de sang du c\u00e9l\u00e8bre jeu vid\u00e9o World of Warcraft. Pourquoi\u00a0? \u00ab\u00a0C\u2019est un black metal tr\u00e8s lumineux, tr\u00e8s ensoleill\u00e9, d\u00e9crit Aleevok. Notre symbole, c\u2019est le soleil et j\u2019ai trouv\u00e9 la sonorit\u00e9 et le lien assez int\u00e9ressants.\u00a0\u00bb<\/p>\n<p>Quant aux paroles, il les a invent\u00e9es dans leur enti\u00e8ret\u00e9. Le r\u00e9sultat ? Une \u00e9pop\u00e9e marqu\u00e9e par la trahison d\u2019un roi par son conseiller, la reconqu\u00eate d\u2019un territoire par des lign\u00e9es royales oubli\u00e9es, des batailles\u2026 \u00ab\u00a0C\u2019est assez compliqu\u00e9 pour les auditeurs de s\u2019y retrouver mais j\u2019envisage de sortir certains de mes \u00e9crits sous forme de nouvelles pour accompagner les titres. Actuellement, j\u2019ai une carte qui accompagne le dernier album, c\u2019est un premier pas pour se rep\u00e9rer.\u00a0\u00bb Et rep\u00e9rer o\u00f9 l\u2019aventure cont\u00e9e dans chaque titre se passe. Le message\u00a0? \u00ab\u00a0Laissez-vous emporter par votre propre imaginaire.\u00a0\u00bb<\/p>\n<p>De leur prestation au Hellfest, les musiciens retiennent la chaleur intense et \u00ab\u00a0le kiff\u00a0\u00bb partag\u00e9 avec le public, compos\u00e9 de plusieurs dizaines de headbangers.\u00a0\u00ab\u00a0Il y a des gens qui connaissaient, souligne Baptiste, d\u2019autres qui ont d\u00e9couvert et nous avons de bons retours, c\u2019est super.\u00a0\u00bb<\/p>\n<p>Charlie ajoute\u00a0: \u00ab\u00a0Quand on est sur la sc\u00e8ne, tout le monde para\u00eet tout petit. On n\u2019arrivait pas \u00e0 discerner les visages mais on les voyait &lsquo;headbanguer&rsquo; en file. \u00c7a fait plaisir.\u00a0\u00bb Quant aux \u00e9quipes backstage, \u00ab\u00a0elles sont super pros ; tu arrives, tu es en confiance.\u00a0\u00bb En \u00ab\u00a0gars de l\u2019ombre\u00a0\u00bb (sic) &#8211; comme Romaric, l\u2019ing\u00e9 son de Belore -, le batteur ajoute\u00a0: \u00ab\u00a0Quand tu croises des gens dans le fest qui ont le tee-shirt de ton groupe et qui ne te connaissent pas, j\u2019adore !\u00a0\u00bb<\/p>\n<p><img alt=\"Premier Hellfest pour Camille Contreras, la chanteuse de Novelists.\" loading=\"lazy\" decoding=\"async\" data-nimg=\"fill\" class=\" TwicCore_img__i9TC1 undefined  undefined\" style=\"position:absolute;height:100%;width:100%;left:0;top:0;right:0;bottom:0;color:transparent;background-size:cover;background-position:50% 50%;background-repeat:no-repeat;background-image:url(&quot;data:image\/svg+xml;charset=utf-8,%3Csvg xmlns='http:\/\/www.w3.org\/2000\/svg' %3E%3Cfilter id='b' color-interpolation-filters='sRGB'%3E%3CfeGaussianBlur stdDeviation='20'\/%3E%3CfeColorMatrix values='1 0 0 0 0 0 1 0 0 0 0 0 1 0 0 0 0 0 100 -1' result='s'\/%3E%3CfeFlood x='0' y='0' width='100%25' height='100%25'\/%3E%3CfeComposite operator='out' in='s'\/%3E%3CfeComposite in2='SourceGraphic'\/%3E%3CfeGaussianBlur stdDeviation='20'\/%3E%3C\/filter%3E%3Cimage width='100%25' height='100%25' x='0' y='0' preserveAspectRatio='none' style='filter: url(%23b);' href='https:\/\/pictures.laprovence.com\/cdn-cgi\/image\/blur=250\/media\/melody\/2025\/07\/05\/premier-hellfest-pour-camille-contreras-la-chanteuse-de-novelists-1751736615_a65779a6396866a5779a639684e577v_.jpg'\/%3E%3C\/svg%3E&quot;)\"   src=\"https:\/\/www.europesays.com\/fr\/wp-content\/uploads\/2025\/07\/premier-hellfest-pour-camille-contreras-la-chanteuse-de-novelists-1751736615_a65779a6396866a5779a639.jpeg\"\/>Premier Hellfest pour Camille Contreras, la chanteuse de Novelists. D.J.Novelists, une premi\u00e8re d\u2019enfer au Hellfest pour la chanteuse Camille Contreras<\/p>\n<p>\u00ab\u00a0Je n\u2019en reviens pas, j\u2019ai des \u00e9toiles plein les yeux\u00a0!\u00a0\u00bb, s\u2019exclame Camille Contreras, quelques heures apr\u00e8s le live sur la mainstream 2, dimanche 22\u00a0juin. Cette Marseillaise pur jus a rejoint le groupe Novelists il y a moins de deux ans et, affirme-t-elle, \u00ab\u00a0\u00e7a a \u00e9t\u00e9 la meilleure opportunit\u00e9 de ma vie\u00a0\u00bb. \u00ab\u00a0Aujourd\u2019hui, on est tout le temps sur la route, on fait des tourn\u00e9es, des concerts, des festivals\u2026. <strong>On vit de notre passion, il n\u2019y a pas mieux\u00a0!<\/strong>\u00ab\u00a0<\/p>\n<p>Pendant le set o\u00f9 elle prend le lead avec une fra\u00eecheur qui inonde la foule en surchauffe, la frontwoman semble vouloir se pincer pour y croire\u00a0: \u00ab\u00a0C\u2019est incroyable\u00a0!\u00a0\u00bb, adresse-t-elle au public \u00e0 plusieurs reprises. C\u2019est une premi\u00e8re fois pour Camille au Hellfest\u00a0: \u00ab\u00a0Je ne suis jamais venue m\u00eame en tant que festivali\u00e8re. En tant qu\u2019artiste, c\u2019\u00e9tait impressionnant. On a jou\u00e9 \u00e0 12h50 et la main stage \u00e9tait remplie. <strong>On a repr\u00e9sent\u00e9 Marseille comme il se doit.<\/strong>\u00ab\u00a0<\/p>\n<p>Novelists, dans un autre line-up (sans Camille), avait d\u00e9j\u00e0 jou\u00e9 au Hellfest en 2022. Alors finalement c\u2019\u00e9tait aussi une premi\u00e8re pour eux, dans cette configuration-l\u00e0. Qu\u2019en ont-ils pens\u00e9 ? \u00ab\u00a0Je pense qu\u2019on a tous kiff\u00e9 et qu\u2019ils \u00e9taient tr\u00e8s fiers\u00a0\u00bb, r\u00e9pond Camille.<\/p>\n<p>Amael Durand, le batteur, confirme sans l\u2019ombre d\u2019une h\u00e9sitation\u00a0: \u00ab\u00a0Camille c\u2019est un petit soleil pour nous, avec Pierre (Danel, \u00e0 la guitare, Ndlr), ils apportent beaucoup de joie de vivre, c\u2019est \u00e9norm\u00e9ment de positivit\u00e9. Aujourd\u2019hui, on a une formation s\u00fbre, on est serein pour la suite, on voit les choses en grand.\u00a0On est ambitieux, on voit les choses en grand, on est fier de ce qu\u2019on fait et il y a une s\u00e9r\u00e9nit\u00e9 depuis que Camille est l\u00e0, on est content.\u00a0\u00bb<\/p>\n<p>\u00c0 la veille de <a href=\"https:\/\/www.laprovence.com\/article\/culture-loisirs\/6535941495528514\/metal-novelists-joue-a-l-espace-julien-le-25-mars-a-marseille-avant-le-hellfest\" target=\"_blank\" rel=\"noopener\">la warm-up du Hellfest \u00e0 l\u2019Espace Julien<\/a> \u00e0 Marseille, Camille se r\u00e9jouissait de cette bonne dynamique. \u00ab\u00a0On est lanc\u00e9, on ne s\u2019arr\u00eate plus\u00a0\u00bb, avait-elle dit. Et si c\u2019est maintenant le Hellfest qui figure en premi\u00e8re position de ses meilleures dates, Marseille, o\u00f9 elle n\u2019avait jamais vu tant de monde pour un concert de metal, restera vraiment dans son c\u0153ur.<\/p>\n<p><strong>Le Hellfest, c\u2019est une cons\u00e9cration pour nous. C\u2019est LE festival fran\u00e7ais. Quand tu le fais, tu peux checker dans ta liste de \u00ab\u00a0to do\u00a0\u00bb. Camille Contreras, chanteuse de Novelists<\/strong><\/p>\n","protected":false},"excerpt":{"rendered":"Blooming Discord sur la Hellstage du Hellfest 2025: Karim (chant), Sam (guitare), Vincent (guitare), Antho (basse) et Ben&hellip;\n","protected":false},"author":2,"featured_media":228649,"comment_status":"","ping_status":"","sticky":false,"template":"","format":"standard","meta":{"footnotes":""},"categories":[2814],"tags":[17,1111,11,251,1446,8485,1777,674,1011,27,16501,884,12,5536,471,882,25],"class_list":{"0":"post-228648","1":"post","2":"type-post","3":"status-publish","4":"format-standard","5":"has-post-thumbnail","7":"category-marseille","8":"tag-17","9":"tag-actu","10":"tag-actualites","11":"tag-culture","12":"tag-dans","13":"tag-etait","14":"tag-eu","15":"tag-europe","16":"tag-fr","17":"tag-france","18":"tag-hellfest","19":"tag-marseille","20":"tag-news","21":"tag-place","22":"tag-pour","23":"tag-provence-alpes-cote-dazur","24":"tag-republique-francaise"},"share_on_mastodon":{"url":"https:\/\/pubeurope.com\/@fr\/114801857488768589","error":""},"_links":{"self":[{"href":"https:\/\/www.europesays.com\/fr\/wp-json\/wp\/v2\/posts\/228648","targetHints":{"allow":["GET"]}}],"collection":[{"href":"https:\/\/www.europesays.com\/fr\/wp-json\/wp\/v2\/posts"}],"about":[{"href":"https:\/\/www.europesays.com\/fr\/wp-json\/wp\/v2\/types\/post"}],"author":[{"embeddable":true,"href":"https:\/\/www.europesays.com\/fr\/wp-json\/wp\/v2\/users\/2"}],"replies":[{"embeddable":true,"href":"https:\/\/www.europesays.com\/fr\/wp-json\/wp\/v2\/comments?post=228648"}],"version-history":[{"count":0,"href":"https:\/\/www.europesays.com\/fr\/wp-json\/wp\/v2\/posts\/228648\/revisions"}],"wp:featuredmedia":[{"embeddable":true,"href":"https:\/\/www.europesays.com\/fr\/wp-json\/wp\/v2\/media\/228649"}],"wp:attachment":[{"href":"https:\/\/www.europesays.com\/fr\/wp-json\/wp\/v2\/media?parent=228648"}],"wp:term":[{"taxonomy":"category","embeddable":true,"href":"https:\/\/www.europesays.com\/fr\/wp-json\/wp\/v2\/categories?post=228648"},{"taxonomy":"post_tag","embeddable":true,"href":"https:\/\/www.europesays.com\/fr\/wp-json\/wp\/v2\/tags?post=228648"}],"curies":[{"name":"wp","href":"https:\/\/api.w.org\/{rel}","templated":true}]}}