{"id":228654,"date":"2025-07-05T17:43:11","date_gmt":"2025-07-05T17:43:11","guid":{"rendered":"https:\/\/www.europesays.com\/fr\/228654\/"},"modified":"2025-07-05T17:43:11","modified_gmt":"2025-07-05T17:43:11","slug":"basket-a-lyon-zaccharie-risacher-muscle-son-jeu-avant-leuro","status":"publish","type":"post","link":"https:\/\/www.europesays.com\/fr\/228654\/","title":{"rendered":"Basket. \u00c0 Lyon, Zaccharie Risacher muscle son jeu avant l\u2019Euro"},"content":{"rendered":"<p>Dix semaines\u00a0: c\u2019est la dur\u00e9e de la pr\u00e9paration planifi\u00e9e par <a href=\"https:\/\/www.leprogres.fr\/p\/zaccharie-risacher\" target=\"_blank\" rel=\"noopener\">Zaccharie Risacher<\/a> (20 ans, 2,07\u00a0m) et son entourage afin d\u2019arriver pr\u00eat et en pleine forme au rassemblement de l\u2019\u00e9quipe de France pour l\u2019Euro (27\u00a0ao\u00fbt &#8211; 14\u00a0septembre).<\/p>\n<p>Mais avant d\u2019int\u00e9grer le collectif des Bleus, l\u2019ancien ailier de l\u2019Asvel et de la JL Bourg, <a href=\"https:\/\/www.leprogres.fr\/sport\/2024\/06\/27\/zaccharie-risacher-from-jl-bourg-n-1-de-la-draft-nba\" target=\"_blank\" rel=\"noopener\">choisi en premi\u00e8re position par les Hawks d\u2019Atlanta \u00e0 la draft 2024<\/a>, a encore devant lui une quinzaine de jours de travail sous les ordres d\u2019Anthony Brossard, son coach individuel depuis deux ans.<\/p>\n<p>Ce programme consistant, c\u2019est \u00e0 Lyon, sur le parquet de la <a href=\"https:\/\/www.leprogres.fr\/p\/tony-parker\" target=\"_blank\" rel=\"noopener\">Tony Parker<\/a> Academy, \u00e0 Gerland, que \u00ab\u00a0Zach\u00a0\u00bb l\u2019ingurgite en grande partie. \u00ab\u00a0Je suis Lyonnais et j\u2019aime revenir dans ma ville d\u00e8s que je peux, souligne-t-il. J\u2019ai pass\u00e9 trois ans ici (au centre de formation de l\u2019Asvel), donc je connais bien cet endroit, qui est fait pour le haut niveau. C\u2019est aussi qualitatif que ce que je peux avoir aux \u00c9tats-Unis, sauf que je pr\u00e9f\u00e8re \u00eatre ici, dans un environnement familier. Je ne me&#8230;<\/p>\n","protected":false},"excerpt":{"rendered":"Dix semaines\u00a0: c\u2019est la dur\u00e9e de la pr\u00e9paration planifi\u00e9e par Zaccharie Risacher (20 ans, 2,07\u00a0m) et son entourage&hellip;\n","protected":false},"author":2,"featured_media":228655,"comment_status":"","ping_status":"","sticky":false,"template":"","format":"standard","meta":{"footnotes":""},"categories":[1889],"tags":[1111,11,36719,2430,1791,2757,1777,674,1011,27,26251,2428,2756,12,25,2429,517],"class_list":{"0":"post-228654","1":"post","2":"type-post","3":"status-publish","4":"format-standard","5":"has-post-thumbnail","7":"category-lyon","8":"tag-actu","9":"tag-actualites","10":"tag-asvel-asvel-lyon-villeurbanne-basket","11":"tag-auvergne-rhone-alpes","12":"tag-basket-ball","13":"tag-edition-lyon-villeurbanne","14":"tag-eu","15":"tag-europe","16":"tag-fr","17":"tag-france","18":"tag-jl-bourg-jeunesse-laique-de-bourg-en-bresse-basket","19":"tag-lyon","20":"tag-lyon-bassin","21":"tag-news","22":"tag-republique-francaise","23":"tag-rhone","24":"tag-sport"},"share_on_mastodon":{"url":"https:\/\/pubeurope.com\/@fr\/114801869150389250","error":""},"_links":{"self":[{"href":"https:\/\/www.europesays.com\/fr\/wp-json\/wp\/v2\/posts\/228654","targetHints":{"allow":["GET"]}}],"collection":[{"href":"https:\/\/www.europesays.com\/fr\/wp-json\/wp\/v2\/posts"}],"about":[{"href":"https:\/\/www.europesays.com\/fr\/wp-json\/wp\/v2\/types\/post"}],"author":[{"embeddable":true,"href":"https:\/\/www.europesays.com\/fr\/wp-json\/wp\/v2\/users\/2"}],"replies":[{"embeddable":true,"href":"https:\/\/www.europesays.com\/fr\/wp-json\/wp\/v2\/comments?post=228654"}],"version-history":[{"count":0,"href":"https:\/\/www.europesays.com\/fr\/wp-json\/wp\/v2\/posts\/228654\/revisions"}],"wp:featuredmedia":[{"embeddable":true,"href":"https:\/\/www.europesays.com\/fr\/wp-json\/wp\/v2\/media\/228655"}],"wp:attachment":[{"href":"https:\/\/www.europesays.com\/fr\/wp-json\/wp\/v2\/media?parent=228654"}],"wp:term":[{"taxonomy":"category","embeddable":true,"href":"https:\/\/www.europesays.com\/fr\/wp-json\/wp\/v2\/categories?post=228654"},{"taxonomy":"post_tag","embeddable":true,"href":"https:\/\/www.europesays.com\/fr\/wp-json\/wp\/v2\/tags?post=228654"}],"curies":[{"name":"wp","href":"https:\/\/api.w.org\/{rel}","templated":true}]}}