{"id":22866,"date":"2025-04-13T18:59:13","date_gmt":"2025-04-13T18:59:13","guid":{"rendered":"https:\/\/www.europesays.com\/fr\/22866\/"},"modified":"2025-04-13T18:59:13","modified_gmt":"2025-04-13T18:59:13","slug":"girondins-gerard-lopez-nie-toute-offre-doliver-kahn-pour-bordeaux","status":"publish","type":"post","link":"https:\/\/www.europesays.com\/fr\/22866\/","title":{"rendered":"Girondins : G\u00e9rard Lopez nie toute offre d\u2019Oliver Kahn pour Bordeaux"},"content":{"rendered":"<p><img decoding=\"async\" src=\"https:\/\/www.europesays.com\/fr\/wp-content\/uploads\/2025\/04\/671_fcbd9d8654b42d2119274240e8b44bd6.jpg\" alt=\"Girondins : G\u00e9rard Lopez nie toute offre d\u2019Oliver Kahn pour Bordeaux\" class=\"img-responsive mt-3\"\/><\/p>\n<p class=\"text-center mb-3\" style=\"font-size: 14px\">\u00a9 Iconsport<\/p>\n<p>      <strong>\u00ab\u00a0On n\u2019a pas discut\u00e9 avec Oliver Kahn depuis un moment maintenant\u00a0\u00bb<\/strong><\/p>\n<p style=\"text-align: justify;\">Dans une d\u00e9claration lors d&rsquo;un podcast sur Bild, <a href=\"https:\/\/www.webgirondins.com\/actualite-girondins-girondins-oliver-kahn-nous-avons-deja-mis-30-millions-d-euros-sur-la-table-128694\" target=\"_blank\" rel=\"noopener nofollow\">Oliver Kahn affirmait avoir \u00ab\u00a0mis 30 millions sur la table<\/a>\u00a0\u00bb et avoir \u00ab\u00a0fourni la preuve de ces fonds aux instances officielles\u00a0\u00bb. Cependant, comme l\u2019a rapport\u00e9 le journaliste Laurent Crocis dans Le D\u00e9brief \u00e0 Chaud sur Webgirondins, l\u2019actuel propri\u00e9taire des Girondins de Bordeaux, G\u00e9rard Lopez, a d\u00e9menti ces propos ce soir en zone mixte, contredisant ainsi les d\u00e9clarations de l\u2019ancien champion allemand.<\/p>\n<p style=\"text-align: justify;\">G\u00e9rard Lopez \u00e0 <a href=\"https:\/\/www.sudouest.fr\/sport\/football\/girondins-de-bordeaux\/girondins-de-bordeaux-gerard-lopez-repond-a-oliver-kahn-personne-n-a-recu-de-proposition-quelle-qu-elle-soit-24020709.php\" target=\"_blank\" rel=\"noopener nofollow\">Sud Ouest<\/a> : \u00ab\u00a0S\u2019il faut transmettre une proposition, c\u2019est \u00e0 moi ou aux administrateurs judiciaires, et personne n\u2019a re\u00e7u de proposition quelle qu\u2019elle soit, ni de z\u00e9ro, ni de 30 millions. On n\u2019a pas discut\u00e9 avec Oliver Kahn depuis un moment maintenant.\u00a0\u00bb<\/p>\n<p style=\"text-align: justify;\">\u00c9coutez ces propos :<\/p>\n<p>\u00a0<\/p>\n<p>\u00c0 lire aussi &gt;&gt; <strong><a href=\"https:\/\/www.webgirondins.com\/actualite-girondins-girondins-oliver-kahn-nous-avons-deja-mis-30-millions-d-euros-sur-la-table-128694\" target=\"_blank\" rel=\"noopener nofollow\">Girondins. Oliver Kahn : \u00ab\u00a0Nous avons d\u00e9j\u00e0 mis 30 millions d\u2019euros sur la table\u00a0\u00bb<\/a><\/strong><\/p>\n<p>\u00a0<\/p>\n<p>Notre podcast court \u00e0 \u00e9couter :<\/p>\n<p>\u00a0<\/p>\n","protected":false},"excerpt":{"rendered":"\u00a9 Iconsport \u00ab\u00a0On n\u2019a pas discut\u00e9 avec Oliver Kahn depuis un moment maintenant\u00a0\u00bb Dans une d\u00e9claration lors d&rsquo;un&hellip;\n","protected":false},"author":2,"featured_media":22867,"comment_status":"","ping_status":"","sticky":false,"template":"","format":"standard","meta":{"footnotes":""},"categories":[2],"tags":[11,8438,150,1997,6410,8435,2823,1011,27,8294,1987,4654,8295,6073,12,5235,4653,471,4048,8437,8434,5486,3215,3213,7822,8436],"class_list":{"0":"post-22866","1":"post","2":"type-post","3":"status-publish","4":"format-standard","5":"has-post-thumbnail","7":"category-actualites","8":"tag-actualites","9":"tag-allemand","10":"tag-apres","11":"tag-bordeaux","12":"tag-concernant","13":"tag-exprime","14":"tag-face","15":"tag-fr","16":"tag-france","17":"tag-gerard","18":"tag-girondins","19":"tag-kahn","20":"tag-lopez","21":"tag-malo","22":"tag-news","23":"tag-offre","24":"tag-oliver","25":"tag-pour","26":"tag-presse","27":"tag-propos","28":"tag-remportee","29":"tag-rencontre","30":"tag-revenu","31":"tag-saint","32":"tag-toute","33":"tag-zone"},"share_on_mastodon":{"url":"https:\/\/pubeurope.com\/@fr\/114332196085790402","error":""},"_links":{"self":[{"href":"https:\/\/www.europesays.com\/fr\/wp-json\/wp\/v2\/posts\/22866","targetHints":{"allow":["GET"]}}],"collection":[{"href":"https:\/\/www.europesays.com\/fr\/wp-json\/wp\/v2\/posts"}],"about":[{"href":"https:\/\/www.europesays.com\/fr\/wp-json\/wp\/v2\/types\/post"}],"author":[{"embeddable":true,"href":"https:\/\/www.europesays.com\/fr\/wp-json\/wp\/v2\/users\/2"}],"replies":[{"embeddable":true,"href":"https:\/\/www.europesays.com\/fr\/wp-json\/wp\/v2\/comments?post=22866"}],"version-history":[{"count":0,"href":"https:\/\/www.europesays.com\/fr\/wp-json\/wp\/v2\/posts\/22866\/revisions"}],"wp:featuredmedia":[{"embeddable":true,"href":"https:\/\/www.europesays.com\/fr\/wp-json\/wp\/v2\/media\/22867"}],"wp:attachment":[{"href":"https:\/\/www.europesays.com\/fr\/wp-json\/wp\/v2\/media?parent=22866"}],"wp:term":[{"taxonomy":"category","embeddable":true,"href":"https:\/\/www.europesays.com\/fr\/wp-json\/wp\/v2\/categories?post=22866"},{"taxonomy":"post_tag","embeddable":true,"href":"https:\/\/www.europesays.com\/fr\/wp-json\/wp\/v2\/tags?post=22866"}],"curies":[{"name":"wp","href":"https:\/\/api.w.org\/{rel}","templated":true}]}}