{"id":228661,"date":"2025-07-05T17:48:28","date_gmt":"2025-07-05T17:48:28","guid":{"rendered":"https:\/\/www.europesays.com\/fr\/228661\/"},"modified":"2025-07-05T17:48:28","modified_gmt":"2025-07-05T17:48:28","slug":"le-trafic-ferroviaire-entre-paris-et-milan-doit-reprendre-samedi","status":"publish","type":"post","link":"https:\/\/www.europesays.com\/fr\/228661\/","title":{"rendered":"Le trafic ferroviaire entre Paris et Milan doit reprendre samedi"},"content":{"rendered":"<p>La liaison internationale sera r\u00e9tablie samedi matin, apr\u00e8s quatre jours d\u2019interruption caus\u00e9s par un orage et une crue torrentielle \u00e0 Modane en Savoie. Les travaux de remise en \u00e9tat se sont poursuivis jour et nuit depuis le d\u00e9but de la semaine.<\/p>\n<p class=\"fig-paragraph\">Le\u00a0<a href=\"https:\/\/www.lefigaro.fr\/international\/en-direct-panne-d-electricite-massive-le-trafic-ferroviaire-interrompu-dans-toute-l-espagne-20250428\" target=\"_blank\" data-fig-type=\"Live\" rel=\"noopener\" data-gtm-custom-categorie=\"navigation\" data-gtm-custom-action=\"crossclick\" data-gtm-custom-label=\"Contextuel\" data-gtm-event=\"customEventSPE\" data-fig-domain=\"LEFIGARO\">trafic ferroviaire<\/a>\u00a0entre Paris et Milan doit reprendre samedi 5 juillet en vall\u00e9e de Maurienne, a indiqu\u00e9 vendredi SNCF R\u00e9seau, apr\u00e8s une coupure de quatre jours en raison d&rsquo;une importante coul\u00e9e de boue. \u00abLes circulations ferroviaires de voyageurs pourront reprendre normalement dans les deux sens d\u00e8s demain matin, samedi 5 juillet\u00bb, a indiqu\u00e9 le gestionnaire du r\u00e9seau ferr\u00e9.<\/p>\n<p class=\"fig-paragraph\">Un violent orage avait provoqu\u00e9 une coul\u00e9e de boue le lundi 30 juin, recouvrant les voies en gare de Modane (Savoie) ainsi qu&rsquo;une crue historique d&rsquo;un torrent de la vall\u00e9e de la Maurienne. Plus aucun train ne pouvait rouler entre les gares de Saint-Michel-Valloire (Savoie) et Modane, coupant ainsi la seule liaison pour les trains \u00e0 grande vitesse entre la France et l&rsquo;Italie. Jour et nuit depuis lundi, des \u00e9quipes de SNCF R\u00e9seau ont d\u00e9gag\u00e9 les voies et r\u00e9par\u00e9 les installations endommag\u00e9es.<\/p>\n<p>                                    <a class=\"fig-a11y-skip a11y-hidden\" href=\"#fig-a11y-skip-main-inarticle\"><br \/>\n        Passer la publicit\u00e9<br \/>\n    <\/a><\/p>\n<p class=\"fig-paragraph\">Quelques travaux de finition devraient se d\u00e9rouler de nuit lors des semaines \u00e0 venir, \u00absans impact sur le plan de transport\u00bb, a pr\u00e9cis\u00e9 SNCF R\u00e9seau. Parmi les liaisons ferroviaires concern\u00e9es, la ligne Paris-Milan sera de nouveau accessible \u00e0 l&rsquo;ensemble des trains de voyageurs \u00e0 partir de samedi. La SNCF op\u00e8re trois allers-retours par jour entre Paris et Milan.<\/p>\n<p class=\"fig-paragraph\">Les deux villes sont aussi reli\u00e9es par la compagnie italienne Trenitalia dont les trains passent sur les m\u00eames voies que ceux de la compagnie fran\u00e7aise. Pour ce qui est du trafic fret, la reprise sera partielle avant un retour \u00e0 des conditions normales 11 juillet. La ligne venait de rouvrir fin mars apr\u00e8s 19 mois d&rsquo;interruption \u00e0 cause d&rsquo;un \u00e9boulement. Le 27 ao\u00fbt 2023, apr\u00e8s un autre \u00e9pisode de fortes pluies, 15.000 m\u00e8tres cubes de roches s&rsquo;\u00e9taient \u00e9croul\u00e9s sur une galerie ferroviaire, coupant la voie ferr\u00e9e la plus emprunt\u00e9e entre la France et l&rsquo;Italie, mais aussi une route d\u00e9partementale et l&rsquo;autoroute A43.<\/p>\n","protected":false},"excerpt":{"rendered":"La liaison internationale sera r\u00e9tablie samedi matin, apr\u00e8s quatre jours d\u2019interruption caus\u00e9s par un orage et une crue&hellip;\n","protected":false},"author":2,"featured_media":228662,"comment_status":"","ping_status":"","sticky":false,"template":"","format":"standard","meta":{"footnotes":""},"categories":[1888],"tags":[1111,1928,11,1927,1777,674,1011,27,8628,12,1926,626,1925,25,2215],"class_list":{"0":"post-228661","1":"post","2":"type-post","3":"status-publish","4":"format-standard","5":"has-post-thumbnail","7":"category-paris","8":"tag-actu","9":"tag-actu-paris","10":"tag-actualites","11":"tag-actualites-paris","12":"tag-eu","13":"tag-europe","14":"tag-fr","15":"tag-france","16":"tag-milan","17":"tag-news","18":"tag-news-paris","19":"tag-paris","20":"tag-paris-news","21":"tag-republique-francaise","22":"tag-sncf"},"share_on_mastodon":{"url":"https:\/\/pubeurope.com\/@fr\/114801888699611333","error":""},"_links":{"self":[{"href":"https:\/\/www.europesays.com\/fr\/wp-json\/wp\/v2\/posts\/228661","targetHints":{"allow":["GET"]}}],"collection":[{"href":"https:\/\/www.europesays.com\/fr\/wp-json\/wp\/v2\/posts"}],"about":[{"href":"https:\/\/www.europesays.com\/fr\/wp-json\/wp\/v2\/types\/post"}],"author":[{"embeddable":true,"href":"https:\/\/www.europesays.com\/fr\/wp-json\/wp\/v2\/users\/2"}],"replies":[{"embeddable":true,"href":"https:\/\/www.europesays.com\/fr\/wp-json\/wp\/v2\/comments?post=228661"}],"version-history":[{"count":0,"href":"https:\/\/www.europesays.com\/fr\/wp-json\/wp\/v2\/posts\/228661\/revisions"}],"wp:featuredmedia":[{"embeddable":true,"href":"https:\/\/www.europesays.com\/fr\/wp-json\/wp\/v2\/media\/228662"}],"wp:attachment":[{"href":"https:\/\/www.europesays.com\/fr\/wp-json\/wp\/v2\/media?parent=228661"}],"wp:term":[{"taxonomy":"category","embeddable":true,"href":"https:\/\/www.europesays.com\/fr\/wp-json\/wp\/v2\/categories?post=228661"},{"taxonomy":"post_tag","embeddable":true,"href":"https:\/\/www.europesays.com\/fr\/wp-json\/wp\/v2\/tags?post=228661"}],"curies":[{"name":"wp","href":"https:\/\/api.w.org\/{rel}","templated":true}]}}