{"id":228667,"date":"2025-07-05T17:51:12","date_gmt":"2025-07-05T17:51:12","guid":{"rendered":"https:\/\/www.europesays.com\/fr\/228667\/"},"modified":"2025-07-05T17:51:12","modified_gmt":"2025-07-05T17:51:12","slug":"larmee-ukrainienne-fait-etat-de-nouvelles-offensives-russes-en-direction-de-kharkiv-dans-le-nord-est-du-pays","status":"publish","type":"post","link":"https:\/\/www.europesays.com\/fr\/228667\/","title":{"rendered":"l\u2019arm\u00e9e ukrainienne fait \u00e9tat de nouvelles offensives russes en direction de Kharkiv, dans le nord-est du pays"},"content":{"rendered":"<br \/>\n<blockquote class=\"post__live-container--comment-blockquote\"><p>Bonjour, pouvez-vous faire une mise \u00e0 jour sur l&rsquo;aide r\u00e9cente de l&rsquo;Europe \u00e0 l&rsquo;Ukraine ? On ne voit plus d&rsquo;annonce de \u00ab\u00a0paquets\u00a0\u00bb d&rsquo;aide . Merci<\/p><\/blockquote>\n<p>    Thierry                        <\/p>\n<p class=\"post__live-container--answer-text post__space-node\">Merci pour votre message. A ce sujet, je vous renvoie vers l\u2019article de Pierre Breteau, datant du 18\u00a0juin, qui s\u2019interroge sur la mani\u00e8re dont les Europ\u00e9ens ont cherch\u00e9 \u00e0 compenser la fin de l\u2019aide am\u00e9ricaine. \u00ab\u00a0Les Etats-Unis, qui \u00e9taient auparavant le plus gros donateur \u00e0 l\u2019Ukraine, n\u2019ont pas annonc\u00e9 de nouvelle enveloppe depuis le d\u00e9but du mois de janvier\u00a0\u00bb, rapporte\u00a0<a href=\"https:\/\/www.ifw-kiel.de\/topics\/war-against-ukraine\/ukraine-support-tracker\/\" target=\"_blank\" rel=\"noopener\" title=\"Nouvelle fen\u00eatre\">l\u2019institut allemand Kiel<\/a>, qui publie plusieurs fois par an le montant des aides promises et fournies \u00e0 l\u2019Ukraine. Donald Trump a m\u00eame impos\u00e9 au pays un \u00ab\u00a0deal\u00a0\u00bb sur l\u2019exploitation de ses minerais, <a href=\"https:\/\/www.lemonde.fr\/international\/article\/2025\/03\/29\/guerre-en-ukraine-avec-la-nouvelle-version-du-projet-d-accord-sur-les-minerais-par-les-etats-unis-le-dilemme-de-volodymyr-zelensky_6587517_3210.html\" target=\"_blank\" rel=\"noopener\" title=\"Nouvelle fen\u00eatre\">pr\u00e9sent\u00e9 comme une contrepartie de l\u2019aide am\u00e9ricaine<\/a>.<\/p>\n<p class=\"post__live-container--answer-text post__space-node\">Depuis le d\u00e9but de 2025, les subsides en provenance de pays europ\u00e9ens ont, en revanche, fortement cr\u00fb et sont venus compenser le retrait de Washington. En seulement trois mois, l\u2019Europe \u2013 au sens g\u00e9ographique \u2013 a ainsi allou\u00e9 19,1\u00a0milliards d\u2019euros \u00e0 l\u2019Ukraine. C\u2019est le total trimestriel le plus \u00e9lev\u00e9 depuis f\u00e9vrier\u00a02022.<\/p>\n<p class=\"post__live-container--answer-text post__space-node\">Au premier rang des contributeurs se trouvent les Etats nordiques (la Norv\u00e8ge a d\u00e9bloqu\u00e9 670\u00a0millions d\u2019euros en avril\u00a02025\u00a0; la Su\u00e8de 1,6\u00a0milliard, en mars). Le Royaume-Uni participe aussi largement \u00e0 cet effort, avec 4,5\u00a0milliards d\u2019euros d\u00e9bloqu\u00e9s entre janvier et avril\u00a02025. La France, elle, a mobilis\u00e9\u00a0<a href=\"https:\/\/www.lemonde.fr\/international\/article\/2025\/03\/27\/emmanuel-macron-promet-2-milliards-d-euros-d-aide-militaire-a-l-ukraine_6586728_3210.html\" target=\"_blank\" rel=\"noopener\">2,2\u00a0milliards d\u2019euros depuis le d\u00e9but de l\u2019ann\u00e9e<\/a>, essentiellement sous la forme d\u2019armes antichars, de moyens de d\u00e9fense antia\u00e9rienne, de blind\u00e9s et de munitions. Ce qui place Paris \u00e0 une moyenne de 505\u00a0millions d\u2019euros par mois, soit largement plus qu\u2019en\u00a02024 (101\u00a0millions), 2023 (135\u00a0millions) ou 2022 (165\u00a0millions).<\/p>\n<p class=\"post__live-container--answer-text post__space-node\">Certaines nations europ\u00e9ennes ont, au contraire, suivi la tendance inverse, <a href=\"https:\/\/www.lemonde.fr\/international\/live\/2025\/06\/17\/en-direct-guerre-en-ukraine-la-coree-du-nord-va-envoyer-des-militaires-pour-reconstruire-l-oblast-russe-de-koursk-annonce-la-russie_6613242_3210.html?#id-2423837\" target=\"_blank\" rel=\"noopener\">comme le note l\u2019institut Kiel<\/a>\u00a0: dans la foul\u00e9e du retour au pouvoir de Donald Trump, l\u2019Allemagne, l\u2019Italie et l\u2019Espagne ont diminu\u00e9 le niveau de leur contribution par rapport aux ann\u00e9es pr\u00e9c\u00e9dentes.<\/p>\n<p class=\"post__live-container--answer-text post__space-node\">Si vous voulez en savoir plus je vous invite \u00e0 lire l\u2019article dans son int\u00e9gralit\u00e9.<\/p>\n<p>                            Volodymyr Zelensky\u00a0annonce une coproduction d\u2019armes entre l\u2019Ukraine et le Danemark              <\/p>\n<p class=\"post__live-container--answer-text post__space-node\">Sur X, le pr\u00e9sident ukrainien, Volodymyr Zelensky, a annonc\u00e9 une coproduction d\u2019armes entre l\u2019Ukraine et le Danemark. \u00ab\u00a0Aujourd\u2019hui marque une d\u00e9cision importante en Europe \u2013 au Danemark \u2013 notre premier accord sur la production d\u2019armes pour l\u2019Ukraine en Europe. Il s\u2019agit d\u2019une coproduction entre l\u2019Ukraine et le Danemark. C\u2019est primordial en mati\u00e8re de s\u00e9curit\u00e9 et d\u2019investissement\u00a0\u00bb, \u00e9crit-il.<\/p>\n<p class=\"post__live-container--answer-text post__space-node\">M.\u00a0Zelensky est aussi revenu sur<a href=\"https:\/\/www.lemonde.fr\/international\/article\/2025\/07\/04\/kiev-nouvelle-nuit-blanche-et-ciel-de-feu_6618101_3210.html\" target=\"_blank\" rel=\"noopener\"> l\u2019attaque massive de missiles russes<\/a> dans la nuit de jeudi \u00e0 vendredi. \u00ab\u00a0C\u2019\u00e9tait difficile, mais un grand nombre d\u2019entre eux ont \u00e9t\u00e9 abattus. Les drones d\u2019interception ont fait preuve d\u2019une grande performance aujourd\u2019hui et nous sommes en train d\u2019intensifier ce processus \u00e0 l\u2019extr\u00eame\u00a0\u00bb, a-t-il ajout\u00e9.<\/p>\n<p>                          Une personne tu\u00e9e dans l\u2019oblast de Zaporijia, selon les autorit\u00e9s locales              <\/p>\n<p class=\"post__live-container--answer-text post__space-node\">Le chef de l\u2019administration militaire de l\u2019oblast de Zaporijia, <a href=\"https:\/\/t.me\/ivan_fedorov_zp\/21687\" target=\"_blank\" rel=\"noopener\" title=\"Nouvelle fen\u00eatre\">Ivan Fedorov, a affirm\u00e9 sur Telegram<\/a>, qu\u2019un civil est mort apr\u00e8s que les forces arm\u00e9es russes ont largu\u00e9 une bombe planante guid\u00e9e sur le village de Primorske. Une maison priv\u00e9e a \u00e9t\u00e9 d\u00e9truite et un incendie s\u2019est d\u00e9clar\u00e9. La victime \u00e9tait un homme \u00e2g\u00e9, pr\u00e9cise M. Fedorov, sans donner plus de d\u00e9tail.<\/p>\n<p>                          Kryvy Rih, dans l\u2019oblast de Dnipropetrovsk, \u00e0 nouveau vis\u00e9 par une attaque russe             <\/p>\n<p class=\"post__live-container--answer-text post__space-node\">Le chef de l\u2019administration militaire de l\u2019oblast de Dnipropetrovsk, Serhi Lyssak, <a href=\"https:\/\/t.me\/dnipropetrovskaODA\/22707\" target=\"_blank\" rel=\"noopener\" title=\"Nouvelle fen\u00eatre\">a rapport\u00e9 sur Telegram<\/a> qu\u2019une nouvelle attaque russe avait vis\u00e9 Kryvy Rih (<a href=\"https:\/\/www.google.fr\/maps\/place\/Kryvy%C3%AF+Rih,+Oblast+de+Dnipropetrovsk,+Ukraine,+50000\/@48.23385,33.1822572,7z\/data=!4m6!3m5!1s0x40dadfe03154ab7b:0xb0fa3a177d6b186e!8m2!3d47.910483!4d33.391783!16zL20vMDJ4ejRy?entry=ttu&amp;g_ep=EgoyMDI1MDIxOS4xIKXMDSoASAFQAw%3D%3D\" target=\"_blank\" rel=\"noopener\" title=\"Nouvelle fen\u00eatre\">\ud83d\udccd<\/a>) en fin de journ\u00e9e.\u00a0Selon lui, des infrastructures civiles ont \u00e9t\u00e9 endommag\u00e9es et un incendie s\u2019est d\u00e9clar\u00e9. Trois personnes ont \u00e9t\u00e9 bless\u00e9es dont une dans un \u00e9tat grave.<\/p>\n<p class=\"post__live-container--answer-text post__space-node\"><a href=\"https:\/\/t.me\/dnipropetrovskaODA\/22680\" target=\"_blank\" rel=\"noopener\" title=\"Nouvelle fen\u00eatre\">Un peu plus t\u00f4t dans la journ\u00e9e<\/a>, M.\u00a0Serhi Lyssak avait rapport\u00e9 qu\u2019une premi\u00e8re vague de bombardements russes avait fait six bless\u00e9s, dont cinq qui \u00e9taient hospitalis\u00e9s pour des blessures l\u00e9g\u00e8res.<\/p>\n<p> Le 04\/07 \u00e0 18:37   Vos questions   <\/p>\n<blockquote class=\"post__live-container--comment-blockquote\"><p>Bonjour,&#13;<br \/>\nQuel est l&rsquo;\u00e9tat de pollution des sols, de l&rsquo;eau et de l&rsquo;air dans les zones bombard\u00e9es d&rsquo;Ukraine? Le tonnage d&rsquo;explosifs utilis\u00e9s et autres polluants tels que combustibles des missiles, batteries des drones, \u00e9lectroniques, etc,  doit \u00eatre impressionant? Sans parler des \u00e9quipements et \u00e9difices d\u00e9truits.<\/p><\/blockquote>\n<p>    Rol                        <\/p>\n<p class=\"post__live-container--answer-text post__space-node\">Merci pour votre question. <a href=\"https:\/\/climatefocus.com\/publications\/climate-damage-russian-war-in-ukraine-24-months\/\" target=\"_blank\" rel=\"noopener\" title=\"Nouvelle fen\u00eatre\">Un rapport datant de juin\u00a02024<\/a>\u00a0et r\u00e9alis\u00e9 par des experts du climat chiffrait \u00e0 175\u00a0millions de tonnes de CO2, les \u00e9missions directes et indirectes de la guerre \u2013 soit l\u2019\u00e9quivalent des \u00e9missions annuelles des Pays-Bas.<\/p>\n<p class=\"post__live-container--answer-text post__space-node\">Un tiers de ces \u00e9missions de gaz \u00e0 effet de serre provenait directement de l\u2019activit\u00e9 militaire (qui utilise des \u00e9nergies fossiles), un tiers des incendies provoqu\u00e9s par la guerre et un autre tiers de la n\u00e9cessaire reconstruction de b\u00e2timents. L\u2019une des principales sources d\u2019\u00e9missions est la consommation de carburant, qui repr\u00e9sente 51,6\u00a0millions de tonnes de CO2 (dont 35,2\u00a0millions de la part des troupes russes), pr\u00e9cise le rapport.<\/p>\n<p class=\"post__live-container--answer-text post__space-node\">Par ailleurs, en plus des attaques \u00ab\u00a0indirectes\u00a0\u00bb \u00e0 la biodiversit\u00e9 il existe aussi des attaques contre l\u2019environnement. A ce sujet, vous pouvez retrouver un article,<a href=\"https:\/\/www.lemonde.fr\/international\/article\/2023\/06\/22\/guerre-en-ukraine-les-attaques-contre-l-environnement-sont-devenues-des-armes-a-part-entiere_6178667_3210.html\" target=\"_blank\" rel=\"noopener\"> datant du 22\u00a0juin\u00a02023, <\/a>dans lequel notre journaliste Faustine Vincent expliquait que d\u00e9j\u00e0, \u00e0 cette date, les attaques contre l\u2019environnement \u00e9taient devenues, pour la Russie, des armes \u00e0 part enti\u00e8re dans la guerre. Vous avez <a href=\"https:\/\/www.lemonde.fr\/planete\/article\/2024\/11\/05\/qui-a-tue-la-riviere-seim-contre-enquete-sur-des-accusations-d-ecocide-en-ukraine_6377648_3244.html\" target=\"_blank\" rel=\"noopener\">aussi cet article<\/a> de Jacques Follorou, sur la pollution de la rivi\u00e8re Se\u00efm au nord-est de Kiev \u00e0 l\u2019\u00e9t\u00e9 2024.<\/p>\n<p> Le 04\/07 \u00e0 18:00   Pour approfondir   <\/p>\n<p>      Des policiers enqu\u00eatent sur des crimes de guerre commis en Ukraine              <\/p>\n<p class=\"post__live-container--answer-text post__space-node\">La police et la justice ukrainiennes se sont lanc\u00e9es dans une mission titanesque, presque impossible, depuis l\u2019invasion russe, le 24\u00a0f\u00e9vrier\u00a02022\u00a0: enqu\u00eater sur chaque crime commis durant la guerre, du plus grave au plus anodin, de la pire tuerie de civils innocents aux pillages et aux vols. Des dizaines de milliers d\u2019affaires sont en cours d\u2019instruction. Jusqu\u2019\u00e0 pr\u00e9sent, des actes d\u2019accusation ont \u00e9t\u00e9 \u00e9mis \u00e0 l\u2019encontre de 679\u00a0individus (171\u00a0Ukrainiens et 508\u00a0Russes), dont 53\u00a0accus\u00e9s de crimes impliquant des violences sexuelles, et les tribunaux ont condamn\u00e9 189\u00a0personnes pour crimes de guerre (19\u00a0d\u00e9tenus et 170\u00a0par contumace).<\/p>\n<p>            <a href=\"https:\/\/www.lemonde.fr\/international\/article\/2025\/07\/04\/j-ai-ete-violee-pendant-trois-jours-en-ukraine-des-policiers-enquetent-sur-les-crimes-de-guerre_6618111_3210.html\" title=\"\u00ab\u00a0J\u2019ai \u00e9t\u00e9 viol\u00e9e pendant trois jours\u00a0\u00bb\u00a0: des policiers enqu\u00eatent sur les crimes de guerre commis en Ukraine\" data-position=\"pour approfondir\" class=\"read-also-live__link read-also-live__link--large js-live-read-also\" data-premium=\"1\" target=\"_blank\" rel=\"noopener\">      \u00ab\u00a0J\u2019ai \u00e9t\u00e9 viol\u00e9e pendant trois jours\u00a0\u00bb\u00a0: des policiers enqu\u00eatent sur les crimes de guerre commis en Ukraine     <\/p>\n<p> Par   R\u00e9my Ourdan   <\/p>\n<p>     <a href=\"https:\/\/www.lemonde.fr\/international\/article\/2025\/07\/04\/j-ai-ete-violee-pendant-trois-jours-en-ukraine-des-policiers-enquetent-sur-les-crimes-de-guerre_6618111_3210.html\" target=\"_blank\" rel=\"noopener\"><img decoding=\"async\" class=\"read-also-live__img\"  src=\"https:\/\/www.europesays.com\/fr\/wp-content\/uploads\/2025\/07\/8317dcf_upload-1-3tpxc1px4h9n-femme-victime-viol-crime-guerre-1.jpg\" data- alt=\"\"\/> <\/a>  ADRIEN VAUTIER\/LE PICTORIUM POUR \u00ab LE MONDE \u00bb     <\/a>  <\/p>\n<p>  Apr\u00e8s sa lib\u00e9ration, elle n\u2019est pas all\u00e9e voir la police et a longtemps gard\u00e9 le silence, pour prot\u00e9ger ses enfants. D\u2019abord parce qu\u2019ils vivaient encore en territoire occup\u00e9 par l\u2019arm\u00e9e de Moscou, puis, apr\u00e8s qu\u2019ils l\u2019ont rejointe du c\u00f4t\u00e9 ukrainien de la ligne de front, parce que \u00ab\u00a0ces histoires ne les regardent pas\u00a0\u00bb, m\u00eame s\u2019ils \u00ab\u00a0sauront tout un jour\u00a0\u00bb. Le silence aussi parce qu\u2019il est peu probable que l\u2019officier russe qui l\u2019a d\u00e9tenue et viol\u00e9e r\u00e9ponde un jour de ses crimes devant la justice. Elle pense n\u2019\u00eatre qu\u2019une femme parmi tant d\u2019autres, dans le cauchemar de l\u2019occupation russe, et que son violeur n\u2019est qu\u2019un parmi tant d\u2019autres, \u00e0 l\u2019abri en Russie, dans un oc\u00e9an d\u2019impunit\u00e9.  <\/p>\n<p>                                       Trois bless\u00e9s et une personne tu\u00e9e dans l\u2019oblast de Kharkiv             <\/p>\n<p class=\"post__live-container--answer-text post__space-node\">Le chef de l\u2019administration militaire r\u00e9gionale de l\u2019oblast de Kharkiv, Oleh Synehoubov, <a href=\"https:\/\/t.me\/synegubov\/15477\" target=\"_blank\" rel=\"noopener\" title=\"Nouvelle fen\u00eatre\">a rapport\u00e9 sur T\u00e9l\u00e9gram <\/a>qu\u2019une attaque russe dans le centre-ville de Koupiansk (<a href=\"https:\/\/www.google.fr\/maps\/place\/Koupiansk,+Oblast+de+Kharkiv,+Ukraine,+63701\/@49.7016428,37.5308733,12z\/data=!3m1!4b1!4m6!3m5!1s0x4120d75c701fc6d7:0xd2d56a3f976d8606!8m2!3d49.7055574!4d37.6027997!16zL20vMGQ1ZDds?entry=ttu&amp;g_ep=EgoyMDI1MDUxNS4xIKXMDSoASAFQAw%3D%3D\" target=\"_blank\" rel=\"noopener\" title=\"Nouvelle fen\u00eatre\">\ud83d\udccd<\/a>) avait tu\u00e9 une femme de 55\u00a0ans. Deux autres personnes \u2013 une femme de 56\u00a0ans et un homme de 61\u00a0ans \u2013 ont \u00e9t\u00e9 bless\u00e9es et sont actuellement hospitalis\u00e9es.<\/p>\n<p>                          Un mort et huit bless\u00e9s dans des attaques russes dans l\u2019oblast de Kherson, selon les autorit\u00e9s locales                         <\/p>\n<p class=\"post__live-container--answer-text post__space-node\">Un peu plus tard dans la journ\u00e9e, il a \u00e9t\u00e9 rapport\u00e9 que trois personnes avaient \u00e9t\u00e9 bless\u00e9es par une seconde attaque russe, \u00e0 Kherson m\u00eame. Une femme de 84\u00a0ans, un gar\u00e7on de 17\u00a0ans et une fille de 9\u00a0ans ont \u00e9t\u00e9 touch\u00e9s, ajoute la m\u00eame source.<\/p>\n<p>                                   Six personnes bless\u00e9es par des bombardements russes \u00e0 Kryvy Rih                                <\/p>\n<p> Le 04\/07 \u00e0 17:00   Pour approfondir   <\/p>\n<p>                  Les faits essentiels\u00a0(1) Afficher      <\/p>\n<ul class=\"article__unordered-list js-post-essential-desktop\">\n<li>   Ce qu\u2019il faut retenir du vendredi 4\u00a0juillet \u00e0 21\u00a0heures    <\/li>\n<\/ul>\n<p class=\"capping__notice\">Lecture du Monde en cours sur un autre appareil.<\/p>\n<p class=\"capping__title\">Vous pouvez lire Le Monde sur un seul appareil \u00e0 la fois<\/p>\n<p>  Continuer \u00e0 lire ici <\/p>\n<p class=\"capping__cta-text\">Ce message s\u2019affichera sur l\u2019autre appareil.<\/p>\n<p>    <a href=\"https:\/\/moncompte.lemonde.fr\" id=\"js-capping-yellow-button\" class=\"button button--subscribe capping__cta capping__cta--next\" data-cta=\"multi\" target=\"_blank\" rel=\"noopener\">D\u00e9couvrir les offres multicomptes<\/a>    Pourquoi voyez-vous ce message ?    <\/p>\n<ul id=\"js-capping-faq\" class=\"capping__faq\">\n<li class=\"capping__item\">\n<p class=\"capping__answer\">Parce qu\u2019une autre personne (ou vous) est en train de lire Le Monde avec ce compte sur un autre appareil.<\/p>\n<p class=\"capping__answer\">Vous ne pouvez lire Le Monde que sur <strong>un seul appareil<\/strong> \u00e0 la fois (ordinateur, t\u00e9l\u00e9phone ou tablette).<\/p>\n<\/li>\n<li class=\"capping__item\">\n<p class=\"capping__question\">Comment ne plus voir ce message ?<\/p>\n<p class=\"capping__answer\">En cliquant sur \u00ab\u00a0Continuer \u00e0 lire ici\u00a0\u00bb et en vous assurant que vous \u00eates la seule personne \u00e0 consulter Le Monde avec ce compte.<\/p>\n<\/li>\n<li class=\"capping__item\">\n<p class=\"capping__question\">Que se passera-t-il si vous continuez \u00e0 lire ici ?<\/p>\n<p class=\"capping__answer\">Ce message s\u2019affichera sur l\u2019autre appareil. Ce dernier restera connect\u00e9 avec ce compte.<\/p>\n<\/li>\n<li class=\"capping__item\">\n<p class=\"capping__question\">Y a-t-il d\u2019autres limites ?<\/p>\n<p class=\"capping__answer\">Non. Vous pouvez vous connecter avec votre compte sur autant d\u2019appareils que vous le souhaitez, mais en les utilisant \u00e0 des moments diff\u00e9rents.<\/p>\n<\/li>\n<li class=\"capping__item\">\n<p class=\"capping__question\">Vous ignorez qui est l\u2019autre personne ?<\/p>\n<p class=\"capping__answer\">Nous vous conseillons de <a href=\"https:\/\/secure.lemonde.fr\/sfuser\/password\/lost\" class=\"capping__link js-capping-password\" target=\"_blank\" rel=\"noopener\">modifier votre mot de passe<\/a>.<\/p>\n<\/li>\n<\/ul>\n<p class=\"capping__notice\">Lecture restreinte<\/p>\n<p class=\"capping__title\">Votre abonnement n\u2019autorise pas la lecture de cet article<\/p>\n<p class=\"capping__cta-text\">Pour plus d\u2019informations, merci de contacter notre service commercial.<\/p>\n<p>                           Services Le Monde        Guides d&rsquo;achat Le Monde        Le Monde \u00e0 l&rsquo;international        Services Partenaires        Sites du groupe            <\/p>\n<p class=\"footer__title\">Newsletters du monde<\/p>\n<p>  <a class=\"footer__link footer__link--cta\" href=\"https:\/\/www.lemonde.fr\/newsletters\/\" target=\"_blank\" rel=\"noopener\">    Recevoir les newsletters du Monde <\/a>          <\/p>\n<p class=\"footer__title\">Applications Mobiles<\/p>\n<p class=\"footer__title\">  Abonnement <\/p>\n<p>   <a class=\"footer__link footer__link--cta\" href=\"https:\/\/www.lemonde.fr\/archives-du-monde\/\" target=\"_blank\" rel=\"noopener\">    Archives du Monde  <\/a>    <a class=\"footer__link footer__link--cta\" href=\"https:\/\/abo.lemonde.fr\/?lmd_medium=BOUTONS_LMFR&amp;lmd_campaign=CTA_LMFR&amp;lmd_position=FOOTER&amp;lmd_sequence=48&amp;lmd_type_de_page=Live\" rel=\"noopener\" target=\"_blank\">    S\u2019abonner \/ Se d\u00e9sabonner  <\/a>    <a class=\"footer__link footer__link--cta js-footer-login\" href=\"https:\/\/secure.lemonde.fr\/sfuser\/connexion\" target=\"_blank\" rel=\"noopener\">    Se connecter  <\/a>    <a class=\"footer__link footer__link--cta\" href=\"https:\/\/journal.lemonde.fr\/\" target=\"_blank\" rel=\"noopener\">    Consulter le Journal du jour  <\/a>    <a class=\"footer__link footer__link--cta\" href=\"https:\/\/evenements-abonnes.lemonde.fr\/\" rel=\"noopener\" target=\"_blank\">  \u00c9venements abonn\u00e9s  <\/a>    <a class=\"footer__link footer__link--cta\" href=\"https:\/\/www.lemonde.fr\/jeux-abonnes\/\" target=\"_blank\" rel=\"noopener\">  Jeux-concours abonn\u00e9s  <\/a>    <a class=\"footer__link footer__link--cta\" href=\"https:\/\/www.lemonde.fr\/faq\/?thematic=contacter\" rel=\"noopener\" target=\"_blank\">  Contacter Le Monde  <\/a>            Informations l\u00e9gales le Monde        Informations l\u00e9gales le Monde     <\/p>\n<p class=\"footer__title\">Suivez Le Monde<\/p>\n","protected":false},"excerpt":{"rendered":"Bonjour, pouvez-vous faire une mise \u00e0 jour sur l&rsquo;aide r\u00e9cente de l&rsquo;Europe \u00e0 l&rsquo;Ukraine ? On ne voit&hellip;\n","protected":false},"author":2,"featured_media":228668,"comment_status":"","ping_status":"","sticky":false,"template":"","format":"standard","meta":{"footnotes":""},"categories":[1591],"tags":[11,1887,12,1885,1886,132],"class_list":{"0":"post-228667","1":"post","2":"type-post","3":"status-publish","4":"format-standard","5":"has-post-thumbnail","7":"category-russie","8":"tag-actualites","9":"tag-federation-de-russie","10":"tag-news","11":"tag-russia","12":"tag-russian-federation","13":"tag-russie"},"share_on_mastodon":{"url":"https:\/\/pubeurope.com\/@fr\/114801900521203485","error":""},"_links":{"self":[{"href":"https:\/\/www.europesays.com\/fr\/wp-json\/wp\/v2\/posts\/228667","targetHints":{"allow":["GET"]}}],"collection":[{"href":"https:\/\/www.europesays.com\/fr\/wp-json\/wp\/v2\/posts"}],"about":[{"href":"https:\/\/www.europesays.com\/fr\/wp-json\/wp\/v2\/types\/post"}],"author":[{"embeddable":true,"href":"https:\/\/www.europesays.com\/fr\/wp-json\/wp\/v2\/users\/2"}],"replies":[{"embeddable":true,"href":"https:\/\/www.europesays.com\/fr\/wp-json\/wp\/v2\/comments?post=228667"}],"version-history":[{"count":0,"href":"https:\/\/www.europesays.com\/fr\/wp-json\/wp\/v2\/posts\/228667\/revisions"}],"wp:featuredmedia":[{"embeddable":true,"href":"https:\/\/www.europesays.com\/fr\/wp-json\/wp\/v2\/media\/228668"}],"wp:attachment":[{"href":"https:\/\/www.europesays.com\/fr\/wp-json\/wp\/v2\/media?parent=228667"}],"wp:term":[{"taxonomy":"category","embeddable":true,"href":"https:\/\/www.europesays.com\/fr\/wp-json\/wp\/v2\/categories?post=228667"},{"taxonomy":"post_tag","embeddable":true,"href":"https:\/\/www.europesays.com\/fr\/wp-json\/wp\/v2\/tags?post=228667"}],"curies":[{"name":"wp","href":"https:\/\/api.w.org\/{rel}","templated":true}]}}