{"id":228676,"date":"2025-07-05T17:56:13","date_gmt":"2025-07-05T17:56:13","guid":{"rendered":"https:\/\/www.europesays.com\/fr\/228676\/"},"modified":"2025-07-05T17:56:13","modified_gmt":"2025-07-05T17:56:13","slug":"quand-le-gouverneur-de-la-banque-de-france-sort-une-casquette-inspiree-du-slogan-cher-a-trump","status":"publish","type":"post","link":"https:\/\/www.europesays.com\/fr\/228676\/","title":{"rendered":"quand le gouverneur de la Banque de France sort une casquette inspir\u00e9e du slogan cher \u00e0 Trump"},"content":{"rendered":"<p><strong>VID\u00c9O-<\/strong> Fran\u00e7ois Villeroy de Galhau a appuy\u00e9 son propos sur la souverainet\u00e9 europ\u00e9enne d\u2019un accessoire inspir\u00e9 du slogan \u00abMAGA\u00bb cher \u00e0 Donald Trump, vendredi 4 juillet 2025 lors des Rencontres \u00e9conomiques \u00e0 Aix-en-Provence.<\/p>\n<p class=\"fig-paragraph\">\u00abJe vais prendre une tenue peu gouvernatoriale\u00bb, a pr\u00e9venu\u00a0<a href=\"https:\/\/video.lefigaro.fr\/figaro\/video\/nous-navons-pas-besoin-de-ses-compliments-sur-la-bce-le-gouverneur-de-la-banque-de-france-tacle-donald-trump\/\" target=\"_blank\" data-fig-type=\"Video\" rel=\"noopener\" data-gtm-custom-categorie=\"navigation\" data-gtm-custom-action=\"crossclick\" data-gtm-custom-label=\"Contextuel\" data-gtm-event=\"customEventSPE\" data-fig-domain=\"VIDEO\">Fran\u00e7ois Villeroy de Galhau<\/a>\u00a0ce vendredi aux Rencontres \u00e9conomiques d\u2019Aix-en-Provence. Interrog\u00e9 sur la distinction entre \u00absouverainet\u00e9 et ind\u00e9pendance europ\u00e9enne\u00bb, le gouverneur de la Banque de France a estim\u00e9 que \u00abqu\u2019importe le mot je crois qu\u2019on est tous d\u2019accord sur la chose. La chose c\u2019est qu\u2019il s\u2019agit de mettre l\u2019Europe en t\u00eate, et m\u00eame l\u2019Europe sur la t\u00eate\u00bb.<\/p>\n<p class=\"fig-paragraph\">Fran\u00e7ois Villeroy de Galhau a alors brandi puis rev\u00eatu une casquette vert kaki affichant le slogan \u00abMake Europe Great Again\u00bb [\u00abRendre sa grandeur \u00e0 l\u2019Europe\u00bb, ndlr] en majuscule. Une inscription inspir\u00e9e de l\u2019imp\u00e9rissable devise de Donald Trump, \u00abMake America Great Again\u00bb. Le gouverneur a pr\u00e9cis\u00e9 qu\u2019il s\u2019agissait d\u2019un cadeau d\u2019<a href=\"https:\/\/lecercledeseconomistes.fr\/presentation\/membres-et-auteurs\/auteurs\/andre-loesekrug-pietri\/\" target=\"_blank\" rel=\"nofollow noopener\" data-gtm-custom-categorie=\"navigation\" data-gtm-custom-action=\"crossclick\" data-gtm-custom-label=\"Contextuel\" data-gtm-event=\"customEventSPE\">Andr\u00e9 Loesekrug-Pietri<\/a>, pr\u00e9sident de la Joint European Disruptive Initiative (JEDI), qui vise \u00e0 ce que l\u2019Europe reprenne le leadership sur l\u2019innovation de rupture.<\/p>\n<p>                                    <a class=\"fig-a11y-skip a11y-hidden\" href=\"#fig-a11y-skip-main-inarticle\"><br \/>\n        Passer la publicit\u00e9<br \/>\n    <\/a><\/p>\n<p class=\"fig-paragraph\">Le gouverneur de la Banque de France participait \u00e0 une table ronde autour du sujet \u00abPour une\u00a0<a href=\"http:\/\/www.lefigaro.fr\/conjoncture\/souverainete-europeenne-un-indice-de-resilience-numerique-lance-par-un-collectif-d-entreprises-francaises-20250704\" data-fig-type=\"NewsFlash\" data-gtm-custom-categorie=\"navigation\" data-gtm-custom-action=\"crossclick\" data-gtm-custom-label=\"Contextuel\" data-gtm-event=\"customEventSPE\" data-fig-domain=\"LEFIGARO\" target=\"_blank\" rel=\"noopener\">souverainet\u00e9 europ\u00e9enne<\/a>\u00bb, un enjeu pour lequel il a appel\u00e9 \u00e0 \u00abtransposer ce que nous avons r\u00e9ussi en termes de souverainet\u00e9 mon\u00e9taire en termes de souverainet\u00e9 \u00e9conomique et financi\u00e8re\u00bb. Une nouvelle \u00e9tape qui se doit d\u2019\u00eatre \u00abpolitique, incarn\u00e9e et dynamique\u00bb, selon le gouverneur. Appelant \u00e0 \u00eatre dans un esprit de \u00abconqu\u00eate\u00bb, Fran\u00e7ois Villeroy de Galhau a soulign\u00e9 que le repli protectionniste de l\u2019administration Trump augure une opportunit\u00e9 pour donner un\u00a0<a href=\"http:\/\/www.lefigaro.fr\/conjoncture\/bruno-le-maire-propose-la-mise-en-commun-d-une-partie-des-dettes-des-pays-europeens-pour-creer-un-euro-de-reference-20250419\" data-fig-type=\"NewsFlash\" data-gtm-custom-categorie=\"navigation\" data-gtm-custom-action=\"crossclick\" data-gtm-custom-label=\"Contextuel\" data-gtm-event=\"customEventSPE\" data-fig-domain=\"LEFIGARO\" target=\"_blank\" rel=\"noopener\">r\u00f4le plus cons\u00e9quent \u00e0 l\u2019euro<\/a>\u00a0dans le monde.<\/p>\n","protected":false},"excerpt":{"rendered":"VID\u00c9O- Fran\u00e7ois Villeroy de Galhau a appuy\u00e9 son propos sur la souverainet\u00e9 europ\u00e9enne d\u2019un accessoire inspir\u00e9 du slogan&hellip;\n","protected":false},"author":2,"featured_media":228677,"comment_status":"","ping_status":"","sticky":false,"template":"","format":"standard","meta":{"footnotes":""},"categories":[1586],"tags":[11,1777,674,1011,27,36487,12,25,364],"class_list":{"0":"post-228676","1":"post","2":"type-post","3":"status-publish","4":"format-standard","5":"has-post-thumbnail","7":"category-europe","8":"tag-actualites","9":"tag-eu","10":"tag-europe","11":"tag-fr","12":"tag-france","13":"tag-francois-villeroy-de-galhau","14":"tag-news","15":"tag-republique-francaise","16":"tag-union-europeenne"},"share_on_mastodon":{"url":"https:\/\/pubeurope.com\/@fr\/114801920212402934","error":""},"_links":{"self":[{"href":"https:\/\/www.europesays.com\/fr\/wp-json\/wp\/v2\/posts\/228676","targetHints":{"allow":["GET"]}}],"collection":[{"href":"https:\/\/www.europesays.com\/fr\/wp-json\/wp\/v2\/posts"}],"about":[{"href":"https:\/\/www.europesays.com\/fr\/wp-json\/wp\/v2\/types\/post"}],"author":[{"embeddable":true,"href":"https:\/\/www.europesays.com\/fr\/wp-json\/wp\/v2\/users\/2"}],"replies":[{"embeddable":true,"href":"https:\/\/www.europesays.com\/fr\/wp-json\/wp\/v2\/comments?post=228676"}],"version-history":[{"count":0,"href":"https:\/\/www.europesays.com\/fr\/wp-json\/wp\/v2\/posts\/228676\/revisions"}],"wp:featuredmedia":[{"embeddable":true,"href":"https:\/\/www.europesays.com\/fr\/wp-json\/wp\/v2\/media\/228677"}],"wp:attachment":[{"href":"https:\/\/www.europesays.com\/fr\/wp-json\/wp\/v2\/media?parent=228676"}],"wp:term":[{"taxonomy":"category","embeddable":true,"href":"https:\/\/www.europesays.com\/fr\/wp-json\/wp\/v2\/categories?post=228676"},{"taxonomy":"post_tag","embeddable":true,"href":"https:\/\/www.europesays.com\/fr\/wp-json\/wp\/v2\/tags?post=228676"}],"curies":[{"name":"wp","href":"https:\/\/api.w.org\/{rel}","templated":true}]}}