{"id":228688,"date":"2025-07-05T18:02:09","date_gmt":"2025-07-05T18:02:09","guid":{"rendered":"https:\/\/www.europesays.com\/fr\/228688\/"},"modified":"2025-07-05T18:02:09","modified_gmt":"2025-07-05T18:02:09","slug":"la-possibilite-dune-belle-premiere-rts-ch","status":"publish","type":"post","link":"https:\/\/www.europesays.com\/fr\/228688\/","title":{"rendered":"La possibilit\u00e9 d&rsquo;une belle premi\u00e8re &#8211; rts.ch"},"content":{"rendered":"<p>La 25e \u00e9dition du tournoi de Gstaad offrira-t-elle au public bernois la premi\u00e8re pr\u00e9sence d&rsquo;une paire suisse en finale des dames? Tanja H\u00fcberli\/Leona Kernen et les s\u0153urs Verg\u00e9-D\u00e9pr\u00e9 peuvent l\u2019atteindre dimanche.<\/p>\n<p>Battues par Anouk et Zo\u00e9 Verg\u00e9-D\u00e9pr\u00e9 dans le \u00ab\u00a0round of 12\u00a0\u00bb samedi matin, Tanja H\u00fcberli et Leona Kernen se sont impos\u00e9es 21-17 21-13 devant les Am\u00e9ricaines Terese Cannon et Megan Kraft dans un quart de finale parfaitement ma\u00eetris\u00e9. Quant aux s\u0153urs Verg\u00e9-D\u00e9pr\u00e9, elles ont sign\u00e9 une improbable remont\u00e9e dans le deuxi\u00e8me set de leur rencontre face aux Allemandes Sandra Ittlinger et Anna-Lena Gr\u00fcne. Men\u00e9es 13-5, elles ont finalement gagn\u00e9 21-19 cette seconde manche apr\u00e8s avoir remport\u00e9 21-10 la premi\u00e8re.<\/p>\n<p>Dimanche, les deux s\u0153urs seront oppos\u00e9es aux Am\u00e9ricaines Kristen Nuss et Taryn Brasher, t\u00eates de s\u00e9rie no 1 du tableau et victorieuses en avril dernier de l\u2019Elite 16 de Brasilia. Dans l\u2019autre demi-finale, Tanja H\u00fcberli et Leona Kernen affronteront les Lettonnes Tina Graudina et Anastasija Samoilova qui les ont d\u00e9j\u00e0 battues cette ann\u00e9e. La t\u00e2che propos\u00e9e aux deux paires suisses est relev\u00e9e. Mais peut-\u00eatre pas impossible avec l\u2019appui du public.<\/p>\n<p class=\"sources\">ats\/tzing<\/p>\n","protected":false},"excerpt":{"rendered":"La 25e \u00e9dition du tournoi de Gstaad offrira-t-elle au public bernois la premi\u00e8re pr\u00e9sence d&rsquo;une paire suisse en&hellip;\n","protected":false},"author":2,"featured_media":228689,"comment_status":"","ping_status":"","sticky":false,"template":"","format":"standard","meta":{"footnotes":""},"categories":[1417],"tags":[3062,27306,1011,27,36721,27307,4480,517,60,27311,9621,1470,1632,1469,27315],"class_list":{"0":"post-228688","1":"post","2":"type-post","3":"status-publish","4":"format-standard","5":"has-post-thumbnail","7":"category-volley","8":"tag-autres-sports","9":"tag-beach-volley","10":"tag-fr","11":"tag-france","12":"tag-gstaad","13":"tag-leona-kernen","14":"tag-quart-de-finale","15":"tag-sport","16":"tag-sports","17":"tag-tanja-huberli","18":"tag-tournoi","19":"tag-volley","20":"tag-volley-ball","21":"tag-volleyball","22":"tag-zoe-verge-depre"},"share_on_mastodon":{"url":"https:\/\/pubeurope.com\/@fr\/114801943728619087","error":""},"_links":{"self":[{"href":"https:\/\/www.europesays.com\/fr\/wp-json\/wp\/v2\/posts\/228688","targetHints":{"allow":["GET"]}}],"collection":[{"href":"https:\/\/www.europesays.com\/fr\/wp-json\/wp\/v2\/posts"}],"about":[{"href":"https:\/\/www.europesays.com\/fr\/wp-json\/wp\/v2\/types\/post"}],"author":[{"embeddable":true,"href":"https:\/\/www.europesays.com\/fr\/wp-json\/wp\/v2\/users\/2"}],"replies":[{"embeddable":true,"href":"https:\/\/www.europesays.com\/fr\/wp-json\/wp\/v2\/comments?post=228688"}],"version-history":[{"count":0,"href":"https:\/\/www.europesays.com\/fr\/wp-json\/wp\/v2\/posts\/228688\/revisions"}],"wp:featuredmedia":[{"embeddable":true,"href":"https:\/\/www.europesays.com\/fr\/wp-json\/wp\/v2\/media\/228689"}],"wp:attachment":[{"href":"https:\/\/www.europesays.com\/fr\/wp-json\/wp\/v2\/media?parent=228688"}],"wp:term":[{"taxonomy":"category","embeddable":true,"href":"https:\/\/www.europesays.com\/fr\/wp-json\/wp\/v2\/categories?post=228688"},{"taxonomy":"post_tag","embeddable":true,"href":"https:\/\/www.europesays.com\/fr\/wp-json\/wp\/v2\/tags?post=228688"}],"curies":[{"name":"wp","href":"https:\/\/api.w.org\/{rel}","templated":true}]}}