{"id":228690,"date":"2025-07-05T18:03:12","date_gmt":"2025-07-05T18:03:12","guid":{"rendered":"https:\/\/www.europesays.com\/fr\/228690\/"},"modified":"2025-07-05T18:03:12","modified_gmt":"2025-07-05T18:03:12","slug":"international-tests-matchs-avec-une-18e-defaite-de-rang-face-au-japon-le-pays-de-galles-nage-en-plein-cauchemar","status":"publish","type":"post","link":"https:\/\/www.europesays.com\/fr\/228690\/","title":{"rendered":"International. Tests-matchs \u2013 Avec une 18e d\u00e9faite de rang face au Japon, le pays de Galles nage en plein cauchemar"},"content":{"rendered":"<p>\n                Le pays de Galles continue de broyer du noir. Les joueurs de Matt Sherratt ont compl\u00e8tement craqu\u00e9 en seconde p\u00e9riode et se sont inclin\u00e9s face au Japon (24-19). Les Japonais signent leur huiti\u00e8me victoire de leur histoire face \u00e0 une nation du Tier 1.\n            <\/p>\n<p data-end=\"570\" data-start=\"209\">Rien ne semble pouvoir stopper la spirale n\u00e9gative galloise. Ce samedi \u00e0 Kitakyushu, le XV du Poireau s\u2019est inclin\u00e9 face au Japon (24-19), conc\u00e9dant une 18e d\u00e9faite cons\u00e9cutive, un record historique pour la s\u00e9lection. Pourtant dominateurs en premi\u00e8re p\u00e9riode, les hommes de Matt Sherratt ont vir\u00e9 en t\u00eate \u00e0 la pause (19-7), apr\u00e8s avoir inscrit trois essais et semblaient ma\u00eetriser les d\u00e9bats face \u00e0 une \u00e9quipe japonaise tomb\u00e9e au onzi\u00e8me rang mondial.<\/p>\n<p data-end=\"918\" data-start=\"572\">Mais la seconde p\u00e9riode a vir\u00e9 au cauchemar pour les partenaires de Taulupe Faletau (108 s\u00e9lections). Totalement d\u00e9pass\u00e9s, les Gallois sont rest\u00e9s innofensifs au retour des vestiaires.\u00a0Ils ont encaiss\u00e9 un cinglant 17-0 par les co\u00e9quipiers de Naoto Saito (le demi de m\u00eal\u00e9e toulousain \u00e9tait porteur d\u2019eau pour ce match, ndlr), sans jamais parvenir \u00e0 r\u00e9agir. Le Japon, dirig\u00e9 par Eddie Jones, signe sa premi\u00e8re victoire face \u00e0 une nation du Tournoi des Six Nations depuis 2019, ann\u00e9e de son \u00e9pop\u00e9e en Coupe du monde \u00e0 domicile. C\u2019est \u00e9galement la huiti\u00e8me victoire des Nippons face \u00e0 une nation du Tier 1, apr\u00e8s l\u2019\u00c9cosse en\u00a01989 et\u00a02019, l\u2019Italie en\u00a02014 et\u00a02018, l\u2019Afrique du Sud en 2015, l\u2019Irlande en 2019 et donc le pays de Galles en 2013 puis 2025.<\/p>\n<p data-end=\"1297\" data-start=\"920\">Le pays de Galles, qui ne s\u2019est plus impos\u00e9 depuis\u00a0le 7\u00a0octobre 2023 (victoire contre la G\u00e9orgie lors du Mondial en France), s\u2019enfonce un peu plus dans la crise\u2026 Japonais et Gallois se retrouveront pour une revanche, samedi 12\u00a0juillet \u00e0 7h50 heure fran\u00e7aise.<\/p>\n","protected":false},"excerpt":{"rendered":"Le pays de Galles continue de broyer du noir. Les joueurs de Matt Sherratt ont compl\u00e8tement craqu\u00e9 en&hellip;\n","protected":false},"author":2,"featured_media":228691,"comment_status":"","ping_status":"","sticky":false,"template":"","format":"standard","meta":{"footnotes":""},"categories":[1416],"tags":[1011,27,479,1468,60],"class_list":{"0":"post-228690","1":"post","2":"type-post","3":"status-publish","4":"format-standard","5":"has-post-thumbnail","7":"category-rugby","8":"tag-fr","9":"tag-france","10":"tag-rugby","11":"tag-rugby-football","12":"tag-sports"},"share_on_mastodon":{"url":"https:\/\/pubeurope.com\/@fr\/114801947689821855","error":""},"_links":{"self":[{"href":"https:\/\/www.europesays.com\/fr\/wp-json\/wp\/v2\/posts\/228690","targetHints":{"allow":["GET"]}}],"collection":[{"href":"https:\/\/www.europesays.com\/fr\/wp-json\/wp\/v2\/posts"}],"about":[{"href":"https:\/\/www.europesays.com\/fr\/wp-json\/wp\/v2\/types\/post"}],"author":[{"embeddable":true,"href":"https:\/\/www.europesays.com\/fr\/wp-json\/wp\/v2\/users\/2"}],"replies":[{"embeddable":true,"href":"https:\/\/www.europesays.com\/fr\/wp-json\/wp\/v2\/comments?post=228690"}],"version-history":[{"count":0,"href":"https:\/\/www.europesays.com\/fr\/wp-json\/wp\/v2\/posts\/228690\/revisions"}],"wp:featuredmedia":[{"embeddable":true,"href":"https:\/\/www.europesays.com\/fr\/wp-json\/wp\/v2\/media\/228691"}],"wp:attachment":[{"href":"https:\/\/www.europesays.com\/fr\/wp-json\/wp\/v2\/media?parent=228690"}],"wp:term":[{"taxonomy":"category","embeddable":true,"href":"https:\/\/www.europesays.com\/fr\/wp-json\/wp\/v2\/categories?post=228690"},{"taxonomy":"post_tag","embeddable":true,"href":"https:\/\/www.europesays.com\/fr\/wp-json\/wp\/v2\/tags?post=228690"}],"curies":[{"name":"wp","href":"https:\/\/api.w.org\/{rel}","templated":true}]}}