{"id":228703,"date":"2025-07-05T18:11:09","date_gmt":"2025-07-05T18:11:09","guid":{"rendered":"https:\/\/www.europesays.com\/fr\/228703\/"},"modified":"2025-07-05T18:11:09","modified_gmt":"2025-07-05T18:11:09","slug":"remiremont-romaric-francois-expose-ses-aquarelles","status":"publish","type":"post","link":"https:\/\/www.europesays.com\/fr\/228703\/","title":{"rendered":"Remiremont \u2013 Romaric Fran\u00e7ois expose ses aquarelles"},"content":{"rendered":"<p>\t\t\t<img loading=\"lazy\" width=\"572\" height=\"450\" src=\"https:\/\/www.europesays.com\/fr\/wp-content\/uploads\/2025\/07\/511138127_1364940568414407_8714682259488808913_n-e1751672972389.jpg\" class=\"attachment-apostrophe-2-featured size-apostrophe-2-featured wp-post-image\" alt=\"\" decoding=\"async\" data-attachment-id=\"289168\" data-permalink=\"https:\/\/remiremontvallees.com\/2025\/07\/05\/remiremont-romaric-francois-expose-ses-aquarelles\/511138127_1364940568414407_8714682259488808913_n\/\" data-orig-file=\"https:\/\/i0.wp.com\/remiremontvallees.com\/wp-content\/uploads\/2025\/07\/511138127_1364940568414407_8714682259488808913_n-e1751672972389.jpg?fit=572%2C356&amp;ssl=1\" data-orig-size=\"572,356\" data-comments-opened=\"1\" data-image-meta=\"{&quot;aperture&quot;:&quot;0&quot;,&quot;credit&quot;:&quot;&quot;,&quot;camera&quot;:&quot;&quot;,&quot;caption&quot;:&quot;&quot;,&quot;created_timestamp&quot;:&quot;0&quot;,&quot;copyright&quot;:&quot;&quot;,&quot;focal_length&quot;:&quot;0&quot;,&quot;iso&quot;:&quot;0&quot;,&quot;shutter_speed&quot;:&quot;0&quot;,&quot;title&quot;:&quot;&quot;,&quot;orientation&quot;:&quot;0&quot;}\" data-image-title=\"511138127_1364940568414407_8714682259488808913_n\" data-image-description=\"\" data-image-caption=\"\" data-medium-file=\"https:\/\/i0.wp.com\/remiremontvallees.com\/wp-content\/uploads\/2025\/07\/511138127_1364940568414407_8714682259488808913_n-e1751672972389.jpg?fit=300%2C187&amp;ssl=1\" data-large-file=\"https:\/\/i0.wp.com\/remiremontvallees.com\/wp-content\/uploads\/2025\/07\/511138127_1364940568414407_8714682259488808913_n-e1751672972389.jpg?fit=572%2C356&amp;ssl=1\"\/>\t\t<\/p>\n<p>Le mus\u00e9e Charles de Bruy\u00e8res vous invite \u00e0 d\u00e9couvrir l\u2019univers de Romaric Fran\u00e7ois, aquarelliste et architecte, n\u00e9 \u00e0 Remiremont.<\/p>\n<p>Cette exposition rassemble seize grandes aquarelles r\u00e9alis\u00e9es entre 2010 et 2019, repr\u00e9sentant :<\/p>\n<ul class=\"wp-block-list\">\n<li>Remiremont et les Vosges<\/li>\n<li>La Normandie, la Gironde, Paris, New York<\/li>\n<li>Et un hommage personnel \u00e0 Martial Fran\u00e7ois, son grand-p\u00e8re architecte, comme lui.<\/li>\n<\/ul>\n<p>Au Mus\u00e9e Charles de Bruy\u00e8res du 4 juillet au 30 ao\u00fbt 2025, ouverte du mercredi au dimanche de 10 heures 00 \u00e0 12 heures 00 et de 14 heures 00 \u00e0 18 heures 00.<\/p>\n<p>Entr\u00e9e libre.<\/p>\n<p>\t\t\tPartager cet article sur le r\u00e9seau de votre choix :J\u2019aime \u00e7a\u00a0:<\/p>\n<p>J\u2019aime chargement\u2026<\/p>\n<p><a class=\"sd-link-color\"\/><\/p>\n<p>\n\tArticles similaires<\/p>\n","protected":false},"excerpt":{"rendered":"Le mus\u00e9e Charles de Bruy\u00e8res vous invite \u00e0 d\u00e9couvrir l\u2019univers de Romaric Fran\u00e7ois, aquarelliste et architecte, n\u00e9 \u00e0&hellip;\n","protected":false},"author":2,"featured_media":228704,"comment_status":"","ping_status":"","sticky":false,"template":"","format":"standard","meta":{"footnotes":""},"categories":[1358],"tags":[1348,1384,1385,1386,58,59,1011,27],"class_list":{"0":"post-228703","1":"post","2":"type-post","3":"status-publish","4":"format-standard","5":"has-post-thumbnail","7":"category-arts-et-design","8":"tag-arts","9":"tag-arts-and-design","10":"tag-arts-et-design","11":"tag-design","12":"tag-divertissement","13":"tag-entertainment","14":"tag-fr","15":"tag-france"},"share_on_mastodon":{"url":"https:\/\/pubeurope.com\/@fr\/114801979120124508","error":""},"_links":{"self":[{"href":"https:\/\/www.europesays.com\/fr\/wp-json\/wp\/v2\/posts\/228703","targetHints":{"allow":["GET"]}}],"collection":[{"href":"https:\/\/www.europesays.com\/fr\/wp-json\/wp\/v2\/posts"}],"about":[{"href":"https:\/\/www.europesays.com\/fr\/wp-json\/wp\/v2\/types\/post"}],"author":[{"embeddable":true,"href":"https:\/\/www.europesays.com\/fr\/wp-json\/wp\/v2\/users\/2"}],"replies":[{"embeddable":true,"href":"https:\/\/www.europesays.com\/fr\/wp-json\/wp\/v2\/comments?post=228703"}],"version-history":[{"count":0,"href":"https:\/\/www.europesays.com\/fr\/wp-json\/wp\/v2\/posts\/228703\/revisions"}],"wp:featuredmedia":[{"embeddable":true,"href":"https:\/\/www.europesays.com\/fr\/wp-json\/wp\/v2\/media\/228704"}],"wp:attachment":[{"href":"https:\/\/www.europesays.com\/fr\/wp-json\/wp\/v2\/media?parent=228703"}],"wp:term":[{"taxonomy":"category","embeddable":true,"href":"https:\/\/www.europesays.com\/fr\/wp-json\/wp\/v2\/categories?post=228703"},{"taxonomy":"post_tag","embeddable":true,"href":"https:\/\/www.europesays.com\/fr\/wp-json\/wp\/v2\/tags?post=228703"}],"curies":[{"name":"wp","href":"https:\/\/api.w.org\/{rel}","templated":true}]}}