{"id":228707,"date":"2025-07-05T18:13:10","date_gmt":"2025-07-05T18:13:10","guid":{"rendered":"https:\/\/www.europesays.com\/fr\/228707\/"},"modified":"2025-07-05T18:13:10","modified_gmt":"2025-07-05T18:13:10","slug":"jarry-revient-sur-tf1-ara-aprikian-le-numero-2-du-groupe-devoile-ses-projets-pour-la-rentree","status":"publish","type":"post","link":"https:\/\/www.europesays.com\/fr\/228707\/","title":{"rendered":"\u00ab\u00a0Jarry revient sur TF1\u00a0\u00bb\u00a0: Ara Aprikian, le num\u00e9ro\u00a02 du groupe, d\u00e9voile ses projets pour la rentr\u00e9e"},"content":{"rendered":"<p class=\"paragraph text_align_left lp-f-body-02\">C\u2019est un Ara Aprikian d\u00e9tendu que nous retrouvons cette semaine au dernier \u00e9tage de la tour TF1 \u00e0 Boulogne-Billancourt (Hauts-de-Seine). Le directeur des contenus du groupe priv\u00e9 boucle une saison marquant le <a href=\"https:\/\/www.leparisien.fr\/culture-loisirs\/tv\/audiences-affaire-ppda-scoops-fake-news-cinq-stars-de-tf-1-se-confient-a-nos-lecteurs-19-01-2025-F6P7QMPRXZEPND4ID3UCDCIJA4.php\" target=\"_blank\" rel=\"noreferrer nofollow noopener\">50e anniversaire de la Une<\/a>, toujours large leader des audiences de la t\u00e9l\u00e9vision fran\u00e7aise. Une ann\u00e9e charni\u00e8re lors de laquelle TF1 a encore acc\u00e9l\u00e9r\u00e9 la \u00ab plate-formisation \u00bb de son offre de programmes en lan\u00e7ant notamment un quatri\u00e8me feuilleton quotidien pour booster son service <a href=\"https:\/\/www.leparisien.fr\/culture-loisirs\/tf1-plus\/\" target=\"_self\" rel=\"nofollow noopener\">TF1+<\/a>, tout en signant un <a href=\"https:\/\/www.leparisien.fr\/culture-loisirs\/tv\/tf-1-bientot-disponible-sur-netflix-cinq-minutes-pour-comprendre-cette-petite-revolution-televisuelle-18-06-2025-ANYDOVB65JGZJODPOZZADGO2II.php\" target=\"_blank\" rel=\"noreferrer nofollow noopener\">partenariat de distribution in\u00e9dit avec Netflix<\/a>. C\u00f4t\u00e9 programmes, le groupe entend aussi miser sur plusieurs \u00ab s\u00e9ries de prestige \u00bb ou le grand retour de Jarry la saison prochaine.<\/p>\n<p class=\"paragraph text_align_left lp-f-body-02\"><b>Quel bilan faites-vous de la saison \u00e9coul\u00e9e ?<\/b><\/p>\n","protected":false},"excerpt":{"rendered":"C\u2019est un Ara Aprikian d\u00e9tendu que nous retrouvons cette semaine au dernier \u00e9tage de la tour TF1 \u00e0&hellip;\n","protected":false},"author":2,"featured_media":228708,"comment_status":"","ping_status":"","sticky":false,"template":"","format":"standard","meta":{"footnotes":""},"categories":[1356],"tags":[872,58,59,1011,27,252,2205,1364],"class_list":{"0":"post-228707","1":"post","2":"type-post","3":"status-publish","4":"format-standard","5":"has-post-thumbnail","7":"category-television","8":"tag-culture-et-loisirs","9":"tag-divertissement","10":"tag-entertainment","11":"tag-fr","12":"tag-france","13":"tag-television","14":"tag-television-medias","15":"tag-tv"},"share_on_mastodon":{"url":"https:\/\/pubeurope.com\/@fr\/114801987003872312","error":""},"_links":{"self":[{"href":"https:\/\/www.europesays.com\/fr\/wp-json\/wp\/v2\/posts\/228707","targetHints":{"allow":["GET"]}}],"collection":[{"href":"https:\/\/www.europesays.com\/fr\/wp-json\/wp\/v2\/posts"}],"about":[{"href":"https:\/\/www.europesays.com\/fr\/wp-json\/wp\/v2\/types\/post"}],"author":[{"embeddable":true,"href":"https:\/\/www.europesays.com\/fr\/wp-json\/wp\/v2\/users\/2"}],"replies":[{"embeddable":true,"href":"https:\/\/www.europesays.com\/fr\/wp-json\/wp\/v2\/comments?post=228707"}],"version-history":[{"count":0,"href":"https:\/\/www.europesays.com\/fr\/wp-json\/wp\/v2\/posts\/228707\/revisions"}],"wp:featuredmedia":[{"embeddable":true,"href":"https:\/\/www.europesays.com\/fr\/wp-json\/wp\/v2\/media\/228708"}],"wp:attachment":[{"href":"https:\/\/www.europesays.com\/fr\/wp-json\/wp\/v2\/media?parent=228707"}],"wp:term":[{"taxonomy":"category","embeddable":true,"href":"https:\/\/www.europesays.com\/fr\/wp-json\/wp\/v2\/categories?post=228707"},{"taxonomy":"post_tag","embeddable":true,"href":"https:\/\/www.europesays.com\/fr\/wp-json\/wp\/v2\/tags?post=228707"}],"curies":[{"name":"wp","href":"https:\/\/api.w.org\/{rel}","templated":true}]}}